{"id":123,"date":"2010-04-20T01:46:04","date_gmt":"2010-04-19T23:46:04","guid":{"rendered":"http:\/\/www.kjv-harheim.de\/?p=123"},"modified":"2016-07-05T14:36:49","modified_gmt":"2016-07-05T12:36:49","slug":"gedanken-zur-100-jahr-feier","status":"publish","type":"post","link":"http:\/\/www.kjv-harheim.de\/index.php\/2010\/04\/20\/gedanken-zur-100-jahr-feier\/","title":{"rendered":"Gedanken zur 100 Jahre Feier"},"content":{"rendered":"<p>Einf\u00fchrung 3 K\u00f6nige, 100 Jahre KJV<\/p>\n<p>Liebe Schwestern und Br\u00fcder,<\/p>\n<p>liebe Kinder,<\/p>\n<p>Erscheinung des Herrn, Hl. 3 K\u00f6nige, Weise aus dem Morgenland, wie wir dieses Fest auch nennen. 3 Menschen sind aufgebrochen, haben Sturm, Sonnenschein, K\u00e4lte und Hitze erduldet, um nach dem neugeborenen K\u00f6nig zu suchen.<\/p>\n<p>Nichts hat sie aufgehalten, sie haben sich nicht abbringen lassen ihr Ziel zu erreichen. Freilich, Gott half ihnen aufihrem Weg, ein Stern ging vor ihnen her. So fanden sie ihr Ziel und beteten das Kind an. Gott hat sie zu seinem Sohn gef\u00fchrt.<\/p>\n<p>Von diesem Gedanken, \u201e Gott will uns zu seinem Sohn f\u00fchren\u201c, haben sich 1909 + 1919 M\u00e4nner und Jugendliche mit Pfr. Hermes getroffen. Pfr. Hermes war damals Pfr. in Harheim.<\/p>\n<p>Die Idee, die er mit der Gr\u00fcndung des Jugendvereines hatte, war ein Zusammenhalt der Jugend der Pfarrei, sowie die religi\u00f6se, geistige und sozialen Ziele der kath. Kirche bei der Jugend zu verst\u00e4rken und zu festigen. Es ging damals darum jungen Menschen, die auf der Suche nach Ziel und Sinn des Lebens sind, im Verein eine Perspektiveaufzuzeigen.<\/p>\n<p>Wie wichtig diese christliche Ziel \u2013 und Sinngebung ist, zeigte sichw\u00e4hrend der Nazidiktatur. Der KJV wurde verboten. Die damaligen Verantwortlichen im Staat wollten nicht, dass die Jugend \u00fcber das Ziel des Lebens nachdenkt, sondern sie wollten ihnenVorgeben, was die Jugend Deutschlands zu denken hat.<\/p>\n<p>Wohin diese Denkweise f\u00fchrt, zeigte sich als das 1000 j\u00e4hrige Reich nach 12 Jahren beendet wurde.<\/p>\n<p>Gleich danach waren wieder Erwachsene da, die w\u00e4hrend der Nazizeit im Hintergrund oder Untergrund gewirkt und den Verein wiederins Leben riefen. Trotz Verbot waren die Ziele des Vereins nie erloschen.<\/p>\n<p>Mit neuem Eifer, neuem Elan begann der Verein wieder \u00f6ffentlich zu leben.<\/p>\n<p>Das ist die Zeit, wo ich in den Verein eintrat. Nach der Erstkommunion erlernte ich dasSpiel auf der Querfl\u00f6te und wurde dann in den Spielmannszug eingegliedert.<\/p>\n<p>Doch nicht das mitspielen im Spielmannszug war das ausschlaggebende, sondern der geistige Rahmen, der im KJV herrschte.<\/p>\n<p>Diese gemeinsame Gesinnung, die auf der Suche nach Gemeinschaft, nach einem Ziel des Lebens ausgerichtet war, bestimmte in der Kindheit und Jugendzeit mein Leben. Hier f\u00fchlte ich mich wohl, hier hatte ich meine geistige Heimat.<\/p>\n<p>Das waren die Jahre, die mich und meine Freunde damals pr\u00e4gten und erkennen lie\u00dfen, die Botschaft Jesu und ihr zu folgen, ergibt erst den Sinn des Lebens. Wohin das f\u00fchrte, sehen sie hier, als Diakon darf ich heute vor ihnen stehen. Ich glaube sagen zu d\u00fcrfen, ohne die pr\u00e4gende Zeit im Verein w\u00e4re ich es nie geworden. Dass dies kein Einzelfall ist zeigt auch, dass aus unseren Reihen Pater Dieter Lieblein hervorging.<\/p>\n<p>Weiterhin sind die Mitglieder des KJV in allen Gremien der Pfarrgemeinde t\u00e4tig.<\/p>\n<p>Es gibt keine Gruppierung wo nicht Frauen, M\u00e4nner, Jugendliche und Kinder aktiv in der Pfarrei mitwirken. Ob Verwaltungsrat PfarrgemeinderatGruppenleiter\/innen,Lektoren,Kommunionhelfer,Kirchenchor, Scola, Messdiener usw.<\/p>\n<p>Heute ist der Verein in vielen Gruppierungen verzweigt. Es wird gro\u00dfes in der Jugendarbeit geleistet. Die Frage, die ich uns allen mit auf den Weg gebe: \u201e Wie f\u00fchren wir heute unsere Kinder und Jugendliche im Verein zu einer wahren Sinngebung ihres Lebens. Wo finden wir den Gr\u00fcndungsauftrag wieder , der Jugend das Fundament zu geben, auf dem sie ihr Lebenaufbauen kann?\u201c<\/p>\n<p>Wie die 3 Sterndeuter den Stern als Wegzeichen hatten, und ihm folgten, so m\u00fcssen wir Erwachsene, Sterne, Wegzeichen f\u00fcr unsere Jugendlichen und Kinder sein.<\/p>\n<p>Worin wir dabei versagt haben, bitten wir Gott um Vergebung.<\/p>\n","protected":false},"excerpt":{"rendered":"<p>Einf\u00fchrung 3 K\u00f6nige, 100 Jahre KJV Liebe Schwestern und Br\u00fcder, liebe Kinder, Erscheinung des Herrn, Hl. 3 K\u00f6nige, Weise aus dem Morgenland, wie wir dieses Fest auch nennen. 3 Menschen sind aufgebrochen, haben Sturm, Sonnenschein, K\u00e4lte und Hitze erduldet, um nach dem neugeborenen K\u00f6nig zu suchen. Nichts hat sie aufgehalten, sie haben sich nicht abbringen [&hellip;]<\/p>\n","protected":false},"author":1,"featured_media":0,"comment_status":"closed","ping_status":"closed","sticky":false,"template":"","format":"standard","meta":{"jetpack_post_was_ever_published":false,"jetpack_publicize_message":"","jetpack_is_tweetstorm":false,"jetpack_publicize_feature_enabled":true,"jetpack_social_post_already_shared":false,"jetpack_social_options":{"image_generator_settings":{"template":"highway","enabled":false}}},"categories":[38],"tags":[58],"jetpack_publicize_connections":[],"jetpack_featured_media_url":"","jetpack_sharing_enabled":true,"jetpack_shortlink":"https:\/\/wp.me\/p7HeFu-1Z","jetpack-related-posts":[{"id":3678,"url":"http:\/\/www.kjv-harheim.de\/index.php\/2010\/07\/05\/100-jahre-kjv-akademische-feier\/","url_meta":{"origin":123,"position":0},"title":"100 Jahre KJV \u2013 Akademische Feier","date":"5. Juli 2010","format":false,"excerpt":"100 Jahre KJV \u2013 Akademische Feier am 11.06.2010 Am 11.06. wurde es also ernst: nach \u00fcber 2 Jahren Planung, Ideensammlung und Entscheidungsfindung stand nach dem Gr\u00fcndungstag am 06.01.2010 nun die erste \u201eNagelprobe\u201c f\u00fcr das 100j\u00e4hrige Vereinsjubil\u00e4um an. Viele Vereine und Organisationen hatten wir im Vorfeld zu diesem festlichen Abend eingeladen.\u2026","rel":"","context":"In &quot;100Jahre KJV&quot;","img":{"alt_text":"","src":"","width":0,"height":0},"classes":[]},{"id":3684,"url":"http:\/\/www.kjv-harheim.de\/index.php\/2010\/09\/04\/sonntag\/","url_meta":{"origin":123,"position":1},"title":"100 Jahre KJV \u2013 Sonntag","date":"4. September 2010","format":false,"excerpt":"Festwochenende \u2013 Sonntag, 27.06.2010 Nun lag also auch der Samstagabend schon hinter uns, und bereits am fr\u00fchen Morgen trafen sich die Helfer wieder, um das Zelt und die B\u00fchne f\u00fcr den Festgottesdienst zu schm\u00fccken und zu dekorieren. Um 10 Uhr fand mit einem feierlichen Einzug beginnend eine wundervolle Messe statt.\u2026","rel":"","context":"In &quot;100Jahre KJV&quot;","img":{"alt_text":"","src":"","width":0,"height":0},"classes":[]},{"id":7012,"url":"http:\/\/www.kjv-harheim.de\/index.php\/2022\/03\/04\/friedenstreffen-sonntag-6-3-17-30-uhr-alter-kirchplatz-in-harheim\/","url_meta":{"origin":123,"position":2},"title":"Friedenstreffen, Sonntag 6.3., 17.30 Uhr , Alter Kirchplatz in Harheim","date":"4. M\u00e4rz 2022","format":false,"excerpt":"Liebe KJV Mitglieder, liebe Harheimerinnen und Harheimer, liebe Freunde, der Krieg in der Ukraine besch\u00e4ftigt und \u00e4ngstigt uns alle. In Gedanken sind wir bei den direkt betroffenen Menschen und ihren Schicksalen. Viele von uns haben schon Beitr\u00e4ge zur Hilfe geleistet und werden das auch weiterhin tun. Gleichzeitig hoffen wir, dass\u2026","rel":"","context":"In &quot;Allgemein&quot;","img":{"alt_text":"","src":"","width":0,"height":0},"classes":[]},{"id":7036,"url":"http:\/\/www.kjv-harheim.de\/index.php\/2022\/03\/09\/termine-termine-termine\/","url_meta":{"origin":123,"position":3},"title":"Termine Termine Termine","date":"9. M\u00e4rz 2022","format":false,"excerpt":"Seitens des Vorstands k\u00fcmmern wir uns gerade um folgende Aktivit\u00e4ten und Veranstaltungen. Pandemiebedingt stehen die Planungen (leider) stets \"unter Vorbehalt\" - wir haben die Infektionslage hierbei immer im Blick. Jahreshauptversammlung mit Vorstandswahlen *Terminverschiebung*-der Termin (urspr\u00fcnglich f\u00fcr den 22.04. geplant) wurde verschoben!-die Jahreshauptversammlung findet nun am Mittwoch, 06.07.2022 statt-Einladungen und weitere\u2026","rel":"","context":"In &quot;Allgemein&quot;","img":{"alt_text":"","src":"","width":0,"height":0},"classes":[]},{"id":3702,"url":"http:\/\/www.kjv-harheim.de\/index.php\/2010\/07\/05\/rom-2010\/","url_meta":{"origin":123,"position":4},"title":"Rom 2010","date":"5. Juli 2010","format":false,"excerpt":"Unsere Fahrt nach Rom 09.-13.10.2010 Samstag Ein Blick in den Kalender verr\u00e4t: 09. Oktober 2010, 3 Uhr in der Fr\u00fch, der Wecker klingelt - na bravo. Heute hei\u00dft es f\u00fcr alle Romreisenden \u201efr\u00fch aufstehen\", denn um 5 Uhr f\u00e4hrt der Bus zum Frankfurter Flughafen in Harheim ab. Als Gruppe bekommen\u2026","rel":"","context":"In &quot;Ausfl\u00fcge&quot;","img":{"alt_text":"","src":"https:\/\/i0.wp.com\/www.kjv-harheim.de\/wp-content\/uploads\/2010\/07\/Rom-2010-53.jpg?resize=350%2C200","width":350,"height":200},"classes":[]},{"id":3682,"url":"http:\/\/www.kjv-harheim.de\/index.php\/2010\/08\/03\/samstag\/","url_meta":{"origin":123,"position":5},"title":"100 Jahre KJV \u2013 Samstag","date":"3. August 2010","format":false,"excerpt":"Festwochenende \u2013 Samstag, 26.06.2010 Kaum hatte der HR noch in der Nacht von Freitag auf Samstag die Technik wieder komplett verstaut und abtransportiert, begannen f\u00fcr uns schon wieder die Vorbereitungen f\u00fcr den Festsamstag. Zahlreiche Aktivit\u00e4ten und Attraktionen standen auf dem Programm und bedurften letzter Handgriffe: bereits am Mittag r\u00fcckte die\u2026","rel":"","context":"In &quot;100Jahre KJV&quot;","img":{"alt_text":"","src":"","width":0,"height":0},"classes":[]}],"_links":{"self":[{"href":"http:\/\/www.kjv-harheim.de\/index.php\/wp-json\/wp\/v2\/posts\/123"}],"collection":[{"href":"http:\/\/www.kjv-harheim.de\/index.php\/wp-json\/wp\/v2\/posts"}],"about":[{"href":"http:\/\/www.kjv-harheim.de\/index.php\/wp-json\/wp\/v2\/types\/post"}],"author":[{"embeddable":true,"href":"http:\/\/www.kjv-harheim.de\/index.php\/wp-json\/wp\/v2\/users\/1"}],"replies":[{"embeddable":true,"href":"http:\/\/www.kjv-harheim.de\/index.php\/wp-json\/wp\/v2\/comments?post=123"}],"version-history":[{"count":1,"href":"http:\/\/www.kjv-harheim.de\/index.php\/wp-json\/wp\/v2\/posts\/123\/revisions"}],"predecessor-version":[{"id":3481,"href":"http:\/\/www.kjv-harheim.de\/index.php\/wp-json\/wp\/v2\/posts\/123\/revisions\/3481"}],"wp:attachment":[{"href":"http:\/\/www.kjv-harheim.de\/index.php\/wp-json\/wp\/v2\/media?parent=123"}],"wp:term":[{"taxonomy":"category","embeddable":true,"href":"http:\/\/www.kjv-harheim.de\/index.php\/wp-json\/wp\/v2\/categories?post=123"},{"taxonomy":"post_tag","embeddable":true,"href":"http:\/\/www.kjv-harheim.de\/index.php\/wp-json\/wp\/v2\/tags?post=123"}],"curies":[{"name":"wp","href":"https:\/\/api.w.org\/{rel}","templated":true}]}}