{"id":215,"date":"2012-04-20T09:49:20","date_gmt":"2012-04-20T07:49:20","guid":{"rendered":"http:\/\/www.kjv-harheim.de\/?p=215"},"modified":"2019-03-17T13:13:18","modified_gmt":"2019-03-17T12:13:18","slug":"musikzug","status":"publish","type":"post","link":"http:\/\/www.kjv-harheim.de\/index.php\/2012\/04\/20\/musikzug\/","title":{"rendered":"Was macht denn der Musikzug so?"},"content":{"rendered":"<p>Der Musikzug besteht aus rund 20 Aktiven an den Instrumenten Schlagzeug, Querfl\u00f6te, Klarinette, Saxophon, Trompete, Tenorhorn und Tuba. \u00dcber jeden Neuzugang freuen wir uns nat\u00fcrlich! Das Repertoire des Musikzuges deckt ein breites Feld an Musikrichtungen ab. F\u00fcr die Musiker besteht die M\u00f6glichkeit, sich aktiv an der Auswahl der Musikst\u00fccke\u00a0 zu beteiligen. Die Aktivit\u00e4ten des Musikzuges erstrecken sich \u00fcber Platzkonzerte, St\u00e4ndchen, Festumz\u00fcge bis hin zu Gottesdienstmitgestaltungen.<\/p>\n<p>Habt Ihr Interesse mitzumachen oder auch nur mal vorbeizuschauen: Unsere \u00dcbungsstunde findet immer mittwochs ab 19:00 Uhr im B\u00fcrgerhaus statt. Gerne k\u00f6nnt ihr uns auch eine Mail schreiben, wenn Ihr Interesse oder Fragen habt. Schreibt an: <a href=\"mailto:Musikzug@kjv-harheim.de\">Musikzug@kjv-harheim.de<\/a><\/p>\n<p>musikalische Fr\u00fcherziehung :<\/p>\n<p>Den Kleinsten ab 6 Jahren erm\u00f6glichen wir durch einen Blockfl\u00f6tenkurs den spielerischen Zugang zur Welt der Noten und T\u00f6ne. Im Anschluss bieten wir Kindern mit musikalischen Grundkenntnissen eine Ausbildung an einem Musikinstrument ihrer Wahl und M\u00f6glichkeiten, mit dem Ziel zur \u00dcbernahme in den Musikzug des KJV.<\/p>\n<div><\/div>\n","protected":false},"excerpt":{"rendered":"<p>Der Musikzug besteht aus rund 20 Aktiven an den Instrumenten Schlagzeug, Querfl\u00f6te, Klarinette, Saxophon, Trompete, Tenorhorn und Tuba. \u00dcber jeden Neuzugang freuen wir uns nat\u00fcrlich! Das Repertoire des Musikzuges deckt ein breites Feld an Musikrichtungen ab. F\u00fcr die Musiker besteht die M\u00f6glichkeit, sich aktiv an der Auswahl der Musikst\u00fccke\u00a0 zu beteiligen. Die Aktivit\u00e4ten des Musikzuges [&hellip;]<\/p>\n","protected":false},"author":1,"featured_media":0,"comment_status":"closed","ping_status":"closed","sticky":false,"template":"","format":"standard","meta":{"jetpack_post_was_ever_published":false,"jetpack_publicize_message":"","jetpack_is_tweetstorm":false,"jetpack_publicize_feature_enabled":true,"jetpack_social_post_already_shared":false,"jetpack_social_options":{"image_generator_settings":{"template":"highway","enabled":false}}},"categories":[46],"tags":[57],"jetpack_publicize_connections":[],"jetpack_featured_media_url":"","jetpack_sharing_enabled":true,"jetpack_shortlink":"https:\/\/wp.me\/s7HeFu-musikzug","jetpack-related-posts":[{"id":5503,"url":"http:\/\/www.kjv-harheim.de\/index.php\/2017\/11\/02\/der-kjv-musikzug-in-altleiningen\/","url_meta":{"origin":215,"position":0},"title":"Der KJV Musikzug in Altleiningen","date":"2. November 2017","format":false,"excerpt":"Probenwochenende 27. bis 29. Oktober 2017 nach Altleiningen Am 27. Oktober erreichten 24 Musiker, nach einer staureichen Anfahrt, die Jugendherberge Altleiningen um dort das Probenwochenende 2017 zu verbringen. An diesem Wochenende sollten die St\u00fccke f\u00fcr den Familiennachmittag noch einmal intensiv geprobt werden. Aber auch die \u201ekleinen\u201c Musiker bekamen die Gelegenheit\u2026","rel":"","context":"In &quot;Ausfl\u00fcge&quot;","img":{"alt_text":"","src":"https:\/\/i0.wp.com\/www.kjv-harheim.de\/wp-content\/uploads\/2017\/11\/01_altleiningen_portrait.jpg?resize=350%2C200","width":350,"height":200},"classes":[]},{"id":4137,"url":"http:\/\/www.kjv-harheim.de\/index.php\/2016\/07\/07\/rekordjagd-am-09-07-2016-und-der-kjv-musikzug-ist-dabei\/","url_meta":{"origin":215,"position":1},"title":"Rekordjagd am 09.07.2016 &#8211; und der KJV Musikzug ist dabei","date":"7. Juli 2016","format":false,"excerpt":"Unter dem Motto \"Wir f\u00fcllen das Stadion\" wird es am 09.07. in der Commerzbank-Arena einen Rekordversuch geben, 10.000 Teilnehmer zum gemeinsamen Musizieren zusammen zu bringen. Der KJV Musikzug beteiligt sich an der dieser Rekordjagd. Wir dr\u00fccken nat\u00fcrlich die Daumen, dass wir den alten Rekord einstellen k\u00f6nnen.","rel":"","context":"In &quot;+++ NEWS +++&quot;","img":{"alt_text":"","src":"","width":0,"height":0},"classes":[]},{"id":6492,"url":"http:\/\/www.kjv-harheim.de\/index.php\/2020\/04\/08\/terrassenkonzert-in-harheim\/","url_meta":{"origin":215,"position":2},"title":"Terrassenkonzert in Harheim","date":"8. April 2020","format":false,"excerpt":"Sonntags nachmittags um 18:15 Uhr veranstaltet der Musikzug des KJV mit dem Musikverein Harheim und allen interessierten Musikern Terrassen-, Balkon und Fensterkonzerte. Dadurch sollen die Lieder in ganz Harheim zu h\u00f6ren sein. Wir hoffen damit in der Nachbarschaft ein wenig Freude zu verbreiten.\u00a0 Falls jemand mitmachen m\u00f6chte und die Noten\u2026","rel":"","context":"In &quot;+++ NEWS +++&quot;","img":{"alt_text":"","src":"https:\/\/i0.wp.com\/www.kjv-harheim.de\/wp-content\/uploads\/2020\/04\/A0D29DB3-F07A-4AB3-BB0C-74A4F8799A96-300x240.png?resize=350%2C200","width":350,"height":200},"classes":[]},{"id":3686,"url":"http:\/\/www.kjv-harheim.de\/index.php\/2013\/07\/05\/einmal-bad-hersfeld-und-zurueck\/","url_meta":{"origin":215,"position":3},"title":"Einmal Bad Hersfeld und zur\u00fcck","date":"5. Juli 2013","format":false,"excerpt":"Auch in diesem Jahr organisierte Der KJV-Musikzug wieder einen Wochenendausflug. Diesmal war das Ziel Bad Hersfeld. Los ging es am Freitagnachmittag an der Bleiche. Die ca. 32 Teilnehmer standen p\u00fcnktlich um 15:00 Uhr mit mehr oder weniger \"handlichem\" Gep\u00e4ck zur Abfahrt bereit. Schnell waren Gep\u00e4ck, Instrumente Kids und Fahrer auf\u2026","rel":"","context":"In &quot;Ausfl\u00fcge&quot;","img":{"alt_text":"","src":"","width":0,"height":0},"classes":[]},{"id":459,"url":"http:\/\/www.kjv-harheim.de\/index.php\/2012\/05\/19\/brunnenfest-mal-anders\/","url_meta":{"origin":215,"position":4},"title":"Brunnenfest mal &#8222;anders&#8220;","date":"19. Mai 2012","format":false,"excerpt":"Vielen wird es aufgefallen sein... Das Brunnenfest 2012 hatte ein komplett neues Konzept. Zusammen mit der Harheimer Feuerwehr, dem Harheimer Musikverein und der\u00a0Firma ASound & Light hat der KJV dieses Jahr eine komplett\u00a0neue Idee umgesetzt. Kein gro\u00dfes Festzelt, sondern mehrere Sitzgruppen verteilt \u00fcber den ganzen Platz, gro\u00dfe Sonnenschirme,\u00a0sowie eine \"Open\u2026","rel":"","context":"In &quot;Feste&quot;","img":{"alt_text":"","src":"","width":0,"height":0},"classes":[]},{"id":8119,"url":"http:\/\/www.kjv-harheim.de\/index.php\/2024\/11\/13\/familiennachmittag-2024-mit-neuem-konzept\/","url_meta":{"origin":215,"position":5},"title":"Familiennachmittag 2024 mit neuem Konzept","date":"13. November 2024","format":false,"excerpt":"Am Sonntag den 3.11.24 luden wir Mitglieder mit ihren Angeh\u00f6rigen und Freunde des KJV zu unserem Familiennachmittag im B\u00fcrgerhaus ein. In den letzten Jahren sank das Interesse an unserem (etwas in die Jahre gekommenen) Vereinstreffen und so war es ein recht kleines KJV-Familientreffen in 2023.Im letzten Jahr war es uns\u2026","rel":"","context":"In &quot;Allgemein&quot;","img":{"alt_text":"","src":"https:\/\/i0.wp.com\/www.kjv-harheim.de\/wp-content\/uploads\/2024\/11\/2-scaled.jpg?resize=350%2C200","width":350,"height":200},"classes":[]}],"_links":{"self":[{"href":"http:\/\/www.kjv-harheim.de\/index.php\/wp-json\/wp\/v2\/posts\/215"}],"collection":[{"href":"http:\/\/www.kjv-harheim.de\/index.php\/wp-json\/wp\/v2\/posts"}],"about":[{"href":"http:\/\/www.kjv-harheim.de\/index.php\/wp-json\/wp\/v2\/types\/post"}],"author":[{"embeddable":true,"href":"http:\/\/www.kjv-harheim.de\/index.php\/wp-json\/wp\/v2\/users\/1"}],"replies":[{"embeddable":true,"href":"http:\/\/www.kjv-harheim.de\/index.php\/wp-json\/wp\/v2\/comments?post=215"}],"version-history":[{"count":4,"href":"http:\/\/www.kjv-harheim.de\/index.php\/wp-json\/wp\/v2\/posts\/215\/revisions"}],"predecessor-version":[{"id":6204,"href":"http:\/\/www.kjv-harheim.de\/index.php\/wp-json\/wp\/v2\/posts\/215\/revisions\/6204"}],"wp:attachment":[{"href":"http:\/\/www.kjv-harheim.de\/index.php\/wp-json\/wp\/v2\/media?parent=215"}],"wp:term":[{"taxonomy":"category","embeddable":true,"href":"http:\/\/www.kjv-harheim.de\/index.php\/wp-json\/wp\/v2\/categories?post=215"},{"taxonomy":"post_tag","embeddable":true,"href":"http:\/\/www.kjv-harheim.de\/index.php\/wp-json\/wp\/v2\/tags?post=215"}],"curies":[{"name":"wp","href":"https:\/\/api.w.org\/{rel}","templated":true}]}}