{"id":3682,"date":"2010-08-03T12:43:40","date_gmt":"2010-08-03T10:43:40","guid":{"rendered":"http:\/\/www.kjv-harheim.de\/?p=3682"},"modified":"2016-07-05T14:38:13","modified_gmt":"2016-07-05T12:38:13","slug":"samstag","status":"publish","type":"post","link":"http:\/\/www.kjv-harheim.de\/index.php\/2010\/08\/03\/samstag\/","title":{"rendered":"100 Jahre KJV \u2013 Samstag"},"content":{"rendered":"<h3><span style=\"color: #800080;\">Festwochenende \u2013 Samstag, 26.06.2010<\/span><\/h3>\n<p>Kaum hatte der HR noch in der Nacht von Freitag auf Samstag die Technik wieder komplett verstaut und abtransportiert, begannen f\u00fcr uns schon wieder die Vorbereitungen f\u00fcr den Festsamstag. Zahlreiche Aktivit\u00e4ten und Attraktionen standen auf dem Programm und bedurften letzter Handgriffe: bereits am Mittag r\u00fcckte die n\u00e4chste Technik-Crew an, um f\u00fcr die \u201eBayerischen Hiatamadln\u201c die Ausr\u00fcstung aufzubauen. Au\u00dferdem kamen Gewerbetreibende aus Harheim, um in einer kleinen aber feinen Firmenschau sich und ihre Leistungen und Angebote den interessierten Besuchern zu pr\u00e4sentieren.<\/p>\n<p>Auch f\u00fcr die J\u00fcngsten war der Samstagmittag ein besonderer H\u00f6hepunkt: Clown Klinki kam zum Basteln, Zaubern und Quatschmachen vorbei. Es wurden au\u00dferdem ein B\u00e4llebad und ein Astronautentrainer aufgebaut \u2013 der gro\u00dfe Vergn\u00fcgungspark an der Riedhalsstra\u00dfe bot \u00fcberdies auch noch reichlich Abwechslung.<\/p>\n<p>Am Abend f\u00fcllte sich dann das Zelt rasch mit zahlreichen Besuchern, die sich den \u201eJahrhundertabend\u201c nicht entgehen lassen wollten.<\/p>\n<p>Das bunte Programm schlug ein wie eine Bombe: die \u201eBayerischen Hiatamadln\u201c heizten mit toller Musik ein, so dass sich innerhalb k\u00fcrzester Zeit die schon gro\u00dfz\u00fcgig bemessene Tanzfl\u00e4che bis zum letzten Fleckchen f\u00fcllte und die Tanzpaare bis in die G\u00e4nge ausweichen mussten. Der Comedian Andy Ost riss die Zuschauer fast von den B\u00e4nken und bei den akrobatischen Tanzeinlagen der \u201eDancefactory\u201c stockte den Zuschauern mehr als einmal der Atem.<\/p>\n<p>Einhelliges Urteil von K\u00fcnstler und G\u00e4sten: wun-der-bar!<\/p>\n<p style=\"text-align: center;\"><\/p>\n","protected":false},"excerpt":{"rendered":"<p>Festwochenende \u2013 Samstag, 26.06.2010 Kaum hatte der HR noch in der Nacht von Freitag auf Samstag die Technik wieder komplett verstaut und abtransportiert, begannen f\u00fcr uns schon wieder die Vorbereitungen f\u00fcr den Festsamstag. Zahlreiche Aktivit\u00e4ten und Attraktionen standen auf dem Programm und bedurften letzter Handgriffe: bereits am Mittag r\u00fcckte die n\u00e4chste Technik-Crew an, um f\u00fcr [&hellip;]<\/p>\n","protected":false},"author":1,"featured_media":0,"comment_status":"closed","ping_status":"closed","sticky":false,"template":"","format":"standard","meta":{"jetpack_post_was_ever_published":false,"jetpack_publicize_message":"","jetpack_is_tweetstorm":false,"jetpack_publicize_feature_enabled":true,"jetpack_social_post_already_shared":false,"jetpack_social_options":{"image_generator_settings":{"template":"highway","enabled":false}}},"categories":[52],"tags":[58],"jetpack_publicize_connections":[],"jetpack_featured_media_url":"","jetpack_sharing_enabled":true,"jetpack_shortlink":"https:\/\/wp.me\/s7HeFu-samstag","jetpack-related-posts":[{"id":6357,"url":"http:\/\/www.kjv-harheim.de\/index.php\/2020\/01\/27\/kjv-helau-3\/","url_meta":{"origin":3682,"position":0},"title":"KJV Helau!","date":"27. Januar 2020","format":false,"excerpt":"Die n\u00e4rrische Zeit steht unmittelbar bevor - das hei\u00dft, die KJV Infopost ist bereits versandt, der Kalender der Homepage gepflegt und nun auch noch der \"geb\u00fcndelte\" Hinweis auf all unsere Fastnachtsveranstaltungen f\u00fcr Sie :-) Faschingsparty in Harheim am 22.02.2020 Am Fastnachtssamstag, 22.02.2020 ist es wieder soweit: der KJV und die\u2026","rel":"","context":"In &quot;+++ NEWS +++&quot;","img":{"alt_text":"","src":"","width":0,"height":0},"classes":[]},{"id":6576,"url":"http:\/\/www.kjv-harheim.de\/index.php\/2021\/03\/31\/fruehlingserwachen-und-ostergruesse\/","url_meta":{"origin":3682,"position":1},"title":"Fr\u00fchlingserwachen und Ostergr\u00fc\u00dfe","date":"31. M\u00e4rz 2021","format":false,"excerpt":"Liebe Mitglieder und Freunde des KJV Harheim, die Sonne kitzelt uns auf der Nase, die V\u00f6gel zwitschern um die Wette, und die Forsythien k\u00f6nnten kaum \u00fcppiger bl\u00fchen \u2013 keine Frage, es ist Fr\u00fchling! Wir nutzen die Gelegenheit, um von den neuesten Neuigkeiten aus den Reihen des KJV zu berichten: Cleanup\u2026","rel":"","context":"In &quot;+++ NEWS +++&quot;","img":{"alt_text":"","src":"","width":0,"height":0},"classes":[]},{"id":5618,"url":"http:\/\/www.kjv-harheim.de\/index.php\/2018\/01\/22\/kjv-helau\/","url_meta":{"origin":3682,"position":2},"title":"KJV &#8211; helau!","date":"22. Januar 2018","format":false,"excerpt":"Liebe n\u00e4rrischen Freunde, nun ist es bald schon wieder soweit, und Jokus \u00fcbernimmt das Regiment \u2014 auch im KJV. Der Countdown l\u00e4uft - die n\u00e4rrischen Tage r\u00fccken unaufhaltsam n\u00e4her, und auch die KJV Narren stehen schon ungeduldig in den Startl\u00f6chern. Eine gute Gelegenheit f\u00fcr mich, noch einmal auf unsere Faschingsveranstaltungen\u2026","rel":"","context":"In &quot;Fastnacht&quot;","img":{"alt_text":"","src":"","width":0,"height":0},"classes":[]},{"id":8152,"url":"http:\/\/www.kjv-harheim.de\/index.php\/2024\/12\/22\/30-jahre-weihnachtsbaumverkauf\/","url_meta":{"origin":3682,"position":3},"title":"30 Jahre Weihnachtsbaumverkauf","date":"22. Dezember 2024","format":false,"excerpt":"Dieses Jahr 2024 durften wir mit Familie Bernhard Gangel das 30. Jubil\u00e4um des Baumverkaufes feiern. 30 Jahre lang f\u00fcllt sich der Hof von Familie Gangel nun schon mit wundersch\u00f6nen, duftenden Weihnachtsb\u00e4umen aus heimischen W\u00e4ldern. Die komplette Organisation liegt in den H\u00e4nden der Familie Gangel, die mit ihren flei\u00dfigen Helferinnen und\u2026","rel":"","context":"In &quot;Bildergalerie&quot;","img":{"alt_text":"","src":"https:\/\/i0.wp.com\/www.kjv-harheim.de\/wp-content\/uploads\/2024\/12\/IMG-20241215-WA0004-Kopie.jpg?resize=350%2C200","width":350,"height":200},"classes":[]},{"id":3684,"url":"http:\/\/www.kjv-harheim.de\/index.php\/2010\/09\/04\/sonntag\/","url_meta":{"origin":3682,"position":4},"title":"100 Jahre KJV \u2013 Sonntag","date":"4. September 2010","format":false,"excerpt":"Festwochenende \u2013 Sonntag, 27.06.2010 Nun lag also auch der Samstagabend schon hinter uns, und bereits am fr\u00fchen Morgen trafen sich die Helfer wieder, um das Zelt und die B\u00fchne f\u00fcr den Festgottesdienst zu schm\u00fccken und zu dekorieren. Um 10 Uhr fand mit einem feierlichen Einzug beginnend eine wundervolle Messe statt.\u2026","rel":"","context":"In &quot;100Jahre KJV&quot;","img":{"alt_text":"","src":"","width":0,"height":0},"classes":[]},{"id":7415,"url":"http:\/\/www.kjv-harheim.de\/index.php\/2023\/05\/26\/summertime-am-born-bornfest\/","url_meta":{"origin":3682,"position":5},"title":"Summertime am Born 2023","date":"26. Mai 2023","format":false,"excerpt":"Es war ein tolles Fest! Am\u00a024. und 25. Juni 2023 feierten wir wieder unser Fest am Born. Dieser wundersch\u00f6ne Ort, der Born \u2013 die Wasserquelle an der Riedhalsstra\u00dfe \u2013 umgeben von einer idyllischen gr\u00fcnen Anlage lud ein zum sommerlichen Beisammensein! Zum ersten Mal sorgte am Samstag den 24. Juni eine\u2026","rel":"","context":"In &quot;Summertime am Born \/ Bornfest&quot;","img":{"alt_text":"","src":"https:\/\/i0.wp.com\/www.kjv-harheim.de\/wp-content\/uploads\/2023\/07\/20230624_221838-1-scaled-e1715189509589.jpg?resize=350%2C200","width":350,"height":200},"classes":[]}],"_links":{"self":[{"href":"http:\/\/www.kjv-harheim.de\/index.php\/wp-json\/wp\/v2\/posts\/3682"}],"collection":[{"href":"http:\/\/www.kjv-harheim.de\/index.php\/wp-json\/wp\/v2\/posts"}],"about":[{"href":"http:\/\/www.kjv-harheim.de\/index.php\/wp-json\/wp\/v2\/types\/post"}],"author":[{"embeddable":true,"href":"http:\/\/www.kjv-harheim.de\/index.php\/wp-json\/wp\/v2\/users\/1"}],"replies":[{"embeddable":true,"href":"http:\/\/www.kjv-harheim.de\/index.php\/wp-json\/wp\/v2\/comments?post=3682"}],"version-history":[{"count":3,"href":"http:\/\/www.kjv-harheim.de\/index.php\/wp-json\/wp\/v2\/posts\/3682\/revisions"}],"predecessor-version":[{"id":4426,"href":"http:\/\/www.kjv-harheim.de\/index.php\/wp-json\/wp\/v2\/posts\/3682\/revisions\/4426"}],"wp:attachment":[{"href":"http:\/\/www.kjv-harheim.de\/index.php\/wp-json\/wp\/v2\/media?parent=3682"}],"wp:term":[{"taxonomy":"category","embeddable":true,"href":"http:\/\/www.kjv-harheim.de\/index.php\/wp-json\/wp\/v2\/categories?post=3682"},{"taxonomy":"post_tag","embeddable":true,"href":"http:\/\/www.kjv-harheim.de\/index.php\/wp-json\/wp\/v2\/tags?post=3682"}],"curies":[{"name":"wp","href":"https:\/\/api.w.org\/{rel}","templated":true}]}}