{"id":3689,"date":"2009-07-05T12:52:47","date_gmt":"2009-07-05T10:52:47","guid":{"rendered":"http:\/\/www.kjv-harheim.de\/?p=3689"},"modified":"2016-07-05T14:30:28","modified_gmt":"2016-07-05T12:30:28","slug":"frankfurt-2009","status":"publish","type":"post","link":"http:\/\/www.kjv-harheim.de\/index.php\/2009\/07\/05\/frankfurt-2009\/","title":{"rendered":"Frankfurt 2009"},"content":{"rendered":"<p><span style=\"color: #800080;\"><strong><span style=\"text-decoration: underline;\">Ausflug 2009 nach Frankfurt<br \/>\n<\/span><\/strong><\/span><\/p>\n<p>Motto unseres diesj\u00e4hrigen Ausflugs am 13. September: \u201eWarum in die Ferne schweifen, denn das Gute und Interessante liegt so nah?!\u201c<\/p>\n<p>Wir machten also mit 50 Teilnehmern bei bew\u00f6lktem Himmel (18 \u00b0c, aber trocken!) \u00a0<strong>Frankfurt<\/strong> unsicher und haben mancherlei Interessantes \u00fcber unser Heimatst\u00e4dtchen aus einem ganz ungew\u00f6hnlichen Blickwinkel heraus erfahren.<\/p>\n<p>Mit der S-Bahn ging es von Berkersheim zur Hauptwache. Von dort aus liefen wir zum R\u00f6merberg. Am Justitiabrunnen nahmen uns unsere beiden F\u00fchrer der Kulturothek Frankfurt in Empfang, denn es waren 2 F\u00fchrungen f\u00fcr uns vorbereitet worden: eine F\u00fchrung f\u00fcr die Erwachsenen mit dem Thema <strong>\u201eGalgen, Gauner und Gerechtigkeit\u201c <\/strong>und eine spielerische F\u00fchrung f\u00fcr die Kinder und jung gebliebenen Eltern und Erwachsenen mit dem Titel <strong>\u201eRitter, Kaiser, Kaufleute\u201c<\/strong>.<\/p>\n<p>Nach 1,5 Stunden trafen sich beide Gruppen wieder am R\u00f6merberg, und wir traten mit der S-Bahn wieder den Weg zur\u00fcck nach Harheim an.<\/p>\n<p>Von Berkersheim ging es dann per pedes Richtung Harheim. Froh gelaunt und hungrig erreichten wir den \u00a0Aussiedlerhof von Familie Winfried Schmidt, wo schon Kaffee, frischer Streuselkuchen und die Kinderrollrutschbahn auf uns warteten.<\/p>\n<p>In der Feldscheune machten wir es uns also richtig bequem. Schon bald wurde der Grill angeheizt und Steaks, Rinds- und Bratw\u00fcrste fanden ihren Weg auf die gl\u00fchenden Kohlen und im Anschluss auf die Teller der hungrigen Frankfurt-Entdecker.<\/p>\n<p>Bei Bier, Apfelwein und dem einen oder anderen leckeren klaren Schmankerl haben wir den Abend dann ganz entspannt ausklingen lassen.<\/p>\n","protected":false},"excerpt":{"rendered":"<p>Ausflug 2009 nach Frankfurt Motto unseres diesj\u00e4hrigen Ausflugs am 13. September: \u201eWarum in die Ferne schweifen, denn das Gute und Interessante liegt so nah?!\u201c Wir machten also mit 50 Teilnehmern bei bew\u00f6lktem Himmel (18 \u00b0c, aber trocken!) \u00a0Frankfurt unsicher und haben mancherlei Interessantes \u00fcber unser Heimatst\u00e4dtchen aus einem ganz ungew\u00f6hnlichen Blickwinkel heraus erfahren. Mit der [&hellip;]<\/p>\n","protected":false},"author":1,"featured_media":0,"comment_status":"closed","ping_status":"closed","sticky":false,"template":"","format":"standard","meta":{"jetpack_post_was_ever_published":false,"jetpack_publicize_message":"","jetpack_is_tweetstorm":false,"jetpack_publicize_feature_enabled":true,"jetpack_social_post_already_shared":false,"jetpack_social_options":{"image_generator_settings":{"template":"highway","enabled":false}}},"categories":[48],"tags":[55],"jetpack_publicize_connections":[],"jetpack_featured_media_url":"","jetpack_sharing_enabled":true,"jetpack_shortlink":"https:\/\/wp.me\/p7HeFu-Xv","jetpack-related-posts":[{"id":4967,"url":"http:\/\/www.kjv-harheim.de\/index.php\/2016\/09\/19\/kjv-ausflug-nach-frankfurt-hoechst-schoen-wars\/","url_meta":{"origin":3689,"position":0},"title":"KJV Ausflug nach Frankfurt H\u00f6chst &#8211; sch\u00f6n wars","date":"19. September 2016","format":false,"excerpt":"Am 18. September 2016 fand unser diesj\u00e4hriges Ausflug nach Frankfurt H\u00f6chst statt. Mit einer bunten Gruppe aus Gro\u00df und Klein, Jung und Alt trafen wir uns zun\u00e4chst an der Harheimer Bleiche und steuerten von dort die S-Bahn Haltestelle Berkersheim an. Von dort ging es nach H\u00f6chst, wo uns am Schlossplatz\u2026","rel":"","context":"In &quot;+++ NEWS +++&quot;","img":{"alt_text":"","src":"","width":0,"height":0},"classes":[]},{"id":3702,"url":"http:\/\/www.kjv-harheim.de\/index.php\/2010\/07\/05\/rom-2010\/","url_meta":{"origin":3689,"position":1},"title":"Rom 2010","date":"5. Juli 2010","format":false,"excerpt":"Unsere Fahrt nach Rom 09.-13.10.2010 Samstag Ein Blick in den Kalender verr\u00e4t: 09. Oktober 2010, 3 Uhr in der Fr\u00fch, der Wecker klingelt - na bravo. Heute hei\u00dft es f\u00fcr alle Romreisenden \u201efr\u00fch aufstehen\", denn um 5 Uhr f\u00e4hrt der Bus zum Frankfurter Flughafen in Harheim ab. Als Gruppe bekommen\u2026","rel":"","context":"In &quot;Ausfl\u00fcge&quot;","img":{"alt_text":"","src":"https:\/\/i0.wp.com\/www.kjv-harheim.de\/wp-content\/uploads\/2010\/07\/Rom-2010-53.jpg?resize=350%2C200","width":350,"height":200},"classes":[]},{"id":3700,"url":"http:\/\/www.kjv-harheim.de\/index.php\/2006\/07\/05\/opelzoo-2006\/","url_meta":{"origin":3689,"position":2},"title":"Opelzoo 2006","date":"5. Juli 2006","format":false,"excerpt":"KJV Ausflug am Sonntag, 03. September 2006 in den Opelzoo Auf dem Programm stand in diesem Jahr der Taunus. Genauer gesagt: der Opelzoo samt Umgebung! Wir fuhren mit den Autos nach Kronberg auf den Opelzoo-Parkplatz. Von dort aus ging es dann zun\u00e4chst in 2 Richtungen weiter: Entweder konnte man direkt\u2026","rel":"","context":"In &quot;Ausfl\u00fcge&quot;","img":{"alt_text":"","src":"","width":0,"height":0},"classes":[]},{"id":3693,"url":"http:\/\/www.kjv-harheim.de\/index.php\/2008\/07\/05\/grube-messel-2008\/","url_meta":{"origin":3689,"position":3},"title":"Grube Messel 2008","date":"5. Juli 2008","format":false,"excerpt":"KJV Ausflug am Sonntag, 31. August 2008 Dieses Jahr stand eine Zeitreise auf dem Programm. Es ging weit zur\u00fcck in die Vergangenheit \u2013 gaaanz weit zur\u00fcck: genauer gesagt haben wir 47 Millionen Jahre \u00fcbersprungen! Es ging in die Grube Messel! Wir fuhren mit den Autos an die Grube Messel. Dort\u2026","rel":"","context":"In &quot;Ausfl\u00fcge&quot;","img":{"alt_text":"","src":"","width":0,"height":0},"classes":[]},{"id":8119,"url":"http:\/\/www.kjv-harheim.de\/index.php\/2024\/11\/13\/familiennachmittag-2024-mit-neuem-konzept\/","url_meta":{"origin":3689,"position":4},"title":"Familiennachmittag 2024 mit neuem Konzept","date":"13. November 2024","format":false,"excerpt":"Am Sonntag den 3.11.24 luden wir Mitglieder mit ihren Angeh\u00f6rigen und Freunde des KJV zu unserem Familiennachmittag im B\u00fcrgerhaus ein. In den letzten Jahren sank das Interesse an unserem (etwas in die Jahre gekommenen) Vereinstreffen und so war es ein recht kleines KJV-Familientreffen in 2023.Im letzten Jahr war es uns\u2026","rel":"","context":"In &quot;Allgemein&quot;","img":{"alt_text":"","src":"https:\/\/i0.wp.com\/www.kjv-harheim.de\/wp-content\/uploads\/2024\/11\/2-scaled.jpg?resize=350%2C200","width":350,"height":200},"classes":[]},{"id":6589,"url":"http:\/\/www.kjv-harheim.de\/index.php\/2021\/08\/30\/raus-aus-de-schlappe-kjv-war-mit-dabei\/","url_meta":{"origin":3689,"position":5},"title":"&#8222;raus aus de&#8216; Schlabbe&#8220; &#8211; der KJV war mit dabei","date":"30. August 2021","format":false,"excerpt":"Corona hat, wie Sie sicher alle gesp\u00fcrt haben, auch das Leben in und f\u00fcr die Vereine heftig durcheinander gesch\u00fcttelt. Das hat auch vor dem KJV nicht Halt gemacht.Aber wir sind noch da, sind wieder da \u2013 und das wollte der KJV zusammen mit vielen anderen Frankfurter Vereinen am vergangenen Wochenende\u2026","rel":"","context":"In &quot;+++ NEWS +++&quot;","img":{"alt_text":"","src":"","width":0,"height":0},"classes":[]}],"_links":{"self":[{"href":"http:\/\/www.kjv-harheim.de\/index.php\/wp-json\/wp\/v2\/posts\/3689"}],"collection":[{"href":"http:\/\/www.kjv-harheim.de\/index.php\/wp-json\/wp\/v2\/posts"}],"about":[{"href":"http:\/\/www.kjv-harheim.de\/index.php\/wp-json\/wp\/v2\/types\/post"}],"author":[{"embeddable":true,"href":"http:\/\/www.kjv-harheim.de\/index.php\/wp-json\/wp\/v2\/users\/1"}],"replies":[{"embeddable":true,"href":"http:\/\/www.kjv-harheim.de\/index.php\/wp-json\/wp\/v2\/comments?post=3689"}],"version-history":[{"count":1,"href":"http:\/\/www.kjv-harheim.de\/index.php\/wp-json\/wp\/v2\/posts\/3689\/revisions"}],"predecessor-version":[{"id":3690,"href":"http:\/\/www.kjv-harheim.de\/index.php\/wp-json\/wp\/v2\/posts\/3689\/revisions\/3690"}],"wp:attachment":[{"href":"http:\/\/www.kjv-harheim.de\/index.php\/wp-json\/wp\/v2\/media?parent=3689"}],"wp:term":[{"taxonomy":"category","embeddable":true,"href":"http:\/\/www.kjv-harheim.de\/index.php\/wp-json\/wp\/v2\/categories?post=3689"},{"taxonomy":"post_tag","embeddable":true,"href":"http:\/\/www.kjv-harheim.de\/index.php\/wp-json\/wp\/v2\/tags?post=3689"}],"curies":[{"name":"wp","href":"https:\/\/api.w.org\/{rel}","templated":true}]}}