{"id":3691,"date":"2005-07-05T12:53:38","date_gmt":"2005-07-05T10:53:38","guid":{"rendered":"http:\/\/www.kjv-harheim.de\/?p=3691"},"modified":"2016-07-05T14:30:13","modified_gmt":"2016-07-05T12:30:13","slug":"fulda-2005","status":"publish","type":"post","link":"http:\/\/www.kjv-harheim.de\/index.php\/2005\/07\/05\/fulda-2005\/","title":{"rendered":"Fulda 2005"},"content":{"rendered":"<p><span style=\"color: #800080;\"><strong><span style=\"text-decoration: underline;\">KJV Ausflug am Sonntag, 04. September 2005 nach Fulda<\/span><\/strong><\/span><\/p>\n<p>Auf dem Programm stand in diesem Jahr Fulda, das weit mehr zu bieten hat, als Dom und Altstadt. Und genau\u00a0 auf dieses \u201eMehr\u201c hatten wir es in diesem Jahr abgesehen!<\/p>\n<p>Am Vormittag besuchten wir das Feuerwehrmuseum in Fulda, das viel Staunenswertes f\u00fcr Gro\u00df und Klein in seinen Hallen hat. Hier erwarteten uns parallel eine Kinder- und eine Erwachsenenf\u00fchrung, die sehr spannend waren.<\/p>\n<p>Das Wetter spielte mit, es war warm und sonnig, so dass wir vom Feuerwehrmuseum aus zu Fu\u00df durch die Fulda-Auen hinauf in die Altstadt gehen konnten. In der Altstadt gab es dann Mittagessen in einem schnuckeligen Lokal.<\/p>\n<p>Nach dem Essen blieb noch Zeit, sich ein bisschen auf eigene Faust im Domviertel umzuschauen.<\/p>\n<p>Am Nachmittag statteten wir dann der Kinderakademie in Fulda einen interessanten Besuch ab, der nicht nur f\u00fcr Kinder lohnenswert war: wir st\u00fcrzten uns in eine F\u00fchrung durch ein \u00fcbergro\u00dfes begehbares menschliches Herz, und es blieb selbstverst\u00e4ndlich gen\u00fcgend Zeit, sich im Museum umzuschauen. Dort regten interaktive Objekte aus Kunst und Kultur, Naturwissenschaft und Technik den Entdeckergeist an. Ausprobieren und Mitmachen war hier ausdr\u00fccklich erw\u00fcnscht!<\/p>\n<p>Danach wartete schon der Bus auf uns, der uns zum Ausklang dieses Tages in heimatliche Gefilde brachte: zum Vespern und gem\u00fctlichen Beisammensein kehrten wir beim \u201eSchaak\u201c in Harheim ein. Dort lie\u00dfen wir dann bei herrlichstem Wetter unter Trauerweiden sitzend den Tag ausklingen.<\/p>\n","protected":false},"excerpt":{"rendered":"<p>KJV Ausflug am Sonntag, 04. September 2005 nach Fulda Auf dem Programm stand in diesem Jahr Fulda, das weit mehr zu bieten hat, als Dom und Altstadt. Und genau\u00a0 auf dieses \u201eMehr\u201c hatten wir es in diesem Jahr abgesehen! Am Vormittag besuchten wir das Feuerwehrmuseum in Fulda, das viel Staunenswertes f\u00fcr Gro\u00df und Klein in [&hellip;]<\/p>\n","protected":false},"author":1,"featured_media":0,"comment_status":"open","ping_status":"open","sticky":false,"template":"","format":"standard","meta":{"jetpack_post_was_ever_published":false,"jetpack_publicize_message":"","jetpack_is_tweetstorm":false,"jetpack_publicize_feature_enabled":true,"jetpack_social_post_already_shared":false,"jetpack_social_options":{"image_generator_settings":{"template":"highway","enabled":false}}},"categories":[48],"tags":[55],"jetpack_publicize_connections":[],"jetpack_featured_media_url":"","jetpack_sharing_enabled":true,"jetpack_shortlink":"https:\/\/wp.me\/p7HeFu-Xx","jetpack-related-posts":[{"id":7036,"url":"http:\/\/www.kjv-harheim.de\/index.php\/2022\/03\/09\/termine-termine-termine\/","url_meta":{"origin":3691,"position":0},"title":"Termine Termine Termine","date":"9. M\u00e4rz 2022","format":false,"excerpt":"Seitens des Vorstands k\u00fcmmern wir uns gerade um folgende Aktivit\u00e4ten und Veranstaltungen. Pandemiebedingt stehen die Planungen (leider) stets \"unter Vorbehalt\" - wir haben die Infektionslage hierbei immer im Blick. Jahreshauptversammlung mit Vorstandswahlen *Terminverschiebung*-der Termin (urspr\u00fcnglich f\u00fcr den 22.04. geplant) wurde verschoben!-die Jahreshauptversammlung findet nun am Mittwoch, 06.07.2022 statt-Einladungen und weitere\u2026","rel":"","context":"In &quot;Allgemein&quot;","img":{"alt_text":"","src":"","width":0,"height":0},"classes":[]},{"id":8119,"url":"http:\/\/www.kjv-harheim.de\/index.php\/2024\/11\/13\/familiennachmittag-2024-mit-neuem-konzept\/","url_meta":{"origin":3691,"position":1},"title":"Familiennachmittag 2024 mit neuem Konzept","date":"13. November 2024","format":false,"excerpt":"Am Sonntag den 3.11.24 luden wir Mitglieder mit ihren Angeh\u00f6rigen und Freunde des KJV zu unserem Familiennachmittag im B\u00fcrgerhaus ein. In den letzten Jahren sank das Interesse an unserem (etwas in die Jahre gekommenen) Vereinstreffen und so war es ein recht kleines KJV-Familientreffen in 2023.Im letzten Jahr war es uns\u2026","rel":"","context":"In &quot;Allgemein&quot;","img":{"alt_text":"","src":"https:\/\/i0.wp.com\/www.kjv-harheim.de\/wp-content\/uploads\/2024\/11\/2-scaled.jpg?resize=350%2C200","width":350,"height":200},"classes":[]},{"id":123,"url":"http:\/\/www.kjv-harheim.de\/index.php\/2010\/04\/20\/gedanken-zur-100-jahr-feier\/","url_meta":{"origin":3691,"position":2},"title":"Gedanken zur 100 Jahre Feier","date":"20. April 2010","format":false,"excerpt":"Einf\u00fchrung 3 K\u00f6nige, 100 Jahre KJV Liebe Schwestern und Br\u00fcder, liebe Kinder, Erscheinung des Herrn, Hl. 3 K\u00f6nige, Weise aus dem Morgenland, wie wir dieses Fest auch nennen. 3 Menschen sind aufgebrochen, haben Sturm, Sonnenschein, K\u00e4lte und Hitze erduldet, um nach dem neugeborenen K\u00f6nig zu suchen. Nichts hat sie aufgehalten,\u2026","rel":"","context":"In &quot;Feste&quot;","img":{"alt_text":"","src":"","width":0,"height":0},"classes":[]},{"id":3696,"url":"http:\/\/www.kjv-harheim.de\/index.php\/2011\/07\/05\/hoherodskopf-2011\/","url_meta":{"origin":3691,"position":3},"title":"Hoherodskopf 2011","date":"5. Juli 2011","format":false,"excerpt":"Am 04.09.11 fand der KJV-Ausflug hin zum Hoherodskopf im hohen Vogelsberg statt. P\u00fcnktlich um 9:30 Uhr fuhren wir mir den PKW\u00b4s von der Bleiche ab. Um 11:00 Uhr starten wir auf dem Hoherodskopf mit unserem Spaziergang. Durch den Regen der Vortage waren die Wege an manchen Stellen ziemlich aufgeweicht. Erste\u2026","rel":"","context":"In &quot;Ausfl\u00fcge&quot;","img":{"alt_text":"","src":"","width":0,"height":0},"classes":[]},{"id":3702,"url":"http:\/\/www.kjv-harheim.de\/index.php\/2010\/07\/05\/rom-2010\/","url_meta":{"origin":3691,"position":4},"title":"Rom 2010","date":"5. Juli 2010","format":false,"excerpt":"Unsere Fahrt nach Rom 09.-13.10.2010 Samstag Ein Blick in den Kalender verr\u00e4t: 09. Oktober 2010, 3 Uhr in der Fr\u00fch, der Wecker klingelt - na bravo. Heute hei\u00dft es f\u00fcr alle Romreisenden \u201efr\u00fch aufstehen\", denn um 5 Uhr f\u00e4hrt der Bus zum Frankfurter Flughafen in Harheim ab. Als Gruppe bekommen\u2026","rel":"","context":"In &quot;Ausfl\u00fcge&quot;","img":{"alt_text":"","src":"https:\/\/i0.wp.com\/www.kjv-harheim.de\/wp-content\/uploads\/2010\/07\/Rom-2010-53.jpg?resize=350%2C200","width":350,"height":200},"classes":[]},{"id":4967,"url":"http:\/\/www.kjv-harheim.de\/index.php\/2016\/09\/19\/kjv-ausflug-nach-frankfurt-hoechst-schoen-wars\/","url_meta":{"origin":3691,"position":5},"title":"KJV Ausflug nach Frankfurt H\u00f6chst &#8211; sch\u00f6n wars","date":"19. September 2016","format":false,"excerpt":"Am 18. September 2016 fand unser diesj\u00e4hriges Ausflug nach Frankfurt H\u00f6chst statt. Mit einer bunten Gruppe aus Gro\u00df und Klein, Jung und Alt trafen wir uns zun\u00e4chst an der Harheimer Bleiche und steuerten von dort die S-Bahn Haltestelle Berkersheim an. Von dort ging es nach H\u00f6chst, wo uns am Schlossplatz\u2026","rel":"","context":"In &quot;+++ NEWS +++&quot;","img":{"alt_text":"","src":"","width":0,"height":0},"classes":[]}],"_links":{"self":[{"href":"http:\/\/www.kjv-harheim.de\/index.php\/wp-json\/wp\/v2\/posts\/3691"}],"collection":[{"href":"http:\/\/www.kjv-harheim.de\/index.php\/wp-json\/wp\/v2\/posts"}],"about":[{"href":"http:\/\/www.kjv-harheim.de\/index.php\/wp-json\/wp\/v2\/types\/post"}],"author":[{"embeddable":true,"href":"http:\/\/www.kjv-harheim.de\/index.php\/wp-json\/wp\/v2\/users\/1"}],"replies":[{"embeddable":true,"href":"http:\/\/www.kjv-harheim.de\/index.php\/wp-json\/wp\/v2\/comments?post=3691"}],"version-history":[{"count":1,"href":"http:\/\/www.kjv-harheim.de\/index.php\/wp-json\/wp\/v2\/posts\/3691\/revisions"}],"predecessor-version":[{"id":3692,"href":"http:\/\/www.kjv-harheim.de\/index.php\/wp-json\/wp\/v2\/posts\/3691\/revisions\/3692"}],"wp:attachment":[{"href":"http:\/\/www.kjv-harheim.de\/index.php\/wp-json\/wp\/v2\/media?parent=3691"}],"wp:term":[{"taxonomy":"category","embeddable":true,"href":"http:\/\/www.kjv-harheim.de\/index.php\/wp-json\/wp\/v2\/categories?post=3691"},{"taxonomy":"post_tag","embeddable":true,"href":"http:\/\/www.kjv-harheim.de\/index.php\/wp-json\/wp\/v2\/tags?post=3691"}],"curies":[{"name":"wp","href":"https:\/\/api.w.org\/{rel}","templated":true}]}}