{"id":3700,"date":"2006-07-05T12:57:41","date_gmt":"2006-07-05T10:57:41","guid":{"rendered":"http:\/\/www.kjv-harheim.de\/?p=3700"},"modified":"2016-07-05T14:29:15","modified_gmt":"2016-07-05T12:29:15","slug":"opelzoo-2006","status":"publish","type":"post","link":"http:\/\/www.kjv-harheim.de\/index.php\/2006\/07\/05\/opelzoo-2006\/","title":{"rendered":"Opelzoo 2006"},"content":{"rendered":"<p><span style=\"color: #800080;\"><strong><span style=\"text-decoration: underline;\">KJV Ausflug am Sonntag, 03. September 2006 in den Opelzoo<\/span><\/strong><\/span><\/p>\n<p>Auf dem Programm stand in diesem Jahr der Taunus. Genauer gesagt: <strong>der Opelzoo samt Umgebung<\/strong>! Wir fuhren mit den Autos nach Kronberg auf den Opelzoo-Parkplatz. Von dort aus ging es dann zun\u00e4chst in 2 Richtungen weiter:<\/p>\n<p>Entweder konnte man direkt in den <strong>Opelzoo<\/strong> gehen und an einer <strong>super interessanten F\u00fchrung<\/strong> teilnehmen und danach den Zoo auf eigene Faust erobern<\/p>\n<p><strong><span style=\"text-decoration: underline;\">oder<\/span><\/strong><\/p>\n<p>Falkenstein und Umgebung zu Fu\u00df entdecken auf einer <strong>wundersch\u00f6nen Wanderstrecke<\/strong> mit kurzer Rast. Nach ca. 2,5 Stunden fanden wir uns alle im Opelzoo wieder zusammen: dort wurde dann in einer H\u00fctte lecker gegrillt, und auch die fl\u00fcssige Verpflegung war gew\u00e4hrleistet.<\/p>\n<p>W\u00e4hrend die Kinder den Streichelzoo unsicher machten, hatten die Erwachsenen alle Zeit der Welt, in geselliger Runde zusammen zu sitzen. F\u00fcr den Nachmittag stand Kuchen bereit, und wir konnten den Tag in aller Ruhe gem\u00fctlich ausklingen lassen.<\/p>\n","protected":false},"excerpt":{"rendered":"<p>KJV Ausflug am Sonntag, 03. September 2006 in den Opelzoo Auf dem Programm stand in diesem Jahr der Taunus. Genauer gesagt: der Opelzoo samt Umgebung! Wir fuhren mit den Autos nach Kronberg auf den Opelzoo-Parkplatz. Von dort aus ging es dann zun\u00e4chst in 2 Richtungen weiter: Entweder konnte man direkt in den Opelzoo gehen und [&hellip;]<\/p>\n","protected":false},"author":1,"featured_media":0,"comment_status":"closed","ping_status":"closed","sticky":false,"template":"","format":"standard","meta":{"jetpack_post_was_ever_published":false,"jetpack_publicize_message":"","jetpack_is_tweetstorm":false,"jetpack_publicize_feature_enabled":true,"jetpack_social_post_already_shared":false,"jetpack_social_options":{"image_generator_settings":{"template":"highway","enabled":false}}},"categories":[48],"tags":[55],"jetpack_publicize_connections":[],"jetpack_featured_media_url":"","jetpack_sharing_enabled":true,"jetpack_shortlink":"https:\/\/wp.me\/p7HeFu-XG","jetpack-related-posts":[{"id":3693,"url":"http:\/\/www.kjv-harheim.de\/index.php\/2008\/07\/05\/grube-messel-2008\/","url_meta":{"origin":3700,"position":0},"title":"Grube Messel 2008","date":"5. Juli 2008","format":false,"excerpt":"KJV Ausflug am Sonntag, 31. August 2008 Dieses Jahr stand eine Zeitreise auf dem Programm. Es ging weit zur\u00fcck in die Vergangenheit \u2013 gaaanz weit zur\u00fcck: genauer gesagt haben wir 47 Millionen Jahre \u00fcbersprungen! Es ging in die Grube Messel! Wir fuhren mit den Autos an die Grube Messel. Dort\u2026","rel":"","context":"In &quot;Ausfl\u00fcge&quot;","img":{"alt_text":"","src":"","width":0,"height":0},"classes":[]},{"id":3702,"url":"http:\/\/www.kjv-harheim.de\/index.php\/2010\/07\/05\/rom-2010\/","url_meta":{"origin":3700,"position":1},"title":"Rom 2010","date":"5. Juli 2010","format":false,"excerpt":"Unsere Fahrt nach Rom 09.-13.10.2010 Samstag Ein Blick in den Kalender verr\u00e4t: 09. Oktober 2010, 3 Uhr in der Fr\u00fch, der Wecker klingelt - na bravo. Heute hei\u00dft es f\u00fcr alle Romreisenden \u201efr\u00fch aufstehen\", denn um 5 Uhr f\u00e4hrt der Bus zum Frankfurter Flughafen in Harheim ab. Als Gruppe bekommen\u2026","rel":"","context":"In &quot;Ausfl\u00fcge&quot;","img":{"alt_text":"","src":"https:\/\/i0.wp.com\/www.kjv-harheim.de\/wp-content\/uploads\/2010\/07\/Rom-2010-53.jpg?resize=350%2C200","width":350,"height":200},"classes":[]},{"id":8610,"url":"http:\/\/www.kjv-harheim.de\/index.php\/2026\/03\/24\/maennerballett-turniere-2026\/","url_meta":{"origin":3700,"position":2},"title":"M\u00e4nnerballett &#8211; Turniere 2026","date":"24. M\u00e4rz 2026","format":false,"excerpt":"Turniere 2026\ud83d\udc6f\u200d\u2640\ufe0f\ud83c\udfc6 Am Samstag, den 07.03. ging es zum ersten mal f\u00fcr uns auf ein Turnier. Wir haben uns auf den Weg gemacht nach Gau-Odernheim. Nach ca. einer Stunde sind wir an der Petersberghalle angekommen. Dort haben uns @handicupforever herzlich begr\u00fc\u00dft und uns alles erkl\u00e4rt. Unsere Fans trudelten auch nach\u2026","rel":"","context":"In &quot;+++ NEWS +++&quot;","img":{"alt_text":"","src":"https:\/\/i0.wp.com\/www.kjv-harheim.de\/wp-content\/uploads\/2026\/03\/IMG_8917-scaled.jpeg?resize=350%2C200","width":350,"height":200},"classes":[]},{"id":5888,"url":"http:\/\/www.kjv-harheim.de\/index.php\/2018\/09\/03\/vereinsausflug-2018-was-war-das-schoen\/","url_meta":{"origin":3700,"position":3},"title":"Vereinsausflug 2018: was-war-das-sch\u00f6n!","date":"3. September 2018","format":false,"excerpt":"Erst haben wir Wochen und Monate auf den KJV Vereinsausflug hin gefiebert \u2013 und nun ist er schon wieder Geschichte. Am gestrigen Sonntag haben wir uns um 08:30 Uhr an der Bleiche in Harheim getroffen. \u00dcber 50 Teilnehmer tummelten sich im eigens angemieteten Reisebus und in einigen privaten Fahrzeugen, um\u2026","rel":"","context":"In &quot;Allgemein&quot;","img":{"alt_text":"","src":"","width":0,"height":0},"classes":[]},{"id":4967,"url":"http:\/\/www.kjv-harheim.de\/index.php\/2016\/09\/19\/kjv-ausflug-nach-frankfurt-hoechst-schoen-wars\/","url_meta":{"origin":3700,"position":4},"title":"KJV Ausflug nach Frankfurt H\u00f6chst &#8211; sch\u00f6n wars","date":"19. September 2016","format":false,"excerpt":"Am 18. September 2016 fand unser diesj\u00e4hriges Ausflug nach Frankfurt H\u00f6chst statt. Mit einer bunten Gruppe aus Gro\u00df und Klein, Jung und Alt trafen wir uns zun\u00e4chst an der Harheimer Bleiche und steuerten von dort die S-Bahn Haltestelle Berkersheim an. Von dort ging es nach H\u00f6chst, wo uns am Schlossplatz\u2026","rel":"","context":"In &quot;+++ NEWS +++&quot;","img":{"alt_text":"","src":"","width":0,"height":0},"classes":[]},{"id":5073,"url":"http:\/\/www.kjv-harheim.de\/index.php\/2016\/11\/08\/familiennachmittag-2016-ein-rueckblick\/","url_meta":{"origin":3700,"position":5},"title":"Familiennachmittag 2016 &#8211; ein R\u00fcckblick","date":"8. November 2016","format":false,"excerpt":"Familiennachmittag 2016: Weltpremiere \u2013 Weltrekord \u2013 weltklasse! Am 06.11.2016 feierte der KJV seinen Familiennachmittag. Zum ersten Mal w\u00e4hlten wir hierf\u00fcr einen Termin im November, um so den Jahresbeginn f\u00fcr alle Beteiligten etwas zu entlasten. Ein Blick in den Programmverlauf zeigte: dieser Familiennachmittag ist picke-packe-voll mit den tollsten Darbietungen! Zu Beginn\u2026","rel":"","context":"In &quot;+++ NEWS +++&quot;","img":{"alt_text":"","src":"","width":0,"height":0},"classes":[]}],"_links":{"self":[{"href":"http:\/\/www.kjv-harheim.de\/index.php\/wp-json\/wp\/v2\/posts\/3700"}],"collection":[{"href":"http:\/\/www.kjv-harheim.de\/index.php\/wp-json\/wp\/v2\/posts"}],"about":[{"href":"http:\/\/www.kjv-harheim.de\/index.php\/wp-json\/wp\/v2\/types\/post"}],"author":[{"embeddable":true,"href":"http:\/\/www.kjv-harheim.de\/index.php\/wp-json\/wp\/v2\/users\/1"}],"replies":[{"embeddable":true,"href":"http:\/\/www.kjv-harheim.de\/index.php\/wp-json\/wp\/v2\/comments?post=3700"}],"version-history":[{"count":1,"href":"http:\/\/www.kjv-harheim.de\/index.php\/wp-json\/wp\/v2\/posts\/3700\/revisions"}],"predecessor-version":[{"id":3701,"href":"http:\/\/www.kjv-harheim.de\/index.php\/wp-json\/wp\/v2\/posts\/3700\/revisions\/3701"}],"wp:attachment":[{"href":"http:\/\/www.kjv-harheim.de\/index.php\/wp-json\/wp\/v2\/media?parent=3700"}],"wp:term":[{"taxonomy":"category","embeddable":true,"href":"http:\/\/www.kjv-harheim.de\/index.php\/wp-json\/wp\/v2\/categories?post=3700"},{"taxonomy":"post_tag","embeddable":true,"href":"http:\/\/www.kjv-harheim.de\/index.php\/wp-json\/wp\/v2\/tags?post=3700"}],"curies":[{"name":"wp","href":"https:\/\/api.w.org\/{rel}","templated":true}]}}