{"id":4137,"date":"2016-07-07T03:01:04","date_gmt":"2016-07-07T01:01:04","guid":{"rendered":"http:\/\/www.kjv-harheim.de\/?p=4137"},"modified":"2016-07-07T03:26:07","modified_gmt":"2016-07-07T01:26:07","slug":"rekordjagd-am-09-07-2016-und-der-kjv-musikzug-ist-dabei","status":"publish","type":"post","link":"http:\/\/www.kjv-harheim.de\/index.php\/2016\/07\/07\/rekordjagd-am-09-07-2016-und-der-kjv-musikzug-ist-dabei\/","title":{"rendered":"Rekordjagd am 09.07.2016 &#8211; und der KJV Musikzug ist dabei"},"content":{"rendered":"<p>Unter dem Motto &#8222;Wir f\u00fcllen das Stadion&#8220; wird es am 09.07. in der Commerzbank-Arena einen Rekordversuch geben, 10.000 Teilnehmer zum gemeinsamen Musizieren zusammen zu bringen. Der KJV Musikzug beteiligt sich an der dieser Rekordjagd. Wir dr\u00fccken nat\u00fcrlich die Daumen, dass wir den alten Rekord einstellen k\u00f6nnen.<\/p>\n","protected":false},"excerpt":{"rendered":"<p>Unter dem Motto &#8222;Wir f\u00fcllen das Stadion&#8220; wird es am 09.07. in der Commerzbank-Arena einen Rekordversuch geben, 10.000 Teilnehmer zum gemeinsamen Musizieren zusammen zu bringen. Der KJV Musikzug beteiligt sich an der dieser Rekordjagd. Wir dr\u00fccken nat\u00fcrlich die Daumen, dass wir den alten Rekord einstellen k\u00f6nnen.<\/p>\n","protected":false},"author":1,"featured_media":0,"comment_status":"closed","ping_status":"open","sticky":false,"template":"","format":"standard","meta":{"jetpack_post_was_ever_published":false,"jetpack_publicize_message":"","jetpack_is_tweetstorm":false,"jetpack_publicize_feature_enabled":true,"jetpack_social_post_already_shared":true,"jetpack_social_options":{"image_generator_settings":{"template":"highway","enabled":false}}},"categories":[65],"tags":[68],"jetpack_publicize_connections":[],"jetpack_featured_media_url":"","jetpack_sharing_enabled":true,"jetpack_shortlink":"https:\/\/wp.me\/p7HeFu-14J","jetpack-related-posts":[{"id":215,"url":"http:\/\/www.kjv-harheim.de\/index.php\/2012\/04\/20\/musikzug\/","url_meta":{"origin":4137,"position":0},"title":"Was macht denn der Musikzug so?","date":"20. April 2012","format":false,"excerpt":"Der Musikzug besteht aus rund 20 Aktiven an den Instrumenten Schlagzeug, Querfl\u00f6te, Klarinette, Saxophon, Trompete, Tenorhorn und Tuba. \u00dcber jeden Neuzugang freuen wir uns nat\u00fcrlich! Das Repertoire des Musikzuges deckt ein breites Feld an Musikrichtungen ab. F\u00fcr die Musiker besteht die M\u00f6glichkeit, sich aktiv an der Auswahl der Musikst\u00fccke\u00a0 zu\u2026","rel":"","context":"In &quot;Musikzug&quot;","img":{"alt_text":"","src":"","width":0,"height":0},"classes":[]},{"id":4382,"url":"http:\/\/www.kjv-harheim.de\/index.php\/2016\/07\/09\/wir-fuellen-das-stadion\/","url_meta":{"origin":4137,"position":1},"title":"Wir f\u00fcllen das Stadion\u00a0","date":"9. Juli 2016","format":"gallery","excerpt":"Der KJV ist Weltrekordhalter ! 7\u200a548 Musiker aus dem In- und Ausland haben am Samstag in der Frankfurter Commerzbank-Arena das gr\u00f6\u00dfte Orchester aller Zeiten gebildet und sich damit einen Eintrag ins Buch der Rekorde gesichert. UND DER KJV WAR DABEI !! :mrgreen:\u00a0 :mrgreen: Ein Wahnsinnserlebnis... In einem Stadion so vielen\u2026","rel":"","context":"In &quot;+++ NEWS +++&quot;","img":{"alt_text":"","src":"https:\/\/i0.wp.com\/www.kjv-harheim.de\/wp-content\/uploads\/2016\/07\/img_4087.jpg?resize=350%2C200","width":350,"height":200},"classes":[]},{"id":6492,"url":"http:\/\/www.kjv-harheim.de\/index.php\/2020\/04\/08\/terrassenkonzert-in-harheim\/","url_meta":{"origin":4137,"position":2},"title":"Terrassenkonzert in Harheim","date":"8. April 2020","format":false,"excerpt":"Sonntags nachmittags um 18:15 Uhr veranstaltet der Musikzug des KJV mit dem Musikverein Harheim und allen interessierten Musikern Terrassen-, Balkon und Fensterkonzerte. Dadurch sollen die Lieder in ganz Harheim zu h\u00f6ren sein. Wir hoffen damit in der Nachbarschaft ein wenig Freude zu verbreiten.\u00a0 Falls jemand mitmachen m\u00f6chte und die Noten\u2026","rel":"","context":"In &quot;+++ NEWS +++&quot;","img":{"alt_text":"","src":"https:\/\/i0.wp.com\/www.kjv-harheim.de\/wp-content\/uploads\/2020\/04\/A0D29DB3-F07A-4AB3-BB0C-74A4F8799A96-300x240.png?resize=350%2C200","width":350,"height":200},"classes":[]},{"id":5503,"url":"http:\/\/www.kjv-harheim.de\/index.php\/2017\/11\/02\/der-kjv-musikzug-in-altleiningen\/","url_meta":{"origin":4137,"position":3},"title":"Der KJV Musikzug in Altleiningen","date":"2. November 2017","format":false,"excerpt":"Probenwochenende 27. bis 29. Oktober 2017 nach Altleiningen Am 27. Oktober erreichten 24 Musiker, nach einer staureichen Anfahrt, die Jugendherberge Altleiningen um dort das Probenwochenende 2017 zu verbringen. An diesem Wochenende sollten die St\u00fccke f\u00fcr den Familiennachmittag noch einmal intensiv geprobt werden. Aber auch die \u201ekleinen\u201c Musiker bekamen die Gelegenheit\u2026","rel":"","context":"In &quot;Ausfl\u00fcge&quot;","img":{"alt_text":"","src":"https:\/\/i0.wp.com\/www.kjv-harheim.de\/wp-content\/uploads\/2017\/11\/01_altleiningen_portrait.jpg?resize=350%2C200","width":350,"height":200},"classes":[]},{"id":5183,"url":"http:\/\/www.kjv-harheim.de\/index.php\/2017\/01\/04\/06-01-2017-kjv-gruendungstag\/","url_meta":{"origin":4137,"position":4},"title":"06.01.2017: KJV Gr\u00fcndungstag","date":"4. Januar 2017","format":false,"excerpt":"Liebe KJV Mitglieder, in 2 Tagen feiert der KJV wieder Geburtstag. Der 06. Januar ist der Gr\u00fcndungstag des Vereins. Wir beginnen mit der Messe in der Kath. Kirche St. Jakobus in Harheim um 18:30 Uhr, die auch vom Musikzug des KJV mitgestaltet wird. Im Anschluss treffen wir uns im benachbarten\u2026","rel":"","context":"In &quot;+++ NEWS +++&quot;","img":{"alt_text":"","src":"","width":0,"height":0},"classes":[]},{"id":5491,"url":"http:\/\/www.kjv-harheim.de\/index.php\/2017\/11\/02\/bilder-der-kjv-musikzug-in-altleiningen\/","url_meta":{"origin":4137,"position":5},"title":"Bilder &#8211; Der KJV Musikzug in Altleiningen","date":"2. November 2017","format":"gallery","excerpt":"","rel":"","context":"In &quot;Bildergalerie&quot;","img":{"alt_text":"","src":"https:\/\/i0.wp.com\/www.kjv-harheim.de\/wp-content\/uploads\/2017\/11\/20171027_200952.jpg?resize=350%2C200","width":350,"height":200},"classes":[]}],"_links":{"self":[{"href":"http:\/\/www.kjv-harheim.de\/index.php\/wp-json\/wp\/v2\/posts\/4137"}],"collection":[{"href":"http:\/\/www.kjv-harheim.de\/index.php\/wp-json\/wp\/v2\/posts"}],"about":[{"href":"http:\/\/www.kjv-harheim.de\/index.php\/wp-json\/wp\/v2\/types\/post"}],"author":[{"embeddable":true,"href":"http:\/\/www.kjv-harheim.de\/index.php\/wp-json\/wp\/v2\/users\/1"}],"replies":[{"embeddable":true,"href":"http:\/\/www.kjv-harheim.de\/index.php\/wp-json\/wp\/v2\/comments?post=4137"}],"version-history":[{"count":1,"href":"http:\/\/www.kjv-harheim.de\/index.php\/wp-json\/wp\/v2\/posts\/4137\/revisions"}],"predecessor-version":[{"id":4138,"href":"http:\/\/www.kjv-harheim.de\/index.php\/wp-json\/wp\/v2\/posts\/4137\/revisions\/4138"}],"wp:attachment":[{"href":"http:\/\/www.kjv-harheim.de\/index.php\/wp-json\/wp\/v2\/media?parent=4137"}],"wp:term":[{"taxonomy":"category","embeddable":true,"href":"http:\/\/www.kjv-harheim.de\/index.php\/wp-json\/wp\/v2\/categories?post=4137"},{"taxonomy":"post_tag","embeddable":true,"href":"http:\/\/www.kjv-harheim.de\/index.php\/wp-json\/wp\/v2\/tags?post=4137"}],"curies":[{"name":"wp","href":"https:\/\/api.w.org\/{rel}","templated":true}]}}