{"id":4382,"date":"2016-07-09T17:24:10","date_gmt":"2016-07-09T15:24:10","guid":{"rendered":"http:\/\/www.kjv-harheim.de\/index.php\/2016\/07\/09\/wir-fuellen-das-stadion\/"},"modified":"2016-07-11T22:54:51","modified_gmt":"2016-07-11T20:54:51","slug":"wir-fuellen-das-stadion","status":"publish","type":"post","link":"http:\/\/www.kjv-harheim.de\/index.php\/2016\/07\/09\/wir-fuellen-das-stadion\/","title":{"rendered":"Wir f\u00fcllen das Stadion\u00a0"},"content":{"rendered":"<h4 style=\"text-align: center;\">Der KJV ist Weltrekordhalter !<\/h4>\n<p style=\"text-align: center;\">7\u200a548 Musiker aus dem In- und Ausland haben am Samstag in der Frankfurter Commerzbank-Arena das gr\u00f6\u00dfte Orchester aller Zeiten gebildet und sich damit einen Eintrag ins Buch der Rekorde gesichert.<\/p>\n<p style=\"text-align: center;\">UND DER KJV WAR DABEI !! <img src=\"http:\/\/www.kjv-harheim.de\/wp-includes\/images\/smilies\/mrgreen.png\" alt=\":mrgreen:\" class=\"wp-smiley\" style=\"height: 1em; max-height: 1em;\" \/>\u00a0 <img src=\"http:\/\/www.kjv-harheim.de\/wp-includes\/images\/smilies\/mrgreen.png\" alt=\":mrgreen:\" class=\"wp-smiley\" style=\"height: 1em; max-height: 1em;\" \/><\/p>\n<p style=\"text-align: center;\">Ein Wahnsinnserlebnis&#8230; In einem Stadion so vielen Musikern beim Musizieren zuzuschauen und h\u00f6ren.<\/p>\n<p>&nbsp;<\/p>\n<div class=\"tiled-gallery type-rectangular tiled-gallery-unresized\" data-original-width=\"1170\" data-carousel-extra='{&quot;blog_id&quot;:1,&quot;permalink&quot;:&quot;http:\\\/\\\/www.kjv-harheim.de\\\/index.php\\\/2016\\\/07\\\/09\\\/wir-fuellen-das-stadion\\\/&quot;,&quot;likes_blog_id&quot;:113738844}' itemscope itemtype=\"http:\/\/schema.org\/ImageGallery\" > <div class=\"gallery-row\" style=\"width: 1170px; height: 966px;\" data-original-width=\"1170\" data-original-height=\"966\" > <div class=\"gallery-group images-1\" style=\"width: 726px; height: 966px;\" data-original-width=\"726\" data-original-height=\"966\" > <div class=\"tiled-gallery-item tiled-gallery-item-large\" itemprop=\"associatedMedia\" itemscope itemtype=\"http:\/\/schema.org\/ImageObject\"> <a href=\"http:\/\/www.kjv-harheim.de\/index.php\/2016\/07\/09\/wir-fuellen-das-stadion\/img_4080\/\" border=\"0\" itemprop=\"url\"> <meta itemprop=\"width\" content=\"722\"> <meta itemprop=\"height\" content=\"962\"> <img data-attachment-id=\"4379\" data-orig-file=\"http:\/\/www.kjv-harheim.de\/wp-content\/uploads\/2016\/07\/img_4080.jpg\" data-orig-size=\"2448,3264\" data-comments-opened=\"\" data-image-meta=\"{&quot;aperture&quot;:&quot;2.4&quot;,&quot;credit&quot;:&quot;&quot;,&quot;camera&quot;:&quot;iPhone 5&quot;,&quot;caption&quot;:&quot;&quot;,&quot;created_timestamp&quot;:&quot;1468084716&quot;,&quot;copyright&quot;:&quot;&quot;,&quot;focal_length&quot;:&quot;4.12&quot;,&quot;iso&quot;:&quot;50&quot;,&quot;shutter_speed&quot;:&quot;0.00125470514429&quot;,&quot;title&quot;:&quot;&quot;,&quot;orientation&quot;:&quot;1&quot;}\" data-image-title=\"Wir f\u00fcllen das Stadion 5\" data-image-description=\"\" data-medium-file=\"http:\/\/www.kjv-harheim.de\/wp-content\/uploads\/2016\/07\/img_4080-225x300.jpg\" data-large-file=\"http:\/\/www.kjv-harheim.de\/wp-content\/uploads\/2016\/07\/img_4080-768x1024.jpg\" src=\"https:\/\/i0.wp.com\/www.kjv-harheim.de\/wp-content\/uploads\/2016\/07\/img_4080.jpg?w=722&#038;h=962\" width=\"722\" height=\"962\" data-original-width=\"722\" data-original-height=\"962\" itemprop=\"http:\/\/schema.org\/image\" title=\"Wir f\u00fcllen das Stadion 5\" alt=\"Wir f\u00fcllen das Stadion 5\" style=\"width: 722px; height: 962px;\" \/> <\/a> <\/div> <\/div> <!-- close group --> <div class=\"gallery-group images-3\" style=\"width: 444px; height: 966px;\" data-original-width=\"444\" data-original-height=\"966\" > <div class=\"tiled-gallery-item tiled-gallery-item-large\" itemprop=\"associatedMedia\" itemscope itemtype=\"http:\/\/schema.org\/ImageObject\"> <a href=\"http:\/\/www.kjv-harheim.de\/index.php\/2016\/07\/09\/wir-fuellen-das-stadion\/wir-fuellen-das-stadion-9-5\/\" border=\"0\" itemprop=\"url\"> <meta itemprop=\"width\" content=\"440\"> <meta itemprop=\"height\" content=\"294\"> <img data-attachment-id=\"4409\" data-orig-file=\"http:\/\/www.kjv-harheim.de\/wp-content\/uploads\/2016\/07\/Wir-f\u00fcllen-das-Stadion-9-5.jpg\" data-orig-size=\"1280,853\" data-comments-opened=\"\" data-image-meta=\"{&quot;aperture&quot;:&quot;0&quot;,&quot;credit&quot;:&quot;&quot;,&quot;camera&quot;:&quot;&quot;,&quot;caption&quot;:&quot;&quot;,&quot;created_timestamp&quot;:&quot;0&quot;,&quot;copyright&quot;:&quot;&quot;,&quot;focal_length&quot;:&quot;0&quot;,&quot;iso&quot;:&quot;0&quot;,&quot;shutter_speed&quot;:&quot;0&quot;,&quot;title&quot;:&quot;&quot;,&quot;orientation&quot;:&quot;0&quot;}\" data-image-title=\"Wir f\u00fcllen das Stadion 9 (5)\" data-image-description=\"\" data-medium-file=\"http:\/\/www.kjv-harheim.de\/wp-content\/uploads\/2016\/07\/Wir-f\u00fcllen-das-Stadion-9-5-300x200.jpg\" data-large-file=\"http:\/\/www.kjv-harheim.de\/wp-content\/uploads\/2016\/07\/Wir-f\u00fcllen-das-Stadion-9-5-1024x682.jpg\" src=\"https:\/\/i0.wp.com\/www.kjv-harheim.de\/wp-content\/uploads\/2016\/07\/Wir-f\u00fcllen-das-Stadion-9-5.jpg?w=440&#038;h=294\" width=\"440\" height=\"294\" data-original-width=\"440\" data-original-height=\"294\" itemprop=\"http:\/\/schema.org\/image\" title=\"Wir f\u00fcllen das Stadion 9 (5)\" alt=\"Wir f\u00fcllen das Stadion 9 (5)\" style=\"width: 440px; height: 294px;\" \/> <\/a> <\/div> <div class=\"tiled-gallery-item tiled-gallery-item-large\" itemprop=\"associatedMedia\" itemscope itemtype=\"http:\/\/schema.org\/ImageObject\"> <a href=\"http:\/\/www.kjv-harheim.de\/index.php\/2016\/07\/09\/wir-fuellen-das-stadion\/img_4081\/\" border=\"0\" itemprop=\"url\"> <meta itemprop=\"width\" content=\"440\"> <meta itemprop=\"height\" content=\"330\"> <img data-attachment-id=\"4386\" data-orig-file=\"http:\/\/www.kjv-harheim.de\/wp-content\/uploads\/2016\/07\/img_4081.jpg\" data-orig-size=\"3264,2448\" data-comments-opened=\"\" data-image-meta=\"{&quot;aperture&quot;:&quot;2.4&quot;,&quot;credit&quot;:&quot;&quot;,&quot;camera&quot;:&quot;iPhone 5&quot;,&quot;caption&quot;:&quot;&quot;,&quot;created_timestamp&quot;:&quot;1468086682&quot;,&quot;copyright&quot;:&quot;&quot;,&quot;focal_length&quot;:&quot;4.12&quot;,&quot;iso&quot;:&quot;80&quot;,&quot;shutter_speed&quot;:&quot;0.00833333333333&quot;,&quot;title&quot;:&quot;&quot;,&quot;orientation&quot;:&quot;1&quot;}\" data-image-title=\"Wir f\u00fcllen das Stadion 2\" data-image-description=\"\" data-medium-file=\"http:\/\/www.kjv-harheim.de\/wp-content\/uploads\/2016\/07\/img_4081-300x225.jpg\" data-large-file=\"http:\/\/www.kjv-harheim.de\/wp-content\/uploads\/2016\/07\/img_4081-1024x768.jpg\" src=\"https:\/\/i0.wp.com\/www.kjv-harheim.de\/wp-content\/uploads\/2016\/07\/img_4081.jpg?w=440&#038;h=330\" width=\"440\" height=\"330\" data-original-width=\"440\" data-original-height=\"330\" itemprop=\"http:\/\/schema.org\/image\" title=\"Wir f\u00fcllen das Stadion 2\" alt=\"Wir f\u00fcllen das Stadion 2\" style=\"width: 440px; height: 330px;\" \/> <\/a> <\/div> <div class=\"tiled-gallery-item tiled-gallery-item-large\" itemprop=\"associatedMedia\" itemscope itemtype=\"http:\/\/schema.org\/ImageObject\"> <a href=\"http:\/\/www.kjv-harheim.de\/index.php\/2016\/07\/09\/wir-fuellen-das-stadion\/img_4076\/\" border=\"0\" itemprop=\"url\"> <meta itemprop=\"width\" content=\"440\"> <meta itemprop=\"height\" content=\"330\"> <img data-attachment-id=\"4377\" data-orig-file=\"http:\/\/www.kjv-harheim.de\/wp-content\/uploads\/2016\/07\/img_4076.jpg\" data-orig-size=\"3264,2448\" data-comments-opened=\"\" data-image-meta=\"{&quot;aperture&quot;:&quot;2.4&quot;,&quot;credit&quot;:&quot;&quot;,&quot;camera&quot;:&quot;iPhone 5&quot;,&quot;caption&quot;:&quot;&quot;,&quot;created_timestamp&quot;:&quot;1468083593&quot;,&quot;copyright&quot;:&quot;&quot;,&quot;focal_length&quot;:&quot;4.12&quot;,&quot;iso&quot;:&quot;50&quot;,&quot;shutter_speed&quot;:&quot;0.00269541778976&quot;,&quot;title&quot;:&quot;&quot;,&quot;orientation&quot;:&quot;1&quot;}\" data-image-title=\"Wir f\u00fcllen das Stadion 7\" data-image-description=\"\" data-medium-file=\"http:\/\/www.kjv-harheim.de\/wp-content\/uploads\/2016\/07\/img_4076-300x225.jpg\" data-large-file=\"http:\/\/www.kjv-harheim.de\/wp-content\/uploads\/2016\/07\/img_4076-1024x768.jpg\" src=\"https:\/\/i0.wp.com\/www.kjv-harheim.de\/wp-content\/uploads\/2016\/07\/img_4076.jpg?w=440&#038;h=330\" width=\"440\" height=\"330\" data-original-width=\"440\" data-original-height=\"330\" itemprop=\"http:\/\/schema.org\/image\" title=\"Wir f\u00fcllen das Stadion 7\" alt=\"Wir f\u00fcllen das Stadion 7\" style=\"width: 440px; height: 330px;\" \/> <\/a> <\/div> <\/div> <!-- close group --> <\/div> <!-- close row --> <div class=\"gallery-row\" style=\"width: 1170px; height: 575px;\" data-original-width=\"1170\" data-original-height=\"575\" > <div class=\"gallery-group images-1\" style=\"width: 766px; height: 575px;\" data-original-width=\"766\" data-original-height=\"575\" > <div class=\"tiled-gallery-item tiled-gallery-item-large\" itemprop=\"associatedMedia\" itemscope itemtype=\"http:\/\/schema.org\/ImageObject\"> <a href=\"http:\/\/www.kjv-harheim.de\/index.php\/2016\/07\/09\/wir-fuellen-das-stadion\/img_4075\/\" border=\"0\" itemprop=\"url\"> <meta itemprop=\"width\" content=\"762\"> <meta itemprop=\"height\" content=\"571\"> <img data-attachment-id=\"4378\" data-orig-file=\"http:\/\/www.kjv-harheim.de\/wp-content\/uploads\/2016\/07\/img_4075.jpg\" data-orig-size=\"3264,2448\" data-comments-opened=\"\" data-image-meta=\"{&quot;aperture&quot;:&quot;2.4&quot;,&quot;credit&quot;:&quot;&quot;,&quot;camera&quot;:&quot;iPhone 5&quot;,&quot;caption&quot;:&quot;&quot;,&quot;created_timestamp&quot;:&quot;1468083576&quot;,&quot;copyright&quot;:&quot;&quot;,&quot;focal_length&quot;:&quot;4.12&quot;,&quot;iso&quot;:&quot;50&quot;,&quot;shutter_speed&quot;:&quot;0.00653594771242&quot;,&quot;title&quot;:&quot;&quot;,&quot;orientation&quot;:&quot;1&quot;}\" data-image-title=\"Wir f\u00fcllen das Stadion 8\" data-image-description=\"\" data-medium-file=\"http:\/\/www.kjv-harheim.de\/wp-content\/uploads\/2016\/07\/img_4075-300x225.jpg\" data-large-file=\"http:\/\/www.kjv-harheim.de\/wp-content\/uploads\/2016\/07\/img_4075-1024x768.jpg\" src=\"https:\/\/i0.wp.com\/www.kjv-harheim.de\/wp-content\/uploads\/2016\/07\/img_4075.jpg?w=762&#038;h=571\" width=\"762\" height=\"571\" data-original-width=\"762\" data-original-height=\"571\" itemprop=\"http:\/\/schema.org\/image\" title=\"Wir f\u00fcllen das Stadion 8\" alt=\"Wir f\u00fcllen das Stadion 8\" style=\"width: 762px; height: 571px;\" \/> <\/a> <\/div> <\/div> <!-- close group --> <div class=\"gallery-group images-2\" style=\"width: 404px; height: 575px;\" data-original-width=\"404\" data-original-height=\"575\" > <div class=\"tiled-gallery-item tiled-gallery-item-large\" itemprop=\"associatedMedia\" itemscope itemtype=\"http:\/\/schema.org\/ImageObject\"> <a href=\"http:\/\/www.kjv-harheim.de\/index.php\/2016\/07\/09\/wir-fuellen-das-stadion\/wir-fuellen-das-stadion-9-1\/\" border=\"0\" itemprop=\"url\"> <meta itemprop=\"width\" content=\"400\"> <meta itemprop=\"height\" content=\"267\"> <img data-attachment-id=\"4405\" data-orig-file=\"http:\/\/www.kjv-harheim.de\/wp-content\/uploads\/2016\/07\/Wir-f\u00fcllen-das-Stadion-9-1.jpg\" data-orig-size=\"1280,853\" data-comments-opened=\"\" data-image-meta=\"{&quot;aperture&quot;:&quot;0&quot;,&quot;credit&quot;:&quot;&quot;,&quot;camera&quot;:&quot;&quot;,&quot;caption&quot;:&quot;&quot;,&quot;created_timestamp&quot;:&quot;0&quot;,&quot;copyright&quot;:&quot;&quot;,&quot;focal_length&quot;:&quot;0&quot;,&quot;iso&quot;:&quot;0&quot;,&quot;shutter_speed&quot;:&quot;0&quot;,&quot;title&quot;:&quot;&quot;,&quot;orientation&quot;:&quot;0&quot;}\" data-image-title=\"Wir f\u00fcllen das Stadion 9 (1)\" data-image-description=\"\" data-medium-file=\"http:\/\/www.kjv-harheim.de\/wp-content\/uploads\/2016\/07\/Wir-f\u00fcllen-das-Stadion-9-1-300x200.jpg\" data-large-file=\"http:\/\/www.kjv-harheim.de\/wp-content\/uploads\/2016\/07\/Wir-f\u00fcllen-das-Stadion-9-1-1024x682.jpg\" src=\"https:\/\/i0.wp.com\/www.kjv-harheim.de\/wp-content\/uploads\/2016\/07\/Wir-f\u00fcllen-das-Stadion-9-1.jpg?w=400&#038;h=267\" width=\"400\" height=\"267\" data-original-width=\"400\" data-original-height=\"267\" itemprop=\"http:\/\/schema.org\/image\" title=\"Wir f\u00fcllen das Stadion 9 (1)\" alt=\"Wir f\u00fcllen das Stadion 9 (1)\" style=\"width: 400px; height: 267px;\" \/> <\/a> <\/div> <div class=\"tiled-gallery-item tiled-gallery-item-large\" itemprop=\"associatedMedia\" itemscope itemtype=\"http:\/\/schema.org\/ImageObject\"> <a href=\"http:\/\/www.kjv-harheim.de\/index.php\/2016\/07\/09\/wir-fuellen-das-stadion\/img_4063\/\" border=\"0\" itemprop=\"url\"> <meta itemprop=\"width\" content=\"400\"> <meta itemprop=\"height\" content=\"300\"> <img data-attachment-id=\"4380\" data-orig-file=\"http:\/\/www.kjv-harheim.de\/wp-content\/uploads\/2016\/07\/img_4063.jpg\" data-orig-size=\"3264,2448\" data-comments-opened=\"\" data-image-meta=\"{&quot;aperture&quot;:&quot;2.4&quot;,&quot;credit&quot;:&quot;&quot;,&quot;camera&quot;:&quot;iPhone 5&quot;,&quot;caption&quot;:&quot;&quot;,&quot;created_timestamp&quot;:&quot;1468081951&quot;,&quot;copyright&quot;:&quot;&quot;,&quot;focal_length&quot;:&quot;4.12&quot;,&quot;iso&quot;:&quot;50&quot;,&quot;shutter_speed&quot;:&quot;0.00833333333333&quot;,&quot;title&quot;:&quot;&quot;,&quot;orientation&quot;:&quot;1&quot;}\" data-image-title=\"Wir f\u00fcllen das Stadion 6\" data-image-description=\"\" data-medium-file=\"http:\/\/www.kjv-harheim.de\/wp-content\/uploads\/2016\/07\/img_4063-300x225.jpg\" data-large-file=\"http:\/\/www.kjv-harheim.de\/wp-content\/uploads\/2016\/07\/img_4063-1024x768.jpg\" src=\"https:\/\/i0.wp.com\/www.kjv-harheim.de\/wp-content\/uploads\/2016\/07\/img_4063.jpg?w=400&#038;h=300\" width=\"400\" height=\"300\" data-original-width=\"400\" data-original-height=\"300\" itemprop=\"http:\/\/schema.org\/image\" title=\"Wir f\u00fcllen das Stadion 6\" alt=\"Wir f\u00fcllen das Stadion 6\" style=\"width: 400px; height: 300px;\" \/> <\/a> <\/div> <\/div> <!-- close group --> <\/div> <!-- close row --> <div class=\"gallery-row\" style=\"width: 1170px; height: 160px;\" data-original-width=\"1170\" data-original-height=\"160\" > <div class=\"gallery-group images-1\" style=\"width: 238px; height: 160px;\" data-original-width=\"238\" data-original-height=\"160\" > <div class=\"tiled-gallery-item tiled-gallery-item-small\" itemprop=\"associatedMedia\" itemscope itemtype=\"http:\/\/schema.org\/ImageObject\"> <a href=\"http:\/\/www.kjv-harheim.de\/index.php\/2016\/07\/09\/wir-fuellen-das-stadion\/wir-fuellen-das-stadion-9-3\/\" border=\"0\" itemprop=\"url\"> <meta itemprop=\"width\" content=\"234\"> <meta itemprop=\"height\" content=\"156\"> <img data-attachment-id=\"4407\" data-orig-file=\"http:\/\/www.kjv-harheim.de\/wp-content\/uploads\/2016\/07\/Wir-f\u00fcllen-das-Stadion-9-3.jpg\" data-orig-size=\"1280,853\" data-comments-opened=\"\" data-image-meta=\"{&quot;aperture&quot;:&quot;0&quot;,&quot;credit&quot;:&quot;&quot;,&quot;camera&quot;:&quot;&quot;,&quot;caption&quot;:&quot;&quot;,&quot;created_timestamp&quot;:&quot;0&quot;,&quot;copyright&quot;:&quot;&quot;,&quot;focal_length&quot;:&quot;0&quot;,&quot;iso&quot;:&quot;0&quot;,&quot;shutter_speed&quot;:&quot;0&quot;,&quot;title&quot;:&quot;&quot;,&quot;orientation&quot;:&quot;0&quot;}\" data-image-title=\"Wir f\u00fcllen das Stadion 9 (3)\" data-image-description=\"\" data-medium-file=\"http:\/\/www.kjv-harheim.de\/wp-content\/uploads\/2016\/07\/Wir-f\u00fcllen-das-Stadion-9-3-300x200.jpg\" data-large-file=\"http:\/\/www.kjv-harheim.de\/wp-content\/uploads\/2016\/07\/Wir-f\u00fcllen-das-Stadion-9-3-1024x682.jpg\" src=\"https:\/\/i0.wp.com\/www.kjv-harheim.de\/wp-content\/uploads\/2016\/07\/Wir-f\u00fcllen-das-Stadion-9-3.jpg?w=234&#038;h=156\" width=\"234\" height=\"156\" data-original-width=\"234\" data-original-height=\"156\" itemprop=\"http:\/\/schema.org\/image\" title=\"Wir f\u00fcllen das Stadion 9 (3)\" alt=\"Wir f\u00fcllen das Stadion 9 (3)\" style=\"width: 234px; height: 156px;\" \/> <\/a> <\/div> <\/div> <!-- close group --> <div class=\"gallery-group images-1\" style=\"width: 238px; height: 160px;\" data-original-width=\"238\" data-original-height=\"160\" > <div class=\"tiled-gallery-item tiled-gallery-item-small\" itemprop=\"associatedMedia\" itemscope itemtype=\"http:\/\/schema.org\/ImageObject\"> <a href=\"http:\/\/www.kjv-harheim.de\/index.php\/2016\/07\/09\/wir-fuellen-das-stadion\/wir-fuellen-das-stadion-9-2\/\" border=\"0\" itemprop=\"url\"> <meta itemprop=\"width\" content=\"234\"> <meta itemprop=\"height\" content=\"156\"> <img data-attachment-id=\"4406\" data-orig-file=\"http:\/\/www.kjv-harheim.de\/wp-content\/uploads\/2016\/07\/Wir-f\u00fcllen-das-Stadion-9-2.jpg\" data-orig-size=\"1280,853\" data-comments-opened=\"\" data-image-meta=\"{&quot;aperture&quot;:&quot;0&quot;,&quot;credit&quot;:&quot;&quot;,&quot;camera&quot;:&quot;&quot;,&quot;caption&quot;:&quot;&quot;,&quot;created_timestamp&quot;:&quot;0&quot;,&quot;copyright&quot;:&quot;&quot;,&quot;focal_length&quot;:&quot;0&quot;,&quot;iso&quot;:&quot;0&quot;,&quot;shutter_speed&quot;:&quot;0&quot;,&quot;title&quot;:&quot;&quot;,&quot;orientation&quot;:&quot;0&quot;}\" data-image-title=\"Wir f\u00fcllen das Stadion 9 (2)\" data-image-description=\"\" data-medium-file=\"http:\/\/www.kjv-harheim.de\/wp-content\/uploads\/2016\/07\/Wir-f\u00fcllen-das-Stadion-9-2-300x200.jpg\" data-large-file=\"http:\/\/www.kjv-harheim.de\/wp-content\/uploads\/2016\/07\/Wir-f\u00fcllen-das-Stadion-9-2-1024x682.jpg\" src=\"https:\/\/i0.wp.com\/www.kjv-harheim.de\/wp-content\/uploads\/2016\/07\/Wir-f\u00fcllen-das-Stadion-9-2.jpg?w=234&#038;h=156\" width=\"234\" height=\"156\" data-original-width=\"234\" data-original-height=\"156\" itemprop=\"http:\/\/schema.org\/image\" title=\"Wir f\u00fcllen das Stadion 9 (2)\" alt=\"Wir f\u00fcllen das Stadion 9 (2)\" style=\"width: 234px; height: 156px;\" \/> <\/a> <\/div> <\/div> <!-- close group --> <div class=\"gallery-group images-1\" style=\"width: 694px; height: 160px;\" data-original-width=\"694\" data-original-height=\"160\" > <div class=\"tiled-gallery-item tiled-gallery-item-large\" itemprop=\"associatedMedia\" itemscope itemtype=\"http:\/\/schema.org\/ImageObject\"> <a href=\"http:\/\/www.kjv-harheim.de\/index.php\/2016\/07\/09\/wir-fuellen-das-stadion\/img_4079\/\" border=\"0\" itemprop=\"url\"> <meta itemprop=\"width\" content=\"690\"> <meta itemprop=\"height\" content=\"156\"> <img data-attachment-id=\"4381\" data-orig-file=\"http:\/\/www.kjv-harheim.de\/wp-content\/uploads\/2016\/07\/img_4079.jpg\" data-orig-size=\"10800,2438\" data-comments-opened=\"\" data-image-meta=\"{&quot;aperture&quot;:&quot;2.4&quot;,&quot;credit&quot;:&quot;&quot;,&quot;camera&quot;:&quot;iPhone 5&quot;,&quot;caption&quot;:&quot;&quot;,&quot;created_timestamp&quot;:&quot;1468083646&quot;,&quot;copyright&quot;:&quot;&quot;,&quot;focal_length&quot;:&quot;4.12&quot;,&quot;iso&quot;:&quot;100&quot;,&quot;shutter_speed&quot;:&quot;0.000996015936255&quot;,&quot;title&quot;:&quot;&quot;,&quot;orientation&quot;:&quot;1&quot;}\" data-image-title=\"Wir f\u00fcllen das Stadion 4\" data-image-description=\"\" data-medium-file=\"http:\/\/www.kjv-harheim.de\/wp-content\/uploads\/2016\/07\/img_4079-300x68.jpg\" data-large-file=\"http:\/\/www.kjv-harheim.de\/wp-content\/uploads\/2016\/07\/img_4079-1024x231.jpg\" src=\"https:\/\/i0.wp.com\/www.kjv-harheim.de\/wp-content\/uploads\/2016\/07\/img_4079.jpg?w=690&#038;h=156\" width=\"690\" height=\"156\" data-original-width=\"690\" data-original-height=\"156\" itemprop=\"http:\/\/schema.org\/image\" title=\"Wir f\u00fcllen das Stadion 4\" alt=\"Wir f\u00fcllen das Stadion 4\" style=\"width: 690px; height: 156px;\" \/> <\/a> <\/div> <\/div> <!-- close group --> <\/div> <!-- close row --> <div class=\"gallery-row\" style=\"width: 1170px; height: 532px;\" data-original-width=\"1170\" data-original-height=\"532\" > <div class=\"gallery-group images-2\" style=\"width: 374px; height: 532px;\" data-original-width=\"374\" data-original-height=\"532\" > <div class=\"tiled-gallery-item tiled-gallery-item-large\" itemprop=\"associatedMedia\" itemscope itemtype=\"http:\/\/schema.org\/ImageObject\"> <a href=\"http:\/\/www.kjv-harheim.de\/index.php\/2016\/07\/09\/wir-fuellen-das-stadion\/img_4084\/\" border=\"0\" itemprop=\"url\"> <meta itemprop=\"width\" content=\"370\"> <meta itemprop=\"height\" content=\"277\"> <img data-attachment-id=\"4384\" data-orig-file=\"http:\/\/www.kjv-harheim.de\/wp-content\/uploads\/2016\/07\/img_4084.jpg\" data-orig-size=\"3264,2448\" data-comments-opened=\"\" data-image-meta=\"{&quot;aperture&quot;:&quot;2.4&quot;,&quot;credit&quot;:&quot;&quot;,&quot;camera&quot;:&quot;iPhone 5&quot;,&quot;caption&quot;:&quot;&quot;,&quot;created_timestamp&quot;:&quot;1468087395&quot;,&quot;copyright&quot;:&quot;&quot;,&quot;focal_length&quot;:&quot;4.12&quot;,&quot;iso&quot;:&quot;50&quot;,&quot;shutter_speed&quot;:&quot;0.00699300699301&quot;,&quot;title&quot;:&quot;&quot;,&quot;orientation&quot;:&quot;1&quot;}\" data-image-title=\"Wir f\u00fcllen das Stadion 3\" data-image-description=\"\" data-medium-file=\"http:\/\/www.kjv-harheim.de\/wp-content\/uploads\/2016\/07\/img_4084-300x225.jpg\" data-large-file=\"http:\/\/www.kjv-harheim.de\/wp-content\/uploads\/2016\/07\/img_4084-1024x768.jpg\" src=\"https:\/\/i0.wp.com\/www.kjv-harheim.de\/wp-content\/uploads\/2016\/07\/img_4084.jpg?w=370&#038;h=277\" width=\"370\" height=\"277\" data-original-width=\"370\" data-original-height=\"277\" itemprop=\"http:\/\/schema.org\/image\" title=\"Wir f\u00fcllen das Stadion 3\" alt=\"Wir f\u00fcllen das Stadion 3\" style=\"width: 370px; height: 277px;\" \/> <\/a> <\/div> <div class=\"tiled-gallery-item tiled-gallery-item-large\" itemprop=\"associatedMedia\" itemscope itemtype=\"http:\/\/schema.org\/ImageObject\"> <a href=\"http:\/\/www.kjv-harheim.de\/index.php\/2016\/07\/09\/wir-fuellen-das-stadion\/wir-fuellen-das-stadion-9-6\/\" border=\"0\" itemprop=\"url\"> <meta itemprop=\"width\" content=\"370\"> <meta itemprop=\"height\" content=\"247\"> <img data-attachment-id=\"4410\" data-orig-file=\"http:\/\/www.kjv-harheim.de\/wp-content\/uploads\/2016\/07\/Wir-f\u00fcllen-das-Stadion-9-6.jpg\" data-orig-size=\"1280,853\" data-comments-opened=\"\" data-image-meta=\"{&quot;aperture&quot;:&quot;0&quot;,&quot;credit&quot;:&quot;&quot;,&quot;camera&quot;:&quot;&quot;,&quot;caption&quot;:&quot;&quot;,&quot;created_timestamp&quot;:&quot;0&quot;,&quot;copyright&quot;:&quot;&quot;,&quot;focal_length&quot;:&quot;0&quot;,&quot;iso&quot;:&quot;0&quot;,&quot;shutter_speed&quot;:&quot;0&quot;,&quot;title&quot;:&quot;&quot;,&quot;orientation&quot;:&quot;0&quot;}\" data-image-title=\"Wir f\u00fcllen das Stadion 9 (6)\" data-image-description=\"\" data-medium-file=\"http:\/\/www.kjv-harheim.de\/wp-content\/uploads\/2016\/07\/Wir-f\u00fcllen-das-Stadion-9-6-300x200.jpg\" data-large-file=\"http:\/\/www.kjv-harheim.de\/wp-content\/uploads\/2016\/07\/Wir-f\u00fcllen-das-Stadion-9-6-1024x682.jpg\" src=\"https:\/\/i0.wp.com\/www.kjv-harheim.de\/wp-content\/uploads\/2016\/07\/Wir-f\u00fcllen-das-Stadion-9-6.jpg?w=370&#038;h=247\" width=\"370\" height=\"247\" data-original-width=\"370\" data-original-height=\"247\" itemprop=\"http:\/\/schema.org\/image\" title=\"Wir f\u00fcllen das Stadion 9 (6)\" alt=\"Wir f\u00fcllen das Stadion 9 (6)\" style=\"width: 370px; height: 247px;\" \/> <\/a> <\/div> <\/div> <!-- close group --> <div class=\"gallery-group images-1\" style=\"width: 796px; height: 532px;\" data-original-width=\"796\" data-original-height=\"532\" > <div class=\"tiled-gallery-item tiled-gallery-item-large\" itemprop=\"associatedMedia\" itemscope itemtype=\"http:\/\/schema.org\/ImageObject\"> <a href=\"http:\/\/www.kjv-harheim.de\/index.php\/2016\/07\/09\/wir-fuellen-das-stadion\/wir-fuellen-das-stadion-9-7\/\" border=\"0\" itemprop=\"url\"> <meta itemprop=\"width\" content=\"792\"> <meta itemprop=\"height\" content=\"528\"> <img data-attachment-id=\"4411\" data-orig-file=\"http:\/\/www.kjv-harheim.de\/wp-content\/uploads\/2016\/07\/Wir-f\u00fcllen-das-Stadion-9-7.jpg\" data-orig-size=\"1280,853\" data-comments-opened=\"\" data-image-meta=\"{&quot;aperture&quot;:&quot;0&quot;,&quot;credit&quot;:&quot;&quot;,&quot;camera&quot;:&quot;&quot;,&quot;caption&quot;:&quot;&quot;,&quot;created_timestamp&quot;:&quot;0&quot;,&quot;copyright&quot;:&quot;&quot;,&quot;focal_length&quot;:&quot;0&quot;,&quot;iso&quot;:&quot;0&quot;,&quot;shutter_speed&quot;:&quot;0&quot;,&quot;title&quot;:&quot;&quot;,&quot;orientation&quot;:&quot;0&quot;}\" data-image-title=\"Wir f\u00fcllen das Stadion 9 (7)\" data-image-description=\"\" data-medium-file=\"http:\/\/www.kjv-harheim.de\/wp-content\/uploads\/2016\/07\/Wir-f\u00fcllen-das-Stadion-9-7-300x200.jpg\" data-large-file=\"http:\/\/www.kjv-harheim.de\/wp-content\/uploads\/2016\/07\/Wir-f\u00fcllen-das-Stadion-9-7-1024x682.jpg\" src=\"https:\/\/i0.wp.com\/www.kjv-harheim.de\/wp-content\/uploads\/2016\/07\/Wir-f\u00fcllen-das-Stadion-9-7.jpg?w=792&#038;h=528\" width=\"792\" height=\"528\" data-original-width=\"792\" data-original-height=\"528\" itemprop=\"http:\/\/schema.org\/image\" title=\"Wir f\u00fcllen das Stadion 9 (7)\" alt=\"Wir f\u00fcllen das Stadion 9 (7)\" style=\"width: 792px; height: 528px;\" \/> <\/a> <\/div> <\/div> <!-- close group --> <\/div> <!-- close row --> <div class=\"gallery-row\" style=\"width: 1170px; height: 414px;\" data-original-width=\"1170\" data-original-height=\"414\" > <div class=\"gallery-group images-1\" style=\"width: 551px; height: 414px;\" data-original-width=\"551\" data-original-height=\"414\" > <div class=\"tiled-gallery-item tiled-gallery-item-large\" itemprop=\"associatedMedia\" itemscope itemtype=\"http:\/\/schema.org\/ImageObject\"> <a href=\"http:\/\/www.kjv-harheim.de\/index.php\/2016\/07\/09\/wir-fuellen-das-stadion\/img_4087\/\" border=\"0\" itemprop=\"url\"> <meta itemprop=\"width\" content=\"547\"> <meta itemprop=\"height\" content=\"410\"> <img data-attachment-id=\"4387\" data-orig-file=\"http:\/\/www.kjv-harheim.de\/wp-content\/uploads\/2016\/07\/img_4087.jpg\" data-orig-size=\"3264,2448\" data-comments-opened=\"\" data-image-meta=\"{&quot;aperture&quot;:&quot;2.4&quot;,&quot;credit&quot;:&quot;&quot;,&quot;camera&quot;:&quot;iPhone 5&quot;,&quot;caption&quot;:&quot;&quot;,&quot;created_timestamp&quot;:&quot;1468087819&quot;,&quot;copyright&quot;:&quot;&quot;,&quot;focal_length&quot;:&quot;4.12&quot;,&quot;iso&quot;:&quot;50&quot;,&quot;shutter_speed&quot;:&quot;0.00833333333333&quot;,&quot;title&quot;:&quot;&quot;,&quot;orientation&quot;:&quot;1&quot;}\" data-image-title=\"Wir f\u00fcllen das Stadion\" data-image-description=\"\" data-medium-file=\"http:\/\/www.kjv-harheim.de\/wp-content\/uploads\/2016\/07\/img_4087-300x225.jpg\" data-large-file=\"http:\/\/www.kjv-harheim.de\/wp-content\/uploads\/2016\/07\/img_4087-1024x768.jpg\" src=\"https:\/\/i0.wp.com\/www.kjv-harheim.de\/wp-content\/uploads\/2016\/07\/img_4087.jpg?w=547&#038;h=410\" width=\"547\" height=\"410\" data-original-width=\"547\" data-original-height=\"410\" itemprop=\"http:\/\/schema.org\/image\" title=\"Wir f\u00fcllen das Stadion\" alt=\"Wir f\u00fcllen das Stadion\" style=\"width: 547px; height: 410px;\" \/> <\/a> <\/div> <\/div> <!-- close group --> <div class=\"gallery-group images-1\" style=\"width: 619px; height: 414px;\" data-original-width=\"619\" data-original-height=\"414\" > <div class=\"tiled-gallery-item tiled-gallery-item-large\" itemprop=\"associatedMedia\" itemscope itemtype=\"http:\/\/schema.org\/ImageObject\"> <a href=\"http:\/\/www.kjv-harheim.de\/index.php\/2016\/07\/09\/wir-fuellen-das-stadion\/wir-fuellen-das-stadion-9-4\/\" border=\"0\" itemprop=\"url\"> <meta itemprop=\"width\" content=\"615\"> <meta itemprop=\"height\" content=\"410\"> <img data-attachment-id=\"4408\" data-orig-file=\"http:\/\/www.kjv-harheim.de\/wp-content\/uploads\/2016\/07\/Wir-f\u00fcllen-das-Stadion-9-4.jpg\" data-orig-size=\"1280,853\" data-comments-opened=\"\" data-image-meta=\"{&quot;aperture&quot;:&quot;0&quot;,&quot;credit&quot;:&quot;&quot;,&quot;camera&quot;:&quot;&quot;,&quot;caption&quot;:&quot;&quot;,&quot;created_timestamp&quot;:&quot;0&quot;,&quot;copyright&quot;:&quot;&quot;,&quot;focal_length&quot;:&quot;0&quot;,&quot;iso&quot;:&quot;0&quot;,&quot;shutter_speed&quot;:&quot;0&quot;,&quot;title&quot;:&quot;&quot;,&quot;orientation&quot;:&quot;0&quot;}\" data-image-title=\"Wir f\u00fcllen das Stadion 9 (4)\" data-image-description=\"\" data-medium-file=\"http:\/\/www.kjv-harheim.de\/wp-content\/uploads\/2016\/07\/Wir-f\u00fcllen-das-Stadion-9-4-300x200.jpg\" data-large-file=\"http:\/\/www.kjv-harheim.de\/wp-content\/uploads\/2016\/07\/Wir-f\u00fcllen-das-Stadion-9-4-1024x682.jpg\" src=\"https:\/\/i0.wp.com\/www.kjv-harheim.de\/wp-content\/uploads\/2016\/07\/Wir-f\u00fcllen-das-Stadion-9-4.jpg?w=615&#038;h=410\" width=\"615\" height=\"410\" data-original-width=\"615\" data-original-height=\"410\" itemprop=\"http:\/\/schema.org\/image\" title=\"Wir f\u00fcllen das Stadion 9 (4)\" alt=\"Wir f\u00fcllen das Stadion 9 (4)\" style=\"width: 615px; height: 410px;\" \/> <\/a> <\/div> <\/div> <!-- close group --> <\/div> <!-- close row --> <\/div>\n<h6 style=\"text-align: center;\"><\/h6>\n<h6 style=\"text-align: center;\">(Vielen Dank an Daniel f\u00fcr die sch\u00f6nen Bilder:))<\/h6>\n<p style=\"text-align: center;\"><a href=\"https:\/\/www.facebook.com\/WirfuellendasStadion\/\">Wir f\u00fcllen das Stadion gibt es auch auf Facebook<\/a><\/p>\n<div id=\"geo-post-4382\" class=\"geo geo-post\" style=\"display: none\"><span class=\"latitude\"><\/span><span class=\"longitude\"><\/span><\/div>","protected":false},"excerpt":{"rendered":"<p>Der KJV ist Weltrekordhalter ! 7\u200a548 Musiker aus dem In- und Ausland haben am Samstag in der Frankfurter Commerzbank-Arena das gr\u00f6\u00dfte Orchester aller Zeiten gebildet und sich damit einen Eintrag ins Buch der Rekorde gesichert. UND DER KJV WAR DABEI !! \u00a0 Ein Wahnsinnserlebnis&#8230; In einem Stadion so vielen Musikern beim Musizieren zuzuschauen und h\u00f6ren. [&hellip;]<\/p>\n","protected":false},"author":1,"featured_media":4387,"comment_status":"closed","ping_status":"open","sticky":false,"template":"","format":"gallery","meta":{"jetpack_post_was_ever_published":false,"jetpack_publicize_message":"","jetpack_is_tweetstorm":false,"jetpack_publicize_feature_enabled":true,"jetpack_social_post_already_shared":true,"jetpack_social_options":{"image_generator_settings":{"template":"highway","enabled":false}}},"categories":[65,46],"tags":[72,71],"jetpack_publicize_connections":[],"jetpack_featured_media_url":"http:\/\/www.kjv-harheim.de\/wp-content\/uploads\/2016\/07\/img_4087.jpg","jetpack_sharing_enabled":true,"jetpack_shortlink":"https:\/\/wp.me\/p7HeFu-18G","jetpack-related-posts":[{"id":4137,"url":"http:\/\/www.kjv-harheim.de\/index.php\/2016\/07\/07\/rekordjagd-am-09-07-2016-und-der-kjv-musikzug-ist-dabei\/","url_meta":{"origin":4382,"position":0},"title":"Rekordjagd am 09.07.2016 &#8211; und der KJV Musikzug ist dabei","date":"7. Juli 2016","format":false,"excerpt":"Unter dem Motto \"Wir f\u00fcllen das Stadion\" wird es am 09.07. in der Commerzbank-Arena einen Rekordversuch geben, 10.000 Teilnehmer zum gemeinsamen Musizieren zusammen zu bringen. Der KJV Musikzug beteiligt sich an der dieser Rekordjagd. Wir dr\u00fccken nat\u00fcrlich die Daumen, dass wir den alten Rekord einstellen k\u00f6nnen.","rel":"","context":"In &quot;+++ NEWS +++&quot;","img":{"alt_text":"","src":"","width":0,"height":0},"classes":[]},{"id":5073,"url":"http:\/\/www.kjv-harheim.de\/index.php\/2016\/11\/08\/familiennachmittag-2016-ein-rueckblick\/","url_meta":{"origin":4382,"position":1},"title":"Familiennachmittag 2016 &#8211; ein R\u00fcckblick","date":"8. November 2016","format":false,"excerpt":"Familiennachmittag 2016: Weltpremiere \u2013 Weltrekord \u2013 weltklasse! Am 06.11.2016 feierte der KJV seinen Familiennachmittag. Zum ersten Mal w\u00e4hlten wir hierf\u00fcr einen Termin im November, um so den Jahresbeginn f\u00fcr alle Beteiligten etwas zu entlasten. Ein Blick in den Programmverlauf zeigte: dieser Familiennachmittag ist picke-packe-voll mit den tollsten Darbietungen! Zu Beginn\u2026","rel":"","context":"In &quot;+++ NEWS +++&quot;","img":{"alt_text":"","src":"","width":0,"height":0},"classes":[]},{"id":5503,"url":"http:\/\/www.kjv-harheim.de\/index.php\/2017\/11\/02\/der-kjv-musikzug-in-altleiningen\/","url_meta":{"origin":4382,"position":2},"title":"Der KJV Musikzug in Altleiningen","date":"2. November 2017","format":false,"excerpt":"Probenwochenende 27. bis 29. Oktober 2017 nach Altleiningen Am 27. Oktober erreichten 24 Musiker, nach einer staureichen Anfahrt, die Jugendherberge Altleiningen um dort das Probenwochenende 2017 zu verbringen. An diesem Wochenende sollten die St\u00fccke f\u00fcr den Familiennachmittag noch einmal intensiv geprobt werden. Aber auch die \u201ekleinen\u201c Musiker bekamen die Gelegenheit\u2026","rel":"","context":"In &quot;Ausfl\u00fcge&quot;","img":{"alt_text":"","src":"https:\/\/i0.wp.com\/www.kjv-harheim.de\/wp-content\/uploads\/2017\/11\/01_altleiningen_portrait.jpg?resize=350%2C200","width":350,"height":200},"classes":[]},{"id":215,"url":"http:\/\/www.kjv-harheim.de\/index.php\/2012\/04\/20\/musikzug\/","url_meta":{"origin":4382,"position":3},"title":"Was macht denn der Musikzug so?","date":"20. April 2012","format":false,"excerpt":"Der Musikzug besteht aus rund 20 Aktiven an den Instrumenten Schlagzeug, Querfl\u00f6te, Klarinette, Saxophon, Trompete, Tenorhorn und Tuba. \u00dcber jeden Neuzugang freuen wir uns nat\u00fcrlich! Das Repertoire des Musikzuges deckt ein breites Feld an Musikrichtungen ab. F\u00fcr die Musiker besteht die M\u00f6glichkeit, sich aktiv an der Auswahl der Musikst\u00fccke\u00a0 zu\u2026","rel":"","context":"In &quot;Musikzug&quot;","img":{"alt_text":"","src":"","width":0,"height":0},"classes":[]},{"id":7575,"url":"http:\/\/www.kjv-harheim.de\/index.php\/2024\/02\/02\/grosse-rosenmontagssitzung\/","url_meta":{"origin":4382,"position":4},"title":"Gro\u00dfe Rosenmontagssitzung","date":"2. Februar 2024","format":false,"excerpt":"Rosenmontagssitzung Der H\u00f6hepunkt das n\u00e4rrischen Treibens wird dann wieder am Rosenmontag, den\u00a012.02.2024 erreicht. Die traditionelle und bunte Rosenmontagssitzung des KJV\u00a0im\u00a0B\u00fcrgerhaus\u00a0Harheim ist wieder gespickt mit vielen abwechslungsreichen Vortr\u00e4gen und den\u00a0tollen\u00a0T\u00e4nzen der KJV-Gruppen.\u00a0Wichtiger Teil\u00a0des abwechslungsreichen Programms\u00a0ist\u00a0nat\u00fcrlich auch\u00a0die musikalische\u00a0durch den\u00a0KJV-Musikzug und dem beliebten\u00a0Duo Royal. Einlass und \u00d6ffnung der Abendkasse ist ab 18:45 Uhr,\u2026","rel":"","context":"In &quot;Fastnacht&quot;","img":{"alt_text":"","src":"https:\/\/i0.wp.com\/www.kjv-harheim.de\/wp-content\/uploads\/2024\/02\/IMG_6380.png?resize=350%2C200","width":350,"height":200},"classes":[]},{"id":459,"url":"http:\/\/www.kjv-harheim.de\/index.php\/2012\/05\/19\/brunnenfest-mal-anders\/","url_meta":{"origin":4382,"position":5},"title":"Brunnenfest mal &#8222;anders&#8220;","date":"19. Mai 2012","format":false,"excerpt":"Vielen wird es aufgefallen sein... Das Brunnenfest 2012 hatte ein komplett neues Konzept. Zusammen mit der Harheimer Feuerwehr, dem Harheimer Musikverein und der\u00a0Firma ASound & Light hat der KJV dieses Jahr eine komplett\u00a0neue Idee umgesetzt. Kein gro\u00dfes Festzelt, sondern mehrere Sitzgruppen verteilt \u00fcber den ganzen Platz, gro\u00dfe Sonnenschirme,\u00a0sowie eine \"Open\u2026","rel":"","context":"In &quot;Feste&quot;","img":{"alt_text":"","src":"","width":0,"height":0},"classes":[]}],"_links":{"self":[{"href":"http:\/\/www.kjv-harheim.de\/index.php\/wp-json\/wp\/v2\/posts\/4382"}],"collection":[{"href":"http:\/\/www.kjv-harheim.de\/index.php\/wp-json\/wp\/v2\/posts"}],"about":[{"href":"http:\/\/www.kjv-harheim.de\/index.php\/wp-json\/wp\/v2\/types\/post"}],"author":[{"embeddable":true,"href":"http:\/\/www.kjv-harheim.de\/index.php\/wp-json\/wp\/v2\/users\/1"}],"replies":[{"embeddable":true,"href":"http:\/\/www.kjv-harheim.de\/index.php\/wp-json\/wp\/v2\/comments?post=4382"}],"version-history":[{"count":22,"href":"http:\/\/www.kjv-harheim.de\/index.php\/wp-json\/wp\/v2\/posts\/4382\/revisions"}],"predecessor-version":[{"id":4420,"href":"http:\/\/www.kjv-harheim.de\/index.php\/wp-json\/wp\/v2\/posts\/4382\/revisions\/4420"}],"wp:featuredmedia":[{"embeddable":true,"href":"http:\/\/www.kjv-harheim.de\/index.php\/wp-json\/wp\/v2\/media\/4387"}],"wp:attachment":[{"href":"http:\/\/www.kjv-harheim.de\/index.php\/wp-json\/wp\/v2\/media?parent=4382"}],"wp:term":[{"taxonomy":"category","embeddable":true,"href":"http:\/\/www.kjv-harheim.de\/index.php\/wp-json\/wp\/v2\/categories?post=4382"},{"taxonomy":"post_tag","embeddable":true,"href":"http:\/\/www.kjv-harheim.de\/index.php\/wp-json\/wp\/v2\/tags?post=4382"}],"curies":[{"name":"wp","href":"https:\/\/api.w.org\/{rel}","templated":true}]}}