{"id":4428,"date":"2016-07-14T20:54:56","date_gmt":"2016-07-14T18:54:56","guid":{"rendered":"http:\/\/www.kjv-harheim.de\/?p=4428"},"modified":"2023-01-17T17:08:39","modified_gmt":"2023-01-17T16:08:39","slug":"bilder-fastnacht-2015","status":"publish","type":"post","link":"http:\/\/www.kjv-harheim.de\/index.php\/2016\/07\/14\/bilder-fastnacht-2015\/","title":{"rendered":"Bilder Fastnacht 2015"},"content":{"rendered":"<div class=\"tiled-gallery type-rectangular tiled-gallery-unresized\" data-original-width=\"1170\" data-carousel-extra='{&quot;blog_id&quot;:1,&quot;permalink&quot;:&quot;http:\\\/\\\/www.kjv-harheim.de\\\/index.php\\\/2016\\\/07\\\/14\\\/bilder-fastnacht-2015\\\/&quot;,&quot;likes_blog_id&quot;:113738844}' itemscope itemtype=\"http:\/\/schema.org\/ImageGallery\" > <div class=\"gallery-row\" style=\"width: 1170px; height: 521px;\" data-original-width=\"1170\" data-original-height=\"521\" > <div class=\"gallery-group images-1\" style=\"width: 781px; height: 521px;\" data-original-width=\"781\" data-original-height=\"521\" > <div class=\"tiled-gallery-item tiled-gallery-item-large\" itemprop=\"associatedMedia\" itemscope itemtype=\"http:\/\/schema.org\/ImageObject\"> <a href=\"http:\/\/www.kjv-harheim.de\/index.php\/2016\/07\/14\/bilder-fastnacht-2015\/fasching-2015-1\/\" border=\"0\" itemprop=\"url\"> <meta itemprop=\"width\" content=\"777\"> <meta itemprop=\"height\" content=\"517\"> <img data-attachment-id=\"4429\" data-orig-file=\"http:\/\/www.kjv-harheim.de\/wp-content\/uploads\/2016\/07\/Fasching-2015-1.jpg\" data-orig-size=\"1024,682\" data-comments-opened=\"\" data-image-meta=\"{&quot;aperture&quot;:&quot;0&quot;,&quot;credit&quot;:&quot;&quot;,&quot;camera&quot;:&quot;&quot;,&quot;caption&quot;:&quot;&quot;,&quot;created_timestamp&quot;:&quot;0&quot;,&quot;copyright&quot;:&quot;&quot;,&quot;focal_length&quot;:&quot;0&quot;,&quot;iso&quot;:&quot;0&quot;,&quot;shutter_speed&quot;:&quot;0&quot;,&quot;title&quot;:&quot;&quot;,&quot;orientation&quot;:&quot;0&quot;}\" data-image-title=\"Fasching-2015 (1)\" data-image-description=\"\" data-medium-file=\"http:\/\/www.kjv-harheim.de\/wp-content\/uploads\/2016\/07\/Fasching-2015-1-300x200.jpg\" data-large-file=\"http:\/\/www.kjv-harheim.de\/wp-content\/uploads\/2016\/07\/Fasching-2015-1-1024x682.jpg\" src=\"https:\/\/i0.wp.com\/www.kjv-harheim.de\/wp-content\/uploads\/2016\/07\/Fasching-2015-1.jpg?w=777&#038;h=517\" width=\"777\" height=\"517\" data-original-width=\"777\" data-original-height=\"517\" itemprop=\"http:\/\/schema.org\/image\" title=\"Fasching-2015 (1)\" alt=\"Fasching-2015 (1)\" style=\"width: 777px; height: 517px;\" \/> <\/a> <\/div> <\/div> <!-- close group --> <div class=\"gallery-group images-2\" style=\"width: 389px; height: 521px;\" data-original-width=\"389\" data-original-height=\"521\" > <div class=\"tiled-gallery-item tiled-gallery-item-large\" itemprop=\"associatedMedia\" itemscope itemtype=\"http:\/\/schema.org\/ImageObject\"> <a href=\"http:\/\/www.kjv-harheim.de\/index.php\/2016\/07\/14\/bilder-fastnacht-2015\/fasching-2015-2\/\" border=\"0\" itemprop=\"url\"> <meta itemprop=\"width\" content=\"385\"> <meta itemprop=\"height\" content=\"256\"> <img data-attachment-id=\"4430\" data-orig-file=\"http:\/\/www.kjv-harheim.de\/wp-content\/uploads\/2016\/07\/Fasching-2015-2.jpg\" data-orig-size=\"1024,682\" data-comments-opened=\"\" data-image-meta=\"{&quot;aperture&quot;:&quot;0&quot;,&quot;credit&quot;:&quot;&quot;,&quot;camera&quot;:&quot;&quot;,&quot;caption&quot;:&quot;&quot;,&quot;created_timestamp&quot;:&quot;0&quot;,&quot;copyright&quot;:&quot;&quot;,&quot;focal_length&quot;:&quot;0&quot;,&quot;iso&quot;:&quot;0&quot;,&quot;shutter_speed&quot;:&quot;0&quot;,&quot;title&quot;:&quot;&quot;,&quot;orientation&quot;:&quot;0&quot;}\" data-image-title=\"Fasching-2015 (2)\" data-image-description=\"\" data-medium-file=\"http:\/\/www.kjv-harheim.de\/wp-content\/uploads\/2016\/07\/Fasching-2015-2-300x200.jpg\" data-large-file=\"http:\/\/www.kjv-harheim.de\/wp-content\/uploads\/2016\/07\/Fasching-2015-2-1024x682.jpg\" src=\"https:\/\/i0.wp.com\/www.kjv-harheim.de\/wp-content\/uploads\/2016\/07\/Fasching-2015-2.jpg?w=385&#038;h=256\" width=\"385\" height=\"256\" data-original-width=\"385\" data-original-height=\"256\" itemprop=\"http:\/\/schema.org\/image\" title=\"Fasching-2015 (2)\" alt=\"Fasching-2015 (2)\" style=\"width: 385px; height: 256px;\" \/> <\/a> <\/div> <div class=\"tiled-gallery-item tiled-gallery-item-large\" itemprop=\"associatedMedia\" itemscope itemtype=\"http:\/\/schema.org\/ImageObject\"> <a href=\"http:\/\/www.kjv-harheim.de\/index.php\/2016\/07\/14\/bilder-fastnacht-2015\/fasching-2015-3\/\" border=\"0\" itemprop=\"url\"> <meta itemprop=\"width\" content=\"385\"> <meta itemprop=\"height\" content=\"257\"> <img data-attachment-id=\"4431\" data-orig-file=\"http:\/\/www.kjv-harheim.de\/wp-content\/uploads\/2016\/07\/Fasching-2015-3.jpg\" data-orig-size=\"1024,682\" data-comments-opened=\"\" data-image-meta=\"{&quot;aperture&quot;:&quot;0&quot;,&quot;credit&quot;:&quot;&quot;,&quot;camera&quot;:&quot;&quot;,&quot;caption&quot;:&quot;&quot;,&quot;created_timestamp&quot;:&quot;0&quot;,&quot;copyright&quot;:&quot;&quot;,&quot;focal_length&quot;:&quot;0&quot;,&quot;iso&quot;:&quot;0&quot;,&quot;shutter_speed&quot;:&quot;0&quot;,&quot;title&quot;:&quot;&quot;,&quot;orientation&quot;:&quot;0&quot;}\" data-image-title=\"Fasching-2015 (3)\" data-image-description=\"\" data-medium-file=\"http:\/\/www.kjv-harheim.de\/wp-content\/uploads\/2016\/07\/Fasching-2015-3-300x200.jpg\" data-large-file=\"http:\/\/www.kjv-harheim.de\/wp-content\/uploads\/2016\/07\/Fasching-2015-3-1024x682.jpg\" src=\"https:\/\/i0.wp.com\/www.kjv-harheim.de\/wp-content\/uploads\/2016\/07\/Fasching-2015-3.jpg?w=385&#038;h=257\" width=\"385\" height=\"257\" data-original-width=\"385\" data-original-height=\"257\" itemprop=\"http:\/\/schema.org\/image\" title=\"Fasching-2015 (3)\" alt=\"Fasching-2015 (3)\" style=\"width: 385px; height: 257px;\" \/> <\/a> <\/div> <\/div> <!-- close group --> <\/div> <!-- close row --> <div class=\"gallery-row\" style=\"width: 1170px; height: 261px;\" data-original-width=\"1170\" data-original-height=\"261\" > <div class=\"gallery-group images-1\" style=\"width: 390px; height: 261px;\" data-original-width=\"390\" data-original-height=\"261\" > <div class=\"tiled-gallery-item tiled-gallery-item-large\" itemprop=\"associatedMedia\" itemscope itemtype=\"http:\/\/schema.org\/ImageObject\"> <a href=\"http:\/\/www.kjv-harheim.de\/index.php\/2016\/07\/14\/bilder-fastnacht-2015\/fasching-2015-4\/\" border=\"0\" itemprop=\"url\"> <meta itemprop=\"width\" content=\"386\"> <meta itemprop=\"height\" content=\"257\"> <img data-attachment-id=\"4432\" data-orig-file=\"http:\/\/www.kjv-harheim.de\/wp-content\/uploads\/2016\/07\/Fasching-2015-4.jpg\" data-orig-size=\"1024,682\" data-comments-opened=\"\" data-image-meta=\"{&quot;aperture&quot;:&quot;0&quot;,&quot;credit&quot;:&quot;&quot;,&quot;camera&quot;:&quot;&quot;,&quot;caption&quot;:&quot;&quot;,&quot;created_timestamp&quot;:&quot;0&quot;,&quot;copyright&quot;:&quot;&quot;,&quot;focal_length&quot;:&quot;0&quot;,&quot;iso&quot;:&quot;0&quot;,&quot;shutter_speed&quot;:&quot;0&quot;,&quot;title&quot;:&quot;&quot;,&quot;orientation&quot;:&quot;0&quot;}\" data-image-title=\"Fasching-2015 (4)\" data-image-description=\"\" data-medium-file=\"http:\/\/www.kjv-harheim.de\/wp-content\/uploads\/2016\/07\/Fasching-2015-4-300x200.jpg\" data-large-file=\"http:\/\/www.kjv-harheim.de\/wp-content\/uploads\/2016\/07\/Fasching-2015-4-1024x682.jpg\" src=\"https:\/\/i0.wp.com\/www.kjv-harheim.de\/wp-content\/uploads\/2016\/07\/Fasching-2015-4.jpg?w=386&#038;h=257\" width=\"386\" height=\"257\" data-original-width=\"386\" data-original-height=\"257\" itemprop=\"http:\/\/schema.org\/image\" title=\"Fasching-2015 (4)\" alt=\"Fasching-2015 (4)\" style=\"width: 386px; height: 257px;\" \/> <\/a> <\/div> <\/div> <!-- close group --> <div class=\"gallery-group images-1\" style=\"width: 390px; height: 261px;\" data-original-width=\"390\" data-original-height=\"261\" > <div class=\"tiled-gallery-item tiled-gallery-item-large\" itemprop=\"associatedMedia\" itemscope itemtype=\"http:\/\/schema.org\/ImageObject\"> <a href=\"http:\/\/www.kjv-harheim.de\/index.php\/2016\/07\/14\/bilder-fastnacht-2015\/fasching-2015-5\/\" border=\"0\" itemprop=\"url\"> <meta itemprop=\"width\" content=\"386\"> <meta itemprop=\"height\" content=\"257\"> <img data-attachment-id=\"4433\" data-orig-file=\"http:\/\/www.kjv-harheim.de\/wp-content\/uploads\/2016\/07\/Fasching-2015-5.jpg\" data-orig-size=\"1024,682\" data-comments-opened=\"\" data-image-meta=\"{&quot;aperture&quot;:&quot;0&quot;,&quot;credit&quot;:&quot;&quot;,&quot;camera&quot;:&quot;&quot;,&quot;caption&quot;:&quot;&quot;,&quot;created_timestamp&quot;:&quot;0&quot;,&quot;copyright&quot;:&quot;&quot;,&quot;focal_length&quot;:&quot;0&quot;,&quot;iso&quot;:&quot;0&quot;,&quot;shutter_speed&quot;:&quot;0&quot;,&quot;title&quot;:&quot;&quot;,&quot;orientation&quot;:&quot;0&quot;}\" data-image-title=\"Fasching-2015 (5)\" data-image-description=\"\" data-medium-file=\"http:\/\/www.kjv-harheim.de\/wp-content\/uploads\/2016\/07\/Fasching-2015-5-300x200.jpg\" data-large-file=\"http:\/\/www.kjv-harheim.de\/wp-content\/uploads\/2016\/07\/Fasching-2015-5-1024x682.jpg\" src=\"https:\/\/i0.wp.com\/www.kjv-harheim.de\/wp-content\/uploads\/2016\/07\/Fasching-2015-5.jpg?w=386&#038;h=257\" width=\"386\" height=\"257\" data-original-width=\"386\" data-original-height=\"257\" itemprop=\"http:\/\/schema.org\/image\" title=\"Fasching-2015 (5)\" alt=\"Fasching-2015 (5)\" style=\"width: 386px; height: 257px;\" \/> <\/a> <\/div> <\/div> <!-- close group --> <div class=\"gallery-group images-1\" style=\"width: 390px; height: 261px;\" data-original-width=\"390\" data-original-height=\"261\" > <div class=\"tiled-gallery-item tiled-gallery-item-large\" itemprop=\"associatedMedia\" itemscope itemtype=\"http:\/\/schema.org\/ImageObject\"> <a href=\"http:\/\/www.kjv-harheim.de\/index.php\/2016\/07\/14\/bilder-fastnacht-2015\/fasching-2015-6\/\" border=\"0\" itemprop=\"url\"> <meta itemprop=\"width\" content=\"386\"> <meta itemprop=\"height\" content=\"257\"> <img data-attachment-id=\"4434\" data-orig-file=\"http:\/\/www.kjv-harheim.de\/wp-content\/uploads\/2016\/07\/Fasching-2015-6.jpg\" data-orig-size=\"1024,682\" data-comments-opened=\"\" data-image-meta=\"{&quot;aperture&quot;:&quot;0&quot;,&quot;credit&quot;:&quot;&quot;,&quot;camera&quot;:&quot;&quot;,&quot;caption&quot;:&quot;&quot;,&quot;created_timestamp&quot;:&quot;0&quot;,&quot;copyright&quot;:&quot;&quot;,&quot;focal_length&quot;:&quot;0&quot;,&quot;iso&quot;:&quot;0&quot;,&quot;shutter_speed&quot;:&quot;0&quot;,&quot;title&quot;:&quot;&quot;,&quot;orientation&quot;:&quot;0&quot;}\" data-image-title=\"Fasching-2015 (6)\" data-image-description=\"\" data-medium-file=\"http:\/\/www.kjv-harheim.de\/wp-content\/uploads\/2016\/07\/Fasching-2015-6-300x200.jpg\" data-large-file=\"http:\/\/www.kjv-harheim.de\/wp-content\/uploads\/2016\/07\/Fasching-2015-6-1024x682.jpg\" src=\"https:\/\/i0.wp.com\/www.kjv-harheim.de\/wp-content\/uploads\/2016\/07\/Fasching-2015-6.jpg?w=386&#038;h=257\" width=\"386\" height=\"257\" data-original-width=\"386\" data-original-height=\"257\" itemprop=\"http:\/\/schema.org\/image\" title=\"Fasching-2015 (6)\" alt=\"Fasching-2015 (6)\" style=\"width: 386px; height: 257px;\" \/> <\/a> <\/div> <\/div> <!-- close group --> <\/div> <!-- close row --> <div class=\"gallery-row\" style=\"width: 1170px; height: 521px;\" data-original-width=\"1170\" data-original-height=\"521\" > <div class=\"gallery-group images-2\" style=\"width: 389px; height: 521px;\" data-original-width=\"389\" data-original-height=\"521\" > <div class=\"tiled-gallery-item tiled-gallery-item-large\" itemprop=\"associatedMedia\" itemscope itemtype=\"http:\/\/schema.org\/ImageObject\"> <a href=\"http:\/\/www.kjv-harheim.de\/index.php\/2016\/07\/14\/bilder-fastnacht-2015\/fasching-2015-7\/\" border=\"0\" itemprop=\"url\"> <meta itemprop=\"width\" content=\"385\"> <meta itemprop=\"height\" content=\"256\"> <img data-attachment-id=\"4435\" data-orig-file=\"http:\/\/www.kjv-harheim.de\/wp-content\/uploads\/2016\/07\/Fasching-2015-7.jpg\" data-orig-size=\"1024,682\" data-comments-opened=\"\" data-image-meta=\"{&quot;aperture&quot;:&quot;0&quot;,&quot;credit&quot;:&quot;&quot;,&quot;camera&quot;:&quot;&quot;,&quot;caption&quot;:&quot;&quot;,&quot;created_timestamp&quot;:&quot;0&quot;,&quot;copyright&quot;:&quot;&quot;,&quot;focal_length&quot;:&quot;0&quot;,&quot;iso&quot;:&quot;0&quot;,&quot;shutter_speed&quot;:&quot;0&quot;,&quot;title&quot;:&quot;&quot;,&quot;orientation&quot;:&quot;0&quot;}\" data-image-title=\"Fasching-2015 (7)\" data-image-description=\"\" data-medium-file=\"http:\/\/www.kjv-harheim.de\/wp-content\/uploads\/2016\/07\/Fasching-2015-7-300x200.jpg\" data-large-file=\"http:\/\/www.kjv-harheim.de\/wp-content\/uploads\/2016\/07\/Fasching-2015-7-1024x682.jpg\" src=\"https:\/\/i0.wp.com\/www.kjv-harheim.de\/wp-content\/uploads\/2016\/07\/Fasching-2015-7.jpg?w=385&#038;h=256\" width=\"385\" height=\"256\" data-original-width=\"385\" data-original-height=\"256\" itemprop=\"http:\/\/schema.org\/image\" title=\"Fasching-2015 (7)\" alt=\"Fasching-2015 (7)\" style=\"width: 385px; height: 256px;\" \/> <\/a> <\/div> <div class=\"tiled-gallery-item tiled-gallery-item-large\" itemprop=\"associatedMedia\" itemscope itemtype=\"http:\/\/schema.org\/ImageObject\"> <a href=\"http:\/\/www.kjv-harheim.de\/index.php\/2016\/07\/14\/bilder-fastnacht-2015\/fasching-2015-8\/\" border=\"0\" itemprop=\"url\"> <meta itemprop=\"width\" content=\"385\"> <meta itemprop=\"height\" content=\"257\"> <img data-attachment-id=\"4436\" data-orig-file=\"http:\/\/www.kjv-harheim.de\/wp-content\/uploads\/2016\/07\/Fasching-2015-8.jpg\" data-orig-size=\"1024,682\" data-comments-opened=\"\" data-image-meta=\"{&quot;aperture&quot;:&quot;0&quot;,&quot;credit&quot;:&quot;&quot;,&quot;camera&quot;:&quot;&quot;,&quot;caption&quot;:&quot;&quot;,&quot;created_timestamp&quot;:&quot;0&quot;,&quot;copyright&quot;:&quot;&quot;,&quot;focal_length&quot;:&quot;0&quot;,&quot;iso&quot;:&quot;0&quot;,&quot;shutter_speed&quot;:&quot;0&quot;,&quot;title&quot;:&quot;&quot;,&quot;orientation&quot;:&quot;0&quot;}\" data-image-title=\"Fasching-2015 (8)\" data-image-description=\"\" data-medium-file=\"http:\/\/www.kjv-harheim.de\/wp-content\/uploads\/2016\/07\/Fasching-2015-8-300x200.jpg\" data-large-file=\"http:\/\/www.kjv-harheim.de\/wp-content\/uploads\/2016\/07\/Fasching-2015-8-1024x682.jpg\" src=\"https:\/\/i0.wp.com\/www.kjv-harheim.de\/wp-content\/uploads\/2016\/07\/Fasching-2015-8.jpg?w=385&#038;h=257\" width=\"385\" height=\"257\" data-original-width=\"385\" data-original-height=\"257\" itemprop=\"http:\/\/schema.org\/image\" title=\"Fasching-2015 (8)\" alt=\"Fasching-2015 (8)\" style=\"width: 385px; height: 257px;\" \/> <\/a> <\/div> <\/div> <!-- close group --> <div class=\"gallery-group images-1\" style=\"width: 781px; height: 521px;\" data-original-width=\"781\" data-original-height=\"521\" > <div class=\"tiled-gallery-item tiled-gallery-item-large\" itemprop=\"associatedMedia\" itemscope itemtype=\"http:\/\/schema.org\/ImageObject\"> <a href=\"http:\/\/www.kjv-harheim.de\/index.php\/2016\/07\/14\/bilder-fastnacht-2015\/fasching-2015-9\/\" border=\"0\" itemprop=\"url\"> <meta itemprop=\"width\" content=\"777\"> <meta itemprop=\"height\" content=\"517\"> <img data-attachment-id=\"4437\" data-orig-file=\"http:\/\/www.kjv-harheim.de\/wp-content\/uploads\/2016\/07\/Fasching-2015-9.jpg\" data-orig-size=\"1024,682\" data-comments-opened=\"\" data-image-meta=\"{&quot;aperture&quot;:&quot;0&quot;,&quot;credit&quot;:&quot;&quot;,&quot;camera&quot;:&quot;&quot;,&quot;caption&quot;:&quot;&quot;,&quot;created_timestamp&quot;:&quot;0&quot;,&quot;copyright&quot;:&quot;&quot;,&quot;focal_length&quot;:&quot;0&quot;,&quot;iso&quot;:&quot;0&quot;,&quot;shutter_speed&quot;:&quot;0&quot;,&quot;title&quot;:&quot;&quot;,&quot;orientation&quot;:&quot;0&quot;}\" data-image-title=\"Fasching-2015 (9)\" data-image-description=\"\" data-medium-file=\"http:\/\/www.kjv-harheim.de\/wp-content\/uploads\/2016\/07\/Fasching-2015-9-300x200.jpg\" data-large-file=\"http:\/\/www.kjv-harheim.de\/wp-content\/uploads\/2016\/07\/Fasching-2015-9-1024x682.jpg\" src=\"https:\/\/i0.wp.com\/www.kjv-harheim.de\/wp-content\/uploads\/2016\/07\/Fasching-2015-9.jpg?w=777&#038;h=517\" width=\"777\" height=\"517\" data-original-width=\"777\" data-original-height=\"517\" itemprop=\"http:\/\/schema.org\/image\" title=\"Fasching-2015 (9)\" alt=\"Fasching-2015 (9)\" style=\"width: 777px; height: 517px;\" \/> <\/a> <\/div> <\/div> <!-- close group --> <\/div> <!-- close row --> <div class=\"gallery-row\" style=\"width: 1170px; height: 391px;\" data-original-width=\"1170\" data-original-height=\"391\" > <div class=\"gallery-group images-1\" style=\"width: 585px; height: 391px;\" data-original-width=\"585\" data-original-height=\"391\" > <div class=\"tiled-gallery-item tiled-gallery-item-large\" itemprop=\"associatedMedia\" itemscope itemtype=\"http:\/\/schema.org\/ImageObject\"> <a href=\"http:\/\/www.kjv-harheim.de\/index.php\/2016\/07\/14\/bilder-fastnacht-2015\/fasching-2015-10\/\" border=\"0\" itemprop=\"url\"> <meta itemprop=\"width\" content=\"581\"> <meta itemprop=\"height\" content=\"387\"> <img data-attachment-id=\"4438\" data-orig-file=\"http:\/\/www.kjv-harheim.de\/wp-content\/uploads\/2016\/07\/Fasching-2015-10.jpg\" data-orig-size=\"1024,682\" data-comments-opened=\"\" data-image-meta=\"{&quot;aperture&quot;:&quot;0&quot;,&quot;credit&quot;:&quot;&quot;,&quot;camera&quot;:&quot;&quot;,&quot;caption&quot;:&quot;&quot;,&quot;created_timestamp&quot;:&quot;0&quot;,&quot;copyright&quot;:&quot;&quot;,&quot;focal_length&quot;:&quot;0&quot;,&quot;iso&quot;:&quot;0&quot;,&quot;shutter_speed&quot;:&quot;0&quot;,&quot;title&quot;:&quot;&quot;,&quot;orientation&quot;:&quot;0&quot;}\" data-image-title=\"Fasching-2015 (10)\" data-image-description=\"\" data-medium-file=\"http:\/\/www.kjv-harheim.de\/wp-content\/uploads\/2016\/07\/Fasching-2015-10-300x200.jpg\" data-large-file=\"http:\/\/www.kjv-harheim.de\/wp-content\/uploads\/2016\/07\/Fasching-2015-10-1024x682.jpg\" src=\"https:\/\/i0.wp.com\/www.kjv-harheim.de\/wp-content\/uploads\/2016\/07\/Fasching-2015-10.jpg?w=581&#038;h=387\" width=\"581\" height=\"387\" data-original-width=\"581\" data-original-height=\"387\" itemprop=\"http:\/\/schema.org\/image\" title=\"Fasching-2015 (10)\" alt=\"Fasching-2015 (10)\" style=\"width: 581px; height: 387px;\" \/> <\/a> <\/div> <\/div> <!-- close group --> <div class=\"gallery-group images-1\" style=\"width: 585px; height: 391px;\" data-original-width=\"585\" data-original-height=\"391\" > <div class=\"tiled-gallery-item tiled-gallery-item-large\" itemprop=\"associatedMedia\" itemscope itemtype=\"http:\/\/schema.org\/ImageObject\"> <a href=\"http:\/\/www.kjv-harheim.de\/index.php\/2016\/07\/14\/bilder-fastnacht-2015\/fasching-2015-11\/\" border=\"0\" itemprop=\"url\"> <meta itemprop=\"width\" content=\"581\"> <meta itemprop=\"height\" content=\"387\"> <img data-attachment-id=\"4439\" data-orig-file=\"http:\/\/www.kjv-harheim.de\/wp-content\/uploads\/2016\/07\/Fasching-2015-11.jpg\" data-orig-size=\"1024,682\" data-comments-opened=\"\" data-image-meta=\"{&quot;aperture&quot;:&quot;0&quot;,&quot;credit&quot;:&quot;&quot;,&quot;camera&quot;:&quot;&quot;,&quot;caption&quot;:&quot;&quot;,&quot;created_timestamp&quot;:&quot;0&quot;,&quot;copyright&quot;:&quot;&quot;,&quot;focal_length&quot;:&quot;0&quot;,&quot;iso&quot;:&quot;0&quot;,&quot;shutter_speed&quot;:&quot;0&quot;,&quot;title&quot;:&quot;&quot;,&quot;orientation&quot;:&quot;0&quot;}\" data-image-title=\"Fasching-2015 (11)\" data-image-description=\"\" data-medium-file=\"http:\/\/www.kjv-harheim.de\/wp-content\/uploads\/2016\/07\/Fasching-2015-11-300x200.jpg\" data-large-file=\"http:\/\/www.kjv-harheim.de\/wp-content\/uploads\/2016\/07\/Fasching-2015-11-1024x682.jpg\" src=\"https:\/\/i0.wp.com\/www.kjv-harheim.de\/wp-content\/uploads\/2016\/07\/Fasching-2015-11.jpg?w=581&#038;h=387\" width=\"581\" height=\"387\" data-original-width=\"581\" data-original-height=\"387\" itemprop=\"http:\/\/schema.org\/image\" title=\"Fasching-2015 (11)\" alt=\"Fasching-2015 (11)\" style=\"width: 581px; height: 387px;\" \/> <\/a> <\/div> <\/div> <!-- close group --> <\/div> <!-- close row --> <div class=\"gallery-row\" style=\"width: 1170px; height: 521px;\" data-original-width=\"1170\" data-original-height=\"521\" > <div class=\"gallery-group images-1\" style=\"width: 781px; height: 521px;\" data-original-width=\"781\" data-original-height=\"521\" > <div class=\"tiled-gallery-item tiled-gallery-item-large\" itemprop=\"associatedMedia\" itemscope itemtype=\"http:\/\/schema.org\/ImageObject\"> <a href=\"http:\/\/www.kjv-harheim.de\/index.php\/2016\/07\/14\/bilder-fastnacht-2015\/fasching-2015-12\/\" border=\"0\" itemprop=\"url\"> <meta itemprop=\"width\" content=\"777\"> <meta itemprop=\"height\" content=\"517\"> <img data-attachment-id=\"4440\" data-orig-file=\"http:\/\/www.kjv-harheim.de\/wp-content\/uploads\/2016\/07\/Fasching-2015-12.jpg\" data-orig-size=\"1024,682\" data-comments-opened=\"\" data-image-meta=\"{&quot;aperture&quot;:&quot;0&quot;,&quot;credit&quot;:&quot;&quot;,&quot;camera&quot;:&quot;&quot;,&quot;caption&quot;:&quot;&quot;,&quot;created_timestamp&quot;:&quot;0&quot;,&quot;copyright&quot;:&quot;&quot;,&quot;focal_length&quot;:&quot;0&quot;,&quot;iso&quot;:&quot;0&quot;,&quot;shutter_speed&quot;:&quot;0&quot;,&quot;title&quot;:&quot;&quot;,&quot;orientation&quot;:&quot;0&quot;}\" data-image-title=\"Fasching-2015 (12)\" data-image-description=\"\" data-medium-file=\"http:\/\/www.kjv-harheim.de\/wp-content\/uploads\/2016\/07\/Fasching-2015-12-300x200.jpg\" data-large-file=\"http:\/\/www.kjv-harheim.de\/wp-content\/uploads\/2016\/07\/Fasching-2015-12-1024x682.jpg\" src=\"https:\/\/i0.wp.com\/www.kjv-harheim.de\/wp-content\/uploads\/2016\/07\/Fasching-2015-12.jpg?w=777&#038;h=517\" width=\"777\" height=\"517\" data-original-width=\"777\" data-original-height=\"517\" itemprop=\"http:\/\/schema.org\/image\" title=\"Fasching-2015 (12)\" alt=\"Fasching-2015 (12)\" style=\"width: 777px; height: 517px;\" \/> <\/a> <\/div> <\/div> <!-- close group --> <div class=\"gallery-group images-2\" style=\"width: 389px; height: 521px;\" data-original-width=\"389\" data-original-height=\"521\" > <div class=\"tiled-gallery-item tiled-gallery-item-large\" itemprop=\"associatedMedia\" itemscope itemtype=\"http:\/\/schema.org\/ImageObject\"> <a href=\"http:\/\/www.kjv-harheim.de\/index.php\/2016\/07\/14\/bilder-fastnacht-2015\/fasching-2015-13\/\" border=\"0\" itemprop=\"url\"> <meta itemprop=\"width\" content=\"385\"> <meta itemprop=\"height\" content=\"256\"> <img data-attachment-id=\"4441\" data-orig-file=\"http:\/\/www.kjv-harheim.de\/wp-content\/uploads\/2016\/07\/Fasching-2015-13.jpg\" data-orig-size=\"1024,682\" data-comments-opened=\"\" data-image-meta=\"{&quot;aperture&quot;:&quot;0&quot;,&quot;credit&quot;:&quot;&quot;,&quot;camera&quot;:&quot;&quot;,&quot;caption&quot;:&quot;&quot;,&quot;created_timestamp&quot;:&quot;0&quot;,&quot;copyright&quot;:&quot;&quot;,&quot;focal_length&quot;:&quot;0&quot;,&quot;iso&quot;:&quot;0&quot;,&quot;shutter_speed&quot;:&quot;0&quot;,&quot;title&quot;:&quot;&quot;,&quot;orientation&quot;:&quot;0&quot;}\" data-image-title=\"Fasching-2015 (13)\" data-image-description=\"\" data-medium-file=\"http:\/\/www.kjv-harheim.de\/wp-content\/uploads\/2016\/07\/Fasching-2015-13-300x200.jpg\" data-large-file=\"http:\/\/www.kjv-harheim.de\/wp-content\/uploads\/2016\/07\/Fasching-2015-13-1024x682.jpg\" src=\"https:\/\/i0.wp.com\/www.kjv-harheim.de\/wp-content\/uploads\/2016\/07\/Fasching-2015-13.jpg?w=385&#038;h=256\" width=\"385\" height=\"256\" data-original-width=\"385\" data-original-height=\"256\" itemprop=\"http:\/\/schema.org\/image\" title=\"Fasching-2015 (13)\" alt=\"Fasching-2015 (13)\" style=\"width: 385px; height: 256px;\" \/> <\/a> <\/div> <div class=\"tiled-gallery-item tiled-gallery-item-large\" itemprop=\"associatedMedia\" itemscope itemtype=\"http:\/\/schema.org\/ImageObject\"> <a href=\"http:\/\/www.kjv-harheim.de\/index.php\/2016\/07\/14\/bilder-fastnacht-2015\/fasching-2015-14\/\" border=\"0\" itemprop=\"url\"> <meta itemprop=\"width\" content=\"385\"> <meta itemprop=\"height\" content=\"257\"> <img data-attachment-id=\"4442\" data-orig-file=\"http:\/\/www.kjv-harheim.de\/wp-content\/uploads\/2016\/07\/Fasching-2015-14.jpg\" data-orig-size=\"1024,682\" data-comments-opened=\"\" data-image-meta=\"{&quot;aperture&quot;:&quot;0&quot;,&quot;credit&quot;:&quot;&quot;,&quot;camera&quot;:&quot;&quot;,&quot;caption&quot;:&quot;&quot;,&quot;created_timestamp&quot;:&quot;0&quot;,&quot;copyright&quot;:&quot;&quot;,&quot;focal_length&quot;:&quot;0&quot;,&quot;iso&quot;:&quot;0&quot;,&quot;shutter_speed&quot;:&quot;0&quot;,&quot;title&quot;:&quot;&quot;,&quot;orientation&quot;:&quot;0&quot;}\" data-image-title=\"Fasching-2015 (14)\" data-image-description=\"\" data-medium-file=\"http:\/\/www.kjv-harheim.de\/wp-content\/uploads\/2016\/07\/Fasching-2015-14-300x200.jpg\" data-large-file=\"http:\/\/www.kjv-harheim.de\/wp-content\/uploads\/2016\/07\/Fasching-2015-14-1024x682.jpg\" src=\"https:\/\/i0.wp.com\/www.kjv-harheim.de\/wp-content\/uploads\/2016\/07\/Fasching-2015-14.jpg?w=385&#038;h=257\" width=\"385\" height=\"257\" data-original-width=\"385\" data-original-height=\"257\" itemprop=\"http:\/\/schema.org\/image\" title=\"Fasching-2015 (14)\" alt=\"Fasching-2015 (14)\" style=\"width: 385px; height: 257px;\" \/> <\/a> <\/div> <\/div> <!-- close group --> <\/div> <!-- close row --> <div class=\"gallery-row\" style=\"width: 1170px; height: 261px;\" data-original-width=\"1170\" data-original-height=\"261\" > <div class=\"gallery-group images-1\" style=\"width: 390px; height: 261px;\" data-original-width=\"390\" data-original-height=\"261\" > <div class=\"tiled-gallery-item tiled-gallery-item-large\" itemprop=\"associatedMedia\" itemscope itemtype=\"http:\/\/schema.org\/ImageObject\"> <a href=\"http:\/\/www.kjv-harheim.de\/index.php\/2016\/07\/14\/bilder-fastnacht-2015\/fasching-2015-15\/\" border=\"0\" itemprop=\"url\"> <meta itemprop=\"width\" content=\"386\"> <meta itemprop=\"height\" content=\"257\"> <img data-attachment-id=\"4443\" data-orig-file=\"http:\/\/www.kjv-harheim.de\/wp-content\/uploads\/2016\/07\/Fasching-2015-15.jpg\" data-orig-size=\"1024,682\" data-comments-opened=\"\" data-image-meta=\"{&quot;aperture&quot;:&quot;0&quot;,&quot;credit&quot;:&quot;&quot;,&quot;camera&quot;:&quot;&quot;,&quot;caption&quot;:&quot;&quot;,&quot;created_timestamp&quot;:&quot;0&quot;,&quot;copyright&quot;:&quot;&quot;,&quot;focal_length&quot;:&quot;0&quot;,&quot;iso&quot;:&quot;0&quot;,&quot;shutter_speed&quot;:&quot;0&quot;,&quot;title&quot;:&quot;&quot;,&quot;orientation&quot;:&quot;0&quot;}\" data-image-title=\"Fasching-2015 (15)\" data-image-description=\"\" data-medium-file=\"http:\/\/www.kjv-harheim.de\/wp-content\/uploads\/2016\/07\/Fasching-2015-15-300x200.jpg\" data-large-file=\"http:\/\/www.kjv-harheim.de\/wp-content\/uploads\/2016\/07\/Fasching-2015-15-1024x682.jpg\" src=\"https:\/\/i0.wp.com\/www.kjv-harheim.de\/wp-content\/uploads\/2016\/07\/Fasching-2015-15.jpg?w=386&#038;h=257\" width=\"386\" height=\"257\" data-original-width=\"386\" data-original-height=\"257\" itemprop=\"http:\/\/schema.org\/image\" title=\"Fasching-2015 (15)\" alt=\"Fasching-2015 (15)\" style=\"width: 386px; height: 257px;\" \/> <\/a> <\/div> <\/div> <!-- close group --> <div class=\"gallery-group images-1\" style=\"width: 390px; height: 261px;\" data-original-width=\"390\" data-original-height=\"261\" > <div class=\"tiled-gallery-item tiled-gallery-item-large\" itemprop=\"associatedMedia\" itemscope itemtype=\"http:\/\/schema.org\/ImageObject\"> <a href=\"http:\/\/www.kjv-harheim.de\/index.php\/2016\/07\/14\/bilder-fastnacht-2015\/fasching-2015-16\/\" border=\"0\" itemprop=\"url\"> <meta itemprop=\"width\" content=\"386\"> <meta itemprop=\"height\" content=\"257\"> <img data-attachment-id=\"4444\" data-orig-file=\"http:\/\/www.kjv-harheim.de\/wp-content\/uploads\/2016\/07\/Fasching-2015-16.jpg\" data-orig-size=\"1024,682\" data-comments-opened=\"\" data-image-meta=\"{&quot;aperture&quot;:&quot;0&quot;,&quot;credit&quot;:&quot;&quot;,&quot;camera&quot;:&quot;&quot;,&quot;caption&quot;:&quot;&quot;,&quot;created_timestamp&quot;:&quot;0&quot;,&quot;copyright&quot;:&quot;&quot;,&quot;focal_length&quot;:&quot;0&quot;,&quot;iso&quot;:&quot;0&quot;,&quot;shutter_speed&quot;:&quot;0&quot;,&quot;title&quot;:&quot;&quot;,&quot;orientation&quot;:&quot;0&quot;}\" data-image-title=\"Fasching-2015 (16)\" data-image-description=\"\" data-medium-file=\"http:\/\/www.kjv-harheim.de\/wp-content\/uploads\/2016\/07\/Fasching-2015-16-300x200.jpg\" data-large-file=\"http:\/\/www.kjv-harheim.de\/wp-content\/uploads\/2016\/07\/Fasching-2015-16-1024x682.jpg\" src=\"https:\/\/i0.wp.com\/www.kjv-harheim.de\/wp-content\/uploads\/2016\/07\/Fasching-2015-16.jpg?w=386&#038;h=257\" width=\"386\" height=\"257\" data-original-width=\"386\" data-original-height=\"257\" itemprop=\"http:\/\/schema.org\/image\" title=\"Fasching-2015 (16)\" alt=\"Fasching-2015 (16)\" style=\"width: 386px; height: 257px;\" \/> <\/a> <\/div> <\/div> <!-- close group --> <div class=\"gallery-group images-1\" style=\"width: 390px; height: 261px;\" data-original-width=\"390\" data-original-height=\"261\" > <div class=\"tiled-gallery-item tiled-gallery-item-large\" itemprop=\"associatedMedia\" itemscope itemtype=\"http:\/\/schema.org\/ImageObject\"> <a href=\"http:\/\/www.kjv-harheim.de\/index.php\/2016\/07\/14\/bilder-fastnacht-2015\/fasching-2015-17\/\" border=\"0\" itemprop=\"url\"> <meta itemprop=\"width\" content=\"386\"> <meta itemprop=\"height\" content=\"257\"> <img data-attachment-id=\"4445\" data-orig-file=\"http:\/\/www.kjv-harheim.de\/wp-content\/uploads\/2016\/07\/Fasching-2015-17.jpg\" data-orig-size=\"1024,682\" data-comments-opened=\"\" data-image-meta=\"{&quot;aperture&quot;:&quot;0&quot;,&quot;credit&quot;:&quot;&quot;,&quot;camera&quot;:&quot;&quot;,&quot;caption&quot;:&quot;&quot;,&quot;created_timestamp&quot;:&quot;0&quot;,&quot;copyright&quot;:&quot;&quot;,&quot;focal_length&quot;:&quot;0&quot;,&quot;iso&quot;:&quot;0&quot;,&quot;shutter_speed&quot;:&quot;0&quot;,&quot;title&quot;:&quot;&quot;,&quot;orientation&quot;:&quot;0&quot;}\" data-image-title=\"Fasching-2015 (17)\" data-image-description=\"\" data-medium-file=\"http:\/\/www.kjv-harheim.de\/wp-content\/uploads\/2016\/07\/Fasching-2015-17-300x200.jpg\" data-large-file=\"http:\/\/www.kjv-harheim.de\/wp-content\/uploads\/2016\/07\/Fasching-2015-17-1024x682.jpg\" src=\"https:\/\/i0.wp.com\/www.kjv-harheim.de\/wp-content\/uploads\/2016\/07\/Fasching-2015-17.jpg?w=386&#038;h=257\" width=\"386\" height=\"257\" data-original-width=\"386\" data-original-height=\"257\" itemprop=\"http:\/\/schema.org\/image\" title=\"Fasching-2015 (17)\" alt=\"Fasching-2015 (17)\" style=\"width: 386px; height: 257px;\" \/> <\/a> <\/div> <\/div> <!-- close group --> <\/div> <!-- close row --> <div class=\"gallery-row\" style=\"width: 1170px; height: 521px;\" data-original-width=\"1170\" data-original-height=\"521\" > <div class=\"gallery-group images-2\" style=\"width: 389px; height: 521px;\" data-original-width=\"389\" data-original-height=\"521\" > <div class=\"tiled-gallery-item tiled-gallery-item-large\" itemprop=\"associatedMedia\" itemscope itemtype=\"http:\/\/schema.org\/ImageObject\"> <a href=\"http:\/\/www.kjv-harheim.de\/index.php\/2016\/07\/14\/bilder-fastnacht-2015\/fasching-2015-18\/\" border=\"0\" itemprop=\"url\"> <meta itemprop=\"width\" content=\"385\"> <meta itemprop=\"height\" content=\"256\"> <img data-attachment-id=\"4446\" data-orig-file=\"http:\/\/www.kjv-harheim.de\/wp-content\/uploads\/2016\/07\/Fasching-2015-18.jpg\" data-orig-size=\"1024,682\" data-comments-opened=\"\" data-image-meta=\"{&quot;aperture&quot;:&quot;0&quot;,&quot;credit&quot;:&quot;&quot;,&quot;camera&quot;:&quot;&quot;,&quot;caption&quot;:&quot;&quot;,&quot;created_timestamp&quot;:&quot;0&quot;,&quot;copyright&quot;:&quot;&quot;,&quot;focal_length&quot;:&quot;0&quot;,&quot;iso&quot;:&quot;0&quot;,&quot;shutter_speed&quot;:&quot;0&quot;,&quot;title&quot;:&quot;&quot;,&quot;orientation&quot;:&quot;0&quot;}\" data-image-title=\"Fasching-2015 (18)\" data-image-description=\"\" data-medium-file=\"http:\/\/www.kjv-harheim.de\/wp-content\/uploads\/2016\/07\/Fasching-2015-18-300x200.jpg\" data-large-file=\"http:\/\/www.kjv-harheim.de\/wp-content\/uploads\/2016\/07\/Fasching-2015-18-1024x682.jpg\" src=\"https:\/\/i0.wp.com\/www.kjv-harheim.de\/wp-content\/uploads\/2016\/07\/Fasching-2015-18.jpg?w=385&#038;h=256\" width=\"385\" height=\"256\" data-original-width=\"385\" data-original-height=\"256\" itemprop=\"http:\/\/schema.org\/image\" title=\"Fasching-2015 (18)\" alt=\"Fasching-2015 (18)\" style=\"width: 385px; height: 256px;\" \/> <\/a> <\/div> <div class=\"tiled-gallery-item tiled-gallery-item-large\" itemprop=\"associatedMedia\" itemscope itemtype=\"http:\/\/schema.org\/ImageObject\"> <a href=\"http:\/\/www.kjv-harheim.de\/index.php\/2016\/07\/14\/bilder-fastnacht-2015\/fasching-2015-19\/\" border=\"0\" itemprop=\"url\"> <meta itemprop=\"width\" content=\"385\"> <meta itemprop=\"height\" content=\"257\"> <img data-attachment-id=\"4447\" data-orig-file=\"http:\/\/www.kjv-harheim.de\/wp-content\/uploads\/2016\/07\/Fasching-2015-19.jpg\" data-orig-size=\"1024,682\" data-comments-opened=\"\" data-image-meta=\"{&quot;aperture&quot;:&quot;0&quot;,&quot;credit&quot;:&quot;&quot;,&quot;camera&quot;:&quot;&quot;,&quot;caption&quot;:&quot;&quot;,&quot;created_timestamp&quot;:&quot;0&quot;,&quot;copyright&quot;:&quot;&quot;,&quot;focal_length&quot;:&quot;0&quot;,&quot;iso&quot;:&quot;0&quot;,&quot;shutter_speed&quot;:&quot;0&quot;,&quot;title&quot;:&quot;&quot;,&quot;orientation&quot;:&quot;0&quot;}\" data-image-title=\"Fasching-2015 (19)\" data-image-description=\"\" data-medium-file=\"http:\/\/www.kjv-harheim.de\/wp-content\/uploads\/2016\/07\/Fasching-2015-19-300x200.jpg\" data-large-file=\"http:\/\/www.kjv-harheim.de\/wp-content\/uploads\/2016\/07\/Fasching-2015-19-1024x682.jpg\" src=\"https:\/\/i0.wp.com\/www.kjv-harheim.de\/wp-content\/uploads\/2016\/07\/Fasching-2015-19.jpg?w=385&#038;h=257\" width=\"385\" height=\"257\" data-original-width=\"385\" data-original-height=\"257\" itemprop=\"http:\/\/schema.org\/image\" title=\"Fasching-2015 (19)\" alt=\"Fasching-2015 (19)\" style=\"width: 385px; height: 257px;\" \/> <\/a> <\/div> <\/div> <!-- close group --> <div class=\"gallery-group images-1\" style=\"width: 781px; height: 521px;\" data-original-width=\"781\" data-original-height=\"521\" > <div class=\"tiled-gallery-item tiled-gallery-item-large\" itemprop=\"associatedMedia\" itemscope itemtype=\"http:\/\/schema.org\/ImageObject\"> <a href=\"http:\/\/www.kjv-harheim.de\/index.php\/2016\/07\/14\/bilder-fastnacht-2015\/fasching-2015-20\/\" border=\"0\" itemprop=\"url\"> <meta itemprop=\"width\" content=\"777\"> <meta itemprop=\"height\" content=\"517\"> <img data-attachment-id=\"4448\" data-orig-file=\"http:\/\/www.kjv-harheim.de\/wp-content\/uploads\/2016\/07\/Fasching-2015-20.jpg\" data-orig-size=\"1024,682\" data-comments-opened=\"\" data-image-meta=\"{&quot;aperture&quot;:&quot;0&quot;,&quot;credit&quot;:&quot;&quot;,&quot;camera&quot;:&quot;&quot;,&quot;caption&quot;:&quot;&quot;,&quot;created_timestamp&quot;:&quot;0&quot;,&quot;copyright&quot;:&quot;&quot;,&quot;focal_length&quot;:&quot;0&quot;,&quot;iso&quot;:&quot;0&quot;,&quot;shutter_speed&quot;:&quot;0&quot;,&quot;title&quot;:&quot;&quot;,&quot;orientation&quot;:&quot;0&quot;}\" data-image-title=\"Fasching-2015 (20)\" data-image-description=\"\" data-medium-file=\"http:\/\/www.kjv-harheim.de\/wp-content\/uploads\/2016\/07\/Fasching-2015-20-300x200.jpg\" data-large-file=\"http:\/\/www.kjv-harheim.de\/wp-content\/uploads\/2016\/07\/Fasching-2015-20-1024x682.jpg\" src=\"https:\/\/i0.wp.com\/www.kjv-harheim.de\/wp-content\/uploads\/2016\/07\/Fasching-2015-20.jpg?w=777&#038;h=517\" width=\"777\" height=\"517\" data-original-width=\"777\" data-original-height=\"517\" itemprop=\"http:\/\/schema.org\/image\" title=\"Fasching-2015 (20)\" alt=\"Fasching-2015 (20)\" style=\"width: 777px; height: 517px;\" \/> <\/a> <\/div> <\/div> <!-- close group --> <\/div> <!-- close row --> <div class=\"gallery-row\" style=\"width: 1170px; height: 391px;\" data-original-width=\"1170\" data-original-height=\"391\" > <div class=\"gallery-group images-1\" style=\"width: 585px; height: 391px;\" data-original-width=\"585\" data-original-height=\"391\" > <div class=\"tiled-gallery-item tiled-gallery-item-large\" itemprop=\"associatedMedia\" itemscope itemtype=\"http:\/\/schema.org\/ImageObject\"> <a href=\"http:\/\/www.kjv-harheim.de\/index.php\/2016\/07\/14\/bilder-fastnacht-2015\/fasching-2015-21\/\" border=\"0\" itemprop=\"url\"> <meta itemprop=\"width\" content=\"581\"> <meta itemprop=\"height\" content=\"387\"> <img data-attachment-id=\"4449\" data-orig-file=\"http:\/\/www.kjv-harheim.de\/wp-content\/uploads\/2016\/07\/Fasching-2015-21.jpg\" data-orig-size=\"1024,682\" data-comments-opened=\"\" data-image-meta=\"{&quot;aperture&quot;:&quot;0&quot;,&quot;credit&quot;:&quot;&quot;,&quot;camera&quot;:&quot;&quot;,&quot;caption&quot;:&quot;&quot;,&quot;created_timestamp&quot;:&quot;0&quot;,&quot;copyright&quot;:&quot;&quot;,&quot;focal_length&quot;:&quot;0&quot;,&quot;iso&quot;:&quot;0&quot;,&quot;shutter_speed&quot;:&quot;0&quot;,&quot;title&quot;:&quot;&quot;,&quot;orientation&quot;:&quot;0&quot;}\" data-image-title=\"Fasching-2015 (21)\" data-image-description=\"\" data-medium-file=\"http:\/\/www.kjv-harheim.de\/wp-content\/uploads\/2016\/07\/Fasching-2015-21-300x200.jpg\" data-large-file=\"http:\/\/www.kjv-harheim.de\/wp-content\/uploads\/2016\/07\/Fasching-2015-21-1024x682.jpg\" src=\"https:\/\/i0.wp.com\/www.kjv-harheim.de\/wp-content\/uploads\/2016\/07\/Fasching-2015-21.jpg?w=581&#038;h=387\" width=\"581\" height=\"387\" data-original-width=\"581\" data-original-height=\"387\" itemprop=\"http:\/\/schema.org\/image\" title=\"Fasching-2015 (21)\" alt=\"Fasching-2015 (21)\" style=\"width: 581px; height: 387px;\" \/> <\/a> <\/div> <\/div> <!-- close group --> <div class=\"gallery-group images-1\" style=\"width: 585px; height: 391px;\" data-original-width=\"585\" data-original-height=\"391\" > <div class=\"tiled-gallery-item tiled-gallery-item-large\" itemprop=\"associatedMedia\" itemscope itemtype=\"http:\/\/schema.org\/ImageObject\"> <a href=\"http:\/\/www.kjv-harheim.de\/index.php\/2016\/07\/14\/bilder-fastnacht-2015\/fasching-2015-22\/\" border=\"0\" itemprop=\"url\"> <meta itemprop=\"width\" content=\"581\"> <meta itemprop=\"height\" content=\"387\"> <img data-attachment-id=\"4450\" data-orig-file=\"http:\/\/www.kjv-harheim.de\/wp-content\/uploads\/2016\/07\/Fasching-2015-22.jpg\" data-orig-size=\"1024,682\" data-comments-opened=\"\" data-image-meta=\"{&quot;aperture&quot;:&quot;0&quot;,&quot;credit&quot;:&quot;&quot;,&quot;camera&quot;:&quot;&quot;,&quot;caption&quot;:&quot;&quot;,&quot;created_timestamp&quot;:&quot;0&quot;,&quot;copyright&quot;:&quot;&quot;,&quot;focal_length&quot;:&quot;0&quot;,&quot;iso&quot;:&quot;0&quot;,&quot;shutter_speed&quot;:&quot;0&quot;,&quot;title&quot;:&quot;&quot;,&quot;orientation&quot;:&quot;0&quot;}\" data-image-title=\"Fasching-2015 (22)\" data-image-description=\"\" data-medium-file=\"http:\/\/www.kjv-harheim.de\/wp-content\/uploads\/2016\/07\/Fasching-2015-22-300x200.jpg\" data-large-file=\"http:\/\/www.kjv-harheim.de\/wp-content\/uploads\/2016\/07\/Fasching-2015-22-1024x682.jpg\" src=\"https:\/\/i0.wp.com\/www.kjv-harheim.de\/wp-content\/uploads\/2016\/07\/Fasching-2015-22.jpg?w=581&#038;h=387\" width=\"581\" height=\"387\" data-original-width=\"581\" data-original-height=\"387\" itemprop=\"http:\/\/schema.org\/image\" title=\"Fasching-2015 (22)\" alt=\"Fasching-2015 (22)\" style=\"width: 581px; height: 387px;\" \/> <\/a> <\/div> <\/div> <!-- close group --> <\/div> <!-- close row --> <div class=\"gallery-row\" style=\"width: 1170px; height: 521px;\" data-original-width=\"1170\" data-original-height=\"521\" > <div class=\"gallery-group images-1\" style=\"width: 781px; height: 521px;\" data-original-width=\"781\" data-original-height=\"521\" > <div class=\"tiled-gallery-item tiled-gallery-item-large\" itemprop=\"associatedMedia\" itemscope itemtype=\"http:\/\/schema.org\/ImageObject\"> <a href=\"http:\/\/www.kjv-harheim.de\/index.php\/2016\/07\/14\/bilder-fastnacht-2015\/fasching-2015-23\/\" border=\"0\" itemprop=\"url\"> <meta itemprop=\"width\" content=\"777\"> <meta itemprop=\"height\" content=\"517\"> <img data-attachment-id=\"4451\" data-orig-file=\"http:\/\/www.kjv-harheim.de\/wp-content\/uploads\/2016\/07\/Fasching-2015-23.jpg\" data-orig-size=\"1024,682\" data-comments-opened=\"\" data-image-meta=\"{&quot;aperture&quot;:&quot;0&quot;,&quot;credit&quot;:&quot;&quot;,&quot;camera&quot;:&quot;&quot;,&quot;caption&quot;:&quot;&quot;,&quot;created_timestamp&quot;:&quot;0&quot;,&quot;copyright&quot;:&quot;&quot;,&quot;focal_length&quot;:&quot;0&quot;,&quot;iso&quot;:&quot;0&quot;,&quot;shutter_speed&quot;:&quot;0&quot;,&quot;title&quot;:&quot;&quot;,&quot;orientation&quot;:&quot;0&quot;}\" data-image-title=\"Fasching-2015 (23)\" data-image-description=\"\" data-medium-file=\"http:\/\/www.kjv-harheim.de\/wp-content\/uploads\/2016\/07\/Fasching-2015-23-300x200.jpg\" data-large-file=\"http:\/\/www.kjv-harheim.de\/wp-content\/uploads\/2016\/07\/Fasching-2015-23-1024x682.jpg\" src=\"https:\/\/i0.wp.com\/www.kjv-harheim.de\/wp-content\/uploads\/2016\/07\/Fasching-2015-23.jpg?w=777&#038;h=517\" width=\"777\" height=\"517\" data-original-width=\"777\" data-original-height=\"517\" itemprop=\"http:\/\/schema.org\/image\" title=\"Fasching-2015 (23)\" alt=\"Fasching-2015 (23)\" style=\"width: 777px; height: 517px;\" \/> <\/a> <\/div> <\/div> <!-- close group --> <div class=\"gallery-group images-2\" style=\"width: 389px; height: 521px;\" data-original-width=\"389\" data-original-height=\"521\" > <div class=\"tiled-gallery-item tiled-gallery-item-large\" itemprop=\"associatedMedia\" itemscope itemtype=\"http:\/\/schema.org\/ImageObject\"> <a href=\"http:\/\/www.kjv-harheim.de\/index.php\/2016\/07\/14\/bilder-fastnacht-2015\/fasching-2015-24\/\" border=\"0\" itemprop=\"url\"> <meta itemprop=\"width\" content=\"385\"> <meta itemprop=\"height\" content=\"256\"> <img data-attachment-id=\"4452\" data-orig-file=\"http:\/\/www.kjv-harheim.de\/wp-content\/uploads\/2016\/07\/Fasching-2015-24.jpg\" data-orig-size=\"1024,682\" data-comments-opened=\"\" data-image-meta=\"{&quot;aperture&quot;:&quot;0&quot;,&quot;credit&quot;:&quot;&quot;,&quot;camera&quot;:&quot;&quot;,&quot;caption&quot;:&quot;&quot;,&quot;created_timestamp&quot;:&quot;0&quot;,&quot;copyright&quot;:&quot;&quot;,&quot;focal_length&quot;:&quot;0&quot;,&quot;iso&quot;:&quot;0&quot;,&quot;shutter_speed&quot;:&quot;0&quot;,&quot;title&quot;:&quot;&quot;,&quot;orientation&quot;:&quot;0&quot;}\" data-image-title=\"Fasching-2015 (24)\" data-image-description=\"\" data-medium-file=\"http:\/\/www.kjv-harheim.de\/wp-content\/uploads\/2016\/07\/Fasching-2015-24-300x200.jpg\" data-large-file=\"http:\/\/www.kjv-harheim.de\/wp-content\/uploads\/2016\/07\/Fasching-2015-24-1024x682.jpg\" src=\"https:\/\/i0.wp.com\/www.kjv-harheim.de\/wp-content\/uploads\/2016\/07\/Fasching-2015-24.jpg?w=385&#038;h=256\" width=\"385\" height=\"256\" data-original-width=\"385\" data-original-height=\"256\" itemprop=\"http:\/\/schema.org\/image\" title=\"Fasching-2015 (24)\" alt=\"Fasching-2015 (24)\" style=\"width: 385px; height: 256px;\" \/> <\/a> <\/div> <div class=\"tiled-gallery-item tiled-gallery-item-large\" itemprop=\"associatedMedia\" itemscope itemtype=\"http:\/\/schema.org\/ImageObject\"> <a href=\"http:\/\/www.kjv-harheim.de\/index.php\/2016\/07\/14\/bilder-fastnacht-2015\/fasching-2015-25\/\" border=\"0\" itemprop=\"url\"> <meta itemprop=\"width\" content=\"385\"> <meta itemprop=\"height\" content=\"257\"> <img data-attachment-id=\"4453\" data-orig-file=\"http:\/\/www.kjv-harheim.de\/wp-content\/uploads\/2016\/07\/Fasching-2015-25.jpg\" data-orig-size=\"1024,682\" data-comments-opened=\"\" data-image-meta=\"{&quot;aperture&quot;:&quot;0&quot;,&quot;credit&quot;:&quot;&quot;,&quot;camera&quot;:&quot;&quot;,&quot;caption&quot;:&quot;&quot;,&quot;created_timestamp&quot;:&quot;0&quot;,&quot;copyright&quot;:&quot;&quot;,&quot;focal_length&quot;:&quot;0&quot;,&quot;iso&quot;:&quot;0&quot;,&quot;shutter_speed&quot;:&quot;0&quot;,&quot;title&quot;:&quot;&quot;,&quot;orientation&quot;:&quot;0&quot;}\" data-image-title=\"Fasching-2015 (25)\" data-image-description=\"\" data-medium-file=\"http:\/\/www.kjv-harheim.de\/wp-content\/uploads\/2016\/07\/Fasching-2015-25-300x200.jpg\" data-large-file=\"http:\/\/www.kjv-harheim.de\/wp-content\/uploads\/2016\/07\/Fasching-2015-25-1024x682.jpg\" src=\"https:\/\/i0.wp.com\/www.kjv-harheim.de\/wp-content\/uploads\/2016\/07\/Fasching-2015-25.jpg?w=385&#038;h=257\" width=\"385\" height=\"257\" data-original-width=\"385\" data-original-height=\"257\" itemprop=\"http:\/\/schema.org\/image\" title=\"Fasching-2015 (25)\" alt=\"Fasching-2015 (25)\" style=\"width: 385px; height: 257px;\" \/> <\/a> <\/div> <\/div> <!-- close group --> <\/div> <!-- close row --> <div class=\"gallery-row\" style=\"width: 1170px; height: 261px;\" data-original-width=\"1170\" data-original-height=\"261\" > <div class=\"gallery-group images-1\" style=\"width: 390px; height: 261px;\" data-original-width=\"390\" data-original-height=\"261\" > <div class=\"tiled-gallery-item tiled-gallery-item-large\" itemprop=\"associatedMedia\" itemscope itemtype=\"http:\/\/schema.org\/ImageObject\"> <a href=\"http:\/\/www.kjv-harheim.de\/index.php\/2016\/07\/14\/bilder-fastnacht-2015\/fasching-2015-26\/\" border=\"0\" itemprop=\"url\"> <meta itemprop=\"width\" content=\"386\"> <meta itemprop=\"height\" content=\"257\"> <img data-attachment-id=\"4454\" data-orig-file=\"http:\/\/www.kjv-harheim.de\/wp-content\/uploads\/2016\/07\/Fasching-2015-26.jpg\" data-orig-size=\"1024,682\" data-comments-opened=\"\" data-image-meta=\"{&quot;aperture&quot;:&quot;0&quot;,&quot;credit&quot;:&quot;&quot;,&quot;camera&quot;:&quot;&quot;,&quot;caption&quot;:&quot;&quot;,&quot;created_timestamp&quot;:&quot;0&quot;,&quot;copyright&quot;:&quot;&quot;,&quot;focal_length&quot;:&quot;0&quot;,&quot;iso&quot;:&quot;0&quot;,&quot;shutter_speed&quot;:&quot;0&quot;,&quot;title&quot;:&quot;&quot;,&quot;orientation&quot;:&quot;0&quot;}\" data-image-title=\"Fasching-2015 (26)\" data-image-description=\"\" data-medium-file=\"http:\/\/www.kjv-harheim.de\/wp-content\/uploads\/2016\/07\/Fasching-2015-26-300x200.jpg\" data-large-file=\"http:\/\/www.kjv-harheim.de\/wp-content\/uploads\/2016\/07\/Fasching-2015-26-1024x682.jpg\" src=\"https:\/\/i0.wp.com\/www.kjv-harheim.de\/wp-content\/uploads\/2016\/07\/Fasching-2015-26.jpg?w=386&#038;h=257\" width=\"386\" height=\"257\" data-original-width=\"386\" data-original-height=\"257\" itemprop=\"http:\/\/schema.org\/image\" title=\"Fasching-2015 (26)\" alt=\"Fasching-2015 (26)\" style=\"width: 386px; height: 257px;\" \/> <\/a> <\/div> <\/div> <!-- close group --> <div class=\"gallery-group images-1\" style=\"width: 390px; height: 261px;\" data-original-width=\"390\" data-original-height=\"261\" > <div class=\"tiled-gallery-item tiled-gallery-item-large\" itemprop=\"associatedMedia\" itemscope itemtype=\"http:\/\/schema.org\/ImageObject\"> <a href=\"http:\/\/www.kjv-harheim.de\/index.php\/2016\/07\/14\/bilder-fastnacht-2015\/fasching-2015-27\/\" border=\"0\" itemprop=\"url\"> <meta itemprop=\"width\" content=\"386\"> <meta itemprop=\"height\" content=\"257\"> <img data-attachment-id=\"4455\" data-orig-file=\"http:\/\/www.kjv-harheim.de\/wp-content\/uploads\/2016\/07\/Fasching-2015-27.jpg\" data-orig-size=\"1024,682\" data-comments-opened=\"\" data-image-meta=\"{&quot;aperture&quot;:&quot;0&quot;,&quot;credit&quot;:&quot;&quot;,&quot;camera&quot;:&quot;&quot;,&quot;caption&quot;:&quot;&quot;,&quot;created_timestamp&quot;:&quot;0&quot;,&quot;copyright&quot;:&quot;&quot;,&quot;focal_length&quot;:&quot;0&quot;,&quot;iso&quot;:&quot;0&quot;,&quot;shutter_speed&quot;:&quot;0&quot;,&quot;title&quot;:&quot;&quot;,&quot;orientation&quot;:&quot;0&quot;}\" data-image-title=\"Fasching-2015 (27)\" data-image-description=\"\" data-medium-file=\"http:\/\/www.kjv-harheim.de\/wp-content\/uploads\/2016\/07\/Fasching-2015-27-300x200.jpg\" data-large-file=\"http:\/\/www.kjv-harheim.de\/wp-content\/uploads\/2016\/07\/Fasching-2015-27-1024x682.jpg\" src=\"https:\/\/i0.wp.com\/www.kjv-harheim.de\/wp-content\/uploads\/2016\/07\/Fasching-2015-27.jpg?w=386&#038;h=257\" width=\"386\" height=\"257\" data-original-width=\"386\" data-original-height=\"257\" itemprop=\"http:\/\/schema.org\/image\" title=\"Fasching-2015 (27)\" alt=\"Fasching-2015 (27)\" style=\"width: 386px; height: 257px;\" \/> <\/a> <\/div> <\/div> <!-- close group --> <div class=\"gallery-group images-1\" style=\"width: 390px; height: 261px;\" data-original-width=\"390\" data-original-height=\"261\" > <div class=\"tiled-gallery-item tiled-gallery-item-large\" itemprop=\"associatedMedia\" itemscope itemtype=\"http:\/\/schema.org\/ImageObject\"> <a href=\"http:\/\/www.kjv-harheim.de\/index.php\/2016\/07\/14\/bilder-fastnacht-2015\/fasching-2015-28\/\" border=\"0\" itemprop=\"url\"> <meta itemprop=\"width\" content=\"386\"> <meta itemprop=\"height\" content=\"257\"> <img data-attachment-id=\"4456\" data-orig-file=\"http:\/\/www.kjv-harheim.de\/wp-content\/uploads\/2016\/07\/Fasching-2015-28.jpg\" data-orig-size=\"1024,682\" data-comments-opened=\"\" data-image-meta=\"{&quot;aperture&quot;:&quot;0&quot;,&quot;credit&quot;:&quot;&quot;,&quot;camera&quot;:&quot;&quot;,&quot;caption&quot;:&quot;&quot;,&quot;created_timestamp&quot;:&quot;0&quot;,&quot;copyright&quot;:&quot;&quot;,&quot;focal_length&quot;:&quot;0&quot;,&quot;iso&quot;:&quot;0&quot;,&quot;shutter_speed&quot;:&quot;0&quot;,&quot;title&quot;:&quot;&quot;,&quot;orientation&quot;:&quot;0&quot;}\" data-image-title=\"Fasching-2015 (28)\" data-image-description=\"\" data-medium-file=\"http:\/\/www.kjv-harheim.de\/wp-content\/uploads\/2016\/07\/Fasching-2015-28-300x200.jpg\" data-large-file=\"http:\/\/www.kjv-harheim.de\/wp-content\/uploads\/2016\/07\/Fasching-2015-28-1024x682.jpg\" src=\"https:\/\/i0.wp.com\/www.kjv-harheim.de\/wp-content\/uploads\/2016\/07\/Fasching-2015-28.jpg?w=386&#038;h=257\" width=\"386\" height=\"257\" data-original-width=\"386\" data-original-height=\"257\" itemprop=\"http:\/\/schema.org\/image\" title=\"Fasching-2015 (28)\" alt=\"Fasching-2015 (28)\" style=\"width: 386px; height: 257px;\" \/> <\/a> <\/div> <\/div> <!-- close group --> <\/div> <!-- close row --> <div class=\"gallery-row\" style=\"width: 1170px; height: 521px;\" data-original-width=\"1170\" data-original-height=\"521\" > <div class=\"gallery-group images-2\" style=\"width: 389px; height: 521px;\" data-original-width=\"389\" data-original-height=\"521\" > <div class=\"tiled-gallery-item tiled-gallery-item-large\" itemprop=\"associatedMedia\" itemscope itemtype=\"http:\/\/schema.org\/ImageObject\"> <a href=\"http:\/\/www.kjv-harheim.de\/index.php\/2016\/07\/14\/bilder-fastnacht-2015\/fasching-2015-29\/\" border=\"0\" itemprop=\"url\"> <meta itemprop=\"width\" content=\"385\"> <meta itemprop=\"height\" content=\"256\"> <img data-attachment-id=\"4457\" data-orig-file=\"http:\/\/www.kjv-harheim.de\/wp-content\/uploads\/2016\/07\/Fasching-2015-29.jpg\" data-orig-size=\"1024,682\" data-comments-opened=\"\" data-image-meta=\"{&quot;aperture&quot;:&quot;0&quot;,&quot;credit&quot;:&quot;&quot;,&quot;camera&quot;:&quot;&quot;,&quot;caption&quot;:&quot;&quot;,&quot;created_timestamp&quot;:&quot;0&quot;,&quot;copyright&quot;:&quot;&quot;,&quot;focal_length&quot;:&quot;0&quot;,&quot;iso&quot;:&quot;0&quot;,&quot;shutter_speed&quot;:&quot;0&quot;,&quot;title&quot;:&quot;&quot;,&quot;orientation&quot;:&quot;0&quot;}\" data-image-title=\"Fasching-2015 (29)\" data-image-description=\"\" data-medium-file=\"http:\/\/www.kjv-harheim.de\/wp-content\/uploads\/2016\/07\/Fasching-2015-29-300x200.jpg\" data-large-file=\"http:\/\/www.kjv-harheim.de\/wp-content\/uploads\/2016\/07\/Fasching-2015-29-1024x682.jpg\" src=\"https:\/\/i0.wp.com\/www.kjv-harheim.de\/wp-content\/uploads\/2016\/07\/Fasching-2015-29.jpg?w=385&#038;h=256\" width=\"385\" height=\"256\" data-original-width=\"385\" data-original-height=\"256\" itemprop=\"http:\/\/schema.org\/image\" title=\"Fasching-2015 (29)\" alt=\"Fasching-2015 (29)\" style=\"width: 385px; height: 256px;\" \/> <\/a> <\/div> <div class=\"tiled-gallery-item tiled-gallery-item-large\" itemprop=\"associatedMedia\" itemscope itemtype=\"http:\/\/schema.org\/ImageObject\"> <a href=\"http:\/\/www.kjv-harheim.de\/index.php\/2016\/07\/14\/bilder-fastnacht-2015\/fasching-2015-30\/\" border=\"0\" itemprop=\"url\"> <meta itemprop=\"width\" content=\"385\"> <meta itemprop=\"height\" content=\"257\"> <img data-attachment-id=\"4458\" data-orig-file=\"http:\/\/www.kjv-harheim.de\/wp-content\/uploads\/2016\/07\/Fasching-2015-30.jpg\" data-orig-size=\"1024,682\" data-comments-opened=\"\" data-image-meta=\"{&quot;aperture&quot;:&quot;0&quot;,&quot;credit&quot;:&quot;&quot;,&quot;camera&quot;:&quot;&quot;,&quot;caption&quot;:&quot;&quot;,&quot;created_timestamp&quot;:&quot;0&quot;,&quot;copyright&quot;:&quot;&quot;,&quot;focal_length&quot;:&quot;0&quot;,&quot;iso&quot;:&quot;0&quot;,&quot;shutter_speed&quot;:&quot;0&quot;,&quot;title&quot;:&quot;&quot;,&quot;orientation&quot;:&quot;0&quot;}\" data-image-title=\"Fasching-2015 (30)\" data-image-description=\"\" data-medium-file=\"http:\/\/www.kjv-harheim.de\/wp-content\/uploads\/2016\/07\/Fasching-2015-30-300x200.jpg\" data-large-file=\"http:\/\/www.kjv-harheim.de\/wp-content\/uploads\/2016\/07\/Fasching-2015-30-1024x682.jpg\" src=\"https:\/\/i0.wp.com\/www.kjv-harheim.de\/wp-content\/uploads\/2016\/07\/Fasching-2015-30.jpg?w=385&#038;h=257\" width=\"385\" height=\"257\" data-original-width=\"385\" data-original-height=\"257\" itemprop=\"http:\/\/schema.org\/image\" title=\"Fasching-2015 (30)\" alt=\"Fasching-2015 (30)\" style=\"width: 385px; height: 257px;\" \/> <\/a> <\/div> <\/div> <!-- close group --> <div class=\"gallery-group images-1\" style=\"width: 781px; height: 521px;\" data-original-width=\"781\" data-original-height=\"521\" > <div class=\"tiled-gallery-item tiled-gallery-item-large\" itemprop=\"associatedMedia\" itemscope itemtype=\"http:\/\/schema.org\/ImageObject\"> <a href=\"http:\/\/www.kjv-harheim.de\/index.php\/2016\/07\/14\/bilder-fastnacht-2015\/fasching-2015-31\/\" border=\"0\" itemprop=\"url\"> <meta itemprop=\"width\" content=\"777\"> <meta itemprop=\"height\" content=\"517\"> <img data-attachment-id=\"4459\" data-orig-file=\"http:\/\/www.kjv-harheim.de\/wp-content\/uploads\/2016\/07\/Fasching-2015-31.jpg\" data-orig-size=\"1024,682\" data-comments-opened=\"\" data-image-meta=\"{&quot;aperture&quot;:&quot;0&quot;,&quot;credit&quot;:&quot;&quot;,&quot;camera&quot;:&quot;&quot;,&quot;caption&quot;:&quot;&quot;,&quot;created_timestamp&quot;:&quot;0&quot;,&quot;copyright&quot;:&quot;&quot;,&quot;focal_length&quot;:&quot;0&quot;,&quot;iso&quot;:&quot;0&quot;,&quot;shutter_speed&quot;:&quot;0&quot;,&quot;title&quot;:&quot;&quot;,&quot;orientation&quot;:&quot;0&quot;}\" data-image-title=\"Fasching-2015 (31)\" data-image-description=\"\" data-medium-file=\"http:\/\/www.kjv-harheim.de\/wp-content\/uploads\/2016\/07\/Fasching-2015-31-300x200.jpg\" data-large-file=\"http:\/\/www.kjv-harheim.de\/wp-content\/uploads\/2016\/07\/Fasching-2015-31-1024x682.jpg\" src=\"https:\/\/i0.wp.com\/www.kjv-harheim.de\/wp-content\/uploads\/2016\/07\/Fasching-2015-31.jpg?w=777&#038;h=517\" width=\"777\" height=\"517\" data-original-width=\"777\" data-original-height=\"517\" itemprop=\"http:\/\/schema.org\/image\" title=\"Fasching-2015 (31)\" alt=\"Fasching-2015 (31)\" style=\"width: 777px; height: 517px;\" \/> <\/a> <\/div> <\/div> <!-- close group --> <\/div> <!-- close row --> <div class=\"gallery-row\" style=\"width: 1170px; height: 391px;\" data-original-width=\"1170\" data-original-height=\"391\" > <div class=\"gallery-group images-1\" style=\"width: 585px; height: 391px;\" data-original-width=\"585\" data-original-height=\"391\" > <div class=\"tiled-gallery-item tiled-gallery-item-large\" itemprop=\"associatedMedia\" itemscope itemtype=\"http:\/\/schema.org\/ImageObject\"> <a href=\"http:\/\/www.kjv-harheim.de\/index.php\/2016\/07\/14\/bilder-fastnacht-2015\/fasching-2015-32\/\" border=\"0\" itemprop=\"url\"> <meta itemprop=\"width\" content=\"581\"> <meta itemprop=\"height\" content=\"387\"> <img data-attachment-id=\"4460\" data-orig-file=\"http:\/\/www.kjv-harheim.de\/wp-content\/uploads\/2016\/07\/Fasching-2015-32.jpg\" data-orig-size=\"1024,682\" data-comments-opened=\"\" data-image-meta=\"{&quot;aperture&quot;:&quot;0&quot;,&quot;credit&quot;:&quot;&quot;,&quot;camera&quot;:&quot;&quot;,&quot;caption&quot;:&quot;&quot;,&quot;created_timestamp&quot;:&quot;0&quot;,&quot;copyright&quot;:&quot;&quot;,&quot;focal_length&quot;:&quot;0&quot;,&quot;iso&quot;:&quot;0&quot;,&quot;shutter_speed&quot;:&quot;0&quot;,&quot;title&quot;:&quot;&quot;,&quot;orientation&quot;:&quot;0&quot;}\" data-image-title=\"Fasching-2015 (32)\" data-image-description=\"\" data-medium-file=\"http:\/\/www.kjv-harheim.de\/wp-content\/uploads\/2016\/07\/Fasching-2015-32-300x200.jpg\" data-large-file=\"http:\/\/www.kjv-harheim.de\/wp-content\/uploads\/2016\/07\/Fasching-2015-32-1024x682.jpg\" src=\"https:\/\/i0.wp.com\/www.kjv-harheim.de\/wp-content\/uploads\/2016\/07\/Fasching-2015-32.jpg?w=581&#038;h=387\" width=\"581\" height=\"387\" data-original-width=\"581\" data-original-height=\"387\" itemprop=\"http:\/\/schema.org\/image\" title=\"Fasching-2015 (32)\" alt=\"Fasching-2015 (32)\" style=\"width: 581px; height: 387px;\" \/> <\/a> <\/div> <\/div> <!-- close group --> <div class=\"gallery-group images-1\" style=\"width: 585px; height: 391px;\" data-original-width=\"585\" data-original-height=\"391\" > <div class=\"tiled-gallery-item tiled-gallery-item-large\" itemprop=\"associatedMedia\" itemscope itemtype=\"http:\/\/schema.org\/ImageObject\"> <a href=\"http:\/\/www.kjv-harheim.de\/index.php\/2016\/07\/14\/bilder-fastnacht-2015\/fasching-2015-33\/\" border=\"0\" itemprop=\"url\"> <meta itemprop=\"width\" content=\"581\"> <meta itemprop=\"height\" content=\"387\"> <img data-attachment-id=\"4461\" data-orig-file=\"http:\/\/www.kjv-harheim.de\/wp-content\/uploads\/2016\/07\/Fasching-2015-33.jpg\" data-orig-size=\"1024,682\" data-comments-opened=\"\" data-image-meta=\"{&quot;aperture&quot;:&quot;0&quot;,&quot;credit&quot;:&quot;&quot;,&quot;camera&quot;:&quot;&quot;,&quot;caption&quot;:&quot;&quot;,&quot;created_timestamp&quot;:&quot;0&quot;,&quot;copyright&quot;:&quot;&quot;,&quot;focal_length&quot;:&quot;0&quot;,&quot;iso&quot;:&quot;0&quot;,&quot;shutter_speed&quot;:&quot;0&quot;,&quot;title&quot;:&quot;&quot;,&quot;orientation&quot;:&quot;0&quot;}\" data-image-title=\"Fasching-2015 (33)\" data-image-description=\"\" data-medium-file=\"http:\/\/www.kjv-harheim.de\/wp-content\/uploads\/2016\/07\/Fasching-2015-33-300x200.jpg\" data-large-file=\"http:\/\/www.kjv-harheim.de\/wp-content\/uploads\/2016\/07\/Fasching-2015-33-1024x682.jpg\" src=\"https:\/\/i0.wp.com\/www.kjv-harheim.de\/wp-content\/uploads\/2016\/07\/Fasching-2015-33.jpg?w=581&#038;h=387\" width=\"581\" height=\"387\" data-original-width=\"581\" data-original-height=\"387\" itemprop=\"http:\/\/schema.org\/image\" title=\"Fasching-2015 (33)\" alt=\"Fasching-2015 (33)\" style=\"width: 581px; height: 387px;\" \/> <\/a> <\/div> <\/div> <!-- close group --> <\/div> <!-- close row --> <div class=\"gallery-row\" style=\"width: 1170px; height: 521px;\" data-original-width=\"1170\" data-original-height=\"521\" > <div class=\"gallery-group images-1\" style=\"width: 781px; height: 521px;\" data-original-width=\"781\" data-original-height=\"521\" > <div class=\"tiled-gallery-item tiled-gallery-item-large\" itemprop=\"associatedMedia\" itemscope itemtype=\"http:\/\/schema.org\/ImageObject\"> <a href=\"http:\/\/www.kjv-harheim.de\/index.php\/2016\/07\/14\/bilder-fastnacht-2015\/fasching-2015-34\/\" border=\"0\" itemprop=\"url\"> <meta itemprop=\"width\" content=\"777\"> <meta itemprop=\"height\" content=\"517\"> <img data-attachment-id=\"4462\" data-orig-file=\"http:\/\/www.kjv-harheim.de\/wp-content\/uploads\/2016\/07\/Fasching-2015-34.jpg\" data-orig-size=\"1024,682\" data-comments-opened=\"\" data-image-meta=\"{&quot;aperture&quot;:&quot;0&quot;,&quot;credit&quot;:&quot;&quot;,&quot;camera&quot;:&quot;&quot;,&quot;caption&quot;:&quot;&quot;,&quot;created_timestamp&quot;:&quot;0&quot;,&quot;copyright&quot;:&quot;&quot;,&quot;focal_length&quot;:&quot;0&quot;,&quot;iso&quot;:&quot;0&quot;,&quot;shutter_speed&quot;:&quot;0&quot;,&quot;title&quot;:&quot;&quot;,&quot;orientation&quot;:&quot;0&quot;}\" data-image-title=\"Fasching-2015 (34)\" data-image-description=\"\" data-medium-file=\"http:\/\/www.kjv-harheim.de\/wp-content\/uploads\/2016\/07\/Fasching-2015-34-300x200.jpg\" data-large-file=\"http:\/\/www.kjv-harheim.de\/wp-content\/uploads\/2016\/07\/Fasching-2015-34-1024x682.jpg\" src=\"https:\/\/i0.wp.com\/www.kjv-harheim.de\/wp-content\/uploads\/2016\/07\/Fasching-2015-34.jpg?w=777&#038;h=517\" width=\"777\" height=\"517\" data-original-width=\"777\" data-original-height=\"517\" itemprop=\"http:\/\/schema.org\/image\" title=\"Fasching-2015 (34)\" alt=\"Fasching-2015 (34)\" style=\"width: 777px; height: 517px;\" \/> <\/a> <\/div> <\/div> <!-- close group --> <div class=\"gallery-group images-2\" style=\"width: 389px; height: 521px;\" data-original-width=\"389\" data-original-height=\"521\" > <div class=\"tiled-gallery-item tiled-gallery-item-large\" itemprop=\"associatedMedia\" itemscope itemtype=\"http:\/\/schema.org\/ImageObject\"> <a href=\"http:\/\/www.kjv-harheim.de\/index.php\/2016\/07\/14\/bilder-fastnacht-2015\/fasching-2015-35\/\" border=\"0\" itemprop=\"url\"> <meta itemprop=\"width\" content=\"385\"> <meta itemprop=\"height\" content=\"256\"> <img data-attachment-id=\"4463\" data-orig-file=\"http:\/\/www.kjv-harheim.de\/wp-content\/uploads\/2016\/07\/Fasching-2015-35.jpg\" data-orig-size=\"1024,682\" data-comments-opened=\"\" data-image-meta=\"{&quot;aperture&quot;:&quot;0&quot;,&quot;credit&quot;:&quot;&quot;,&quot;camera&quot;:&quot;&quot;,&quot;caption&quot;:&quot;&quot;,&quot;created_timestamp&quot;:&quot;0&quot;,&quot;copyright&quot;:&quot;&quot;,&quot;focal_length&quot;:&quot;0&quot;,&quot;iso&quot;:&quot;0&quot;,&quot;shutter_speed&quot;:&quot;0&quot;,&quot;title&quot;:&quot;&quot;,&quot;orientation&quot;:&quot;0&quot;}\" data-image-title=\"Fasching-2015 (35)\" data-image-description=\"\" data-medium-file=\"http:\/\/www.kjv-harheim.de\/wp-content\/uploads\/2016\/07\/Fasching-2015-35-300x200.jpg\" data-large-file=\"http:\/\/www.kjv-harheim.de\/wp-content\/uploads\/2016\/07\/Fasching-2015-35-1024x682.jpg\" src=\"https:\/\/i0.wp.com\/www.kjv-harheim.de\/wp-content\/uploads\/2016\/07\/Fasching-2015-35.jpg?w=385&#038;h=256\" width=\"385\" height=\"256\" data-original-width=\"385\" data-original-height=\"256\" itemprop=\"http:\/\/schema.org\/image\" title=\"Fasching-2015 (35)\" alt=\"Fasching-2015 (35)\" style=\"width: 385px; height: 256px;\" \/> <\/a> <\/div> <div class=\"tiled-gallery-item tiled-gallery-item-large\" itemprop=\"associatedMedia\" itemscope itemtype=\"http:\/\/schema.org\/ImageObject\"> <a href=\"http:\/\/www.kjv-harheim.de\/index.php\/2016\/07\/14\/bilder-fastnacht-2015\/fasching-2015-36\/\" border=\"0\" itemprop=\"url\"> <meta itemprop=\"width\" content=\"385\"> <meta itemprop=\"height\" content=\"257\"> <img data-attachment-id=\"4464\" data-orig-file=\"http:\/\/www.kjv-harheim.de\/wp-content\/uploads\/2016\/07\/Fasching-2015-36.jpg\" data-orig-size=\"1024,682\" data-comments-opened=\"\" data-image-meta=\"{&quot;aperture&quot;:&quot;0&quot;,&quot;credit&quot;:&quot;&quot;,&quot;camera&quot;:&quot;&quot;,&quot;caption&quot;:&quot;&quot;,&quot;created_timestamp&quot;:&quot;0&quot;,&quot;copyright&quot;:&quot;&quot;,&quot;focal_length&quot;:&quot;0&quot;,&quot;iso&quot;:&quot;0&quot;,&quot;shutter_speed&quot;:&quot;0&quot;,&quot;title&quot;:&quot;&quot;,&quot;orientation&quot;:&quot;0&quot;}\" data-image-title=\"Fasching-2015 (36)\" data-image-description=\"\" data-medium-file=\"http:\/\/www.kjv-harheim.de\/wp-content\/uploads\/2016\/07\/Fasching-2015-36-300x200.jpg\" data-large-file=\"http:\/\/www.kjv-harheim.de\/wp-content\/uploads\/2016\/07\/Fasching-2015-36-1024x682.jpg\" src=\"https:\/\/i0.wp.com\/www.kjv-harheim.de\/wp-content\/uploads\/2016\/07\/Fasching-2015-36.jpg?w=385&#038;h=257\" width=\"385\" height=\"257\" data-original-width=\"385\" data-original-height=\"257\" itemprop=\"http:\/\/schema.org\/image\" title=\"Fasching-2015 (36)\" alt=\"Fasching-2015 (36)\" style=\"width: 385px; height: 257px;\" \/> <\/a> <\/div> <\/div> <!-- close group --> <\/div> <!-- close row --> <div class=\"gallery-row\" style=\"width: 1170px; height: 261px;\" data-original-width=\"1170\" data-original-height=\"261\" > <div class=\"gallery-group images-1\" style=\"width: 390px; height: 261px;\" data-original-width=\"390\" data-original-height=\"261\" > <div class=\"tiled-gallery-item tiled-gallery-item-large\" itemprop=\"associatedMedia\" itemscope itemtype=\"http:\/\/schema.org\/ImageObject\"> <a href=\"http:\/\/www.kjv-harheim.de\/index.php\/2016\/07\/14\/bilder-fastnacht-2015\/fasching-2015-37\/\" border=\"0\" itemprop=\"url\"> <meta itemprop=\"width\" content=\"386\"> <meta itemprop=\"height\" content=\"257\"> <img data-attachment-id=\"4465\" data-orig-file=\"http:\/\/www.kjv-harheim.de\/wp-content\/uploads\/2016\/07\/Fasching-2015-37.jpg\" data-orig-size=\"1024,682\" data-comments-opened=\"\" data-image-meta=\"{&quot;aperture&quot;:&quot;0&quot;,&quot;credit&quot;:&quot;&quot;,&quot;camera&quot;:&quot;&quot;,&quot;caption&quot;:&quot;&quot;,&quot;created_timestamp&quot;:&quot;0&quot;,&quot;copyright&quot;:&quot;&quot;,&quot;focal_length&quot;:&quot;0&quot;,&quot;iso&quot;:&quot;0&quot;,&quot;shutter_speed&quot;:&quot;0&quot;,&quot;title&quot;:&quot;&quot;,&quot;orientation&quot;:&quot;0&quot;}\" data-image-title=\"Fasching-2015 (37)\" data-image-description=\"\" data-medium-file=\"http:\/\/www.kjv-harheim.de\/wp-content\/uploads\/2016\/07\/Fasching-2015-37-300x200.jpg\" data-large-file=\"http:\/\/www.kjv-harheim.de\/wp-content\/uploads\/2016\/07\/Fasching-2015-37-1024x682.jpg\" src=\"https:\/\/i0.wp.com\/www.kjv-harheim.de\/wp-content\/uploads\/2016\/07\/Fasching-2015-37.jpg?w=386&#038;h=257\" width=\"386\" height=\"257\" data-original-width=\"386\" data-original-height=\"257\" itemprop=\"http:\/\/schema.org\/image\" title=\"Fasching-2015 (37)\" alt=\"Fasching-2015 (37)\" style=\"width: 386px; height: 257px;\" \/> <\/a> <\/div> <\/div> <!-- close group --> <div class=\"gallery-group images-1\" style=\"width: 390px; height: 261px;\" data-original-width=\"390\" data-original-height=\"261\" > <div class=\"tiled-gallery-item tiled-gallery-item-large\" itemprop=\"associatedMedia\" itemscope itemtype=\"http:\/\/schema.org\/ImageObject\"> <a href=\"http:\/\/www.kjv-harheim.de\/index.php\/2016\/07\/14\/bilder-fastnacht-2015\/fasching-2015-38\/\" border=\"0\" itemprop=\"url\"> <meta itemprop=\"width\" content=\"386\"> <meta itemprop=\"height\" content=\"257\"> <img data-attachment-id=\"4466\" data-orig-file=\"http:\/\/www.kjv-harheim.de\/wp-content\/uploads\/2016\/07\/Fasching-2015-38.jpg\" data-orig-size=\"1024,682\" data-comments-opened=\"\" data-image-meta=\"{&quot;aperture&quot;:&quot;0&quot;,&quot;credit&quot;:&quot;&quot;,&quot;camera&quot;:&quot;&quot;,&quot;caption&quot;:&quot;&quot;,&quot;created_timestamp&quot;:&quot;0&quot;,&quot;copyright&quot;:&quot;&quot;,&quot;focal_length&quot;:&quot;0&quot;,&quot;iso&quot;:&quot;0&quot;,&quot;shutter_speed&quot;:&quot;0&quot;,&quot;title&quot;:&quot;&quot;,&quot;orientation&quot;:&quot;0&quot;}\" data-image-title=\"Fasching-2015 (38)\" data-image-description=\"\" data-medium-file=\"http:\/\/www.kjv-harheim.de\/wp-content\/uploads\/2016\/07\/Fasching-2015-38-300x200.jpg\" data-large-file=\"http:\/\/www.kjv-harheim.de\/wp-content\/uploads\/2016\/07\/Fasching-2015-38-1024x682.jpg\" src=\"https:\/\/i0.wp.com\/www.kjv-harheim.de\/wp-content\/uploads\/2016\/07\/Fasching-2015-38.jpg?w=386&#038;h=257\" width=\"386\" height=\"257\" data-original-width=\"386\" data-original-height=\"257\" itemprop=\"http:\/\/schema.org\/image\" title=\"Fasching-2015 (38)\" alt=\"Fasching-2015 (38)\" style=\"width: 386px; height: 257px;\" \/> <\/a> <\/div> <\/div> <!-- close group --> <div class=\"gallery-group images-1\" style=\"width: 390px; height: 261px;\" data-original-width=\"390\" data-original-height=\"261\" > <div class=\"tiled-gallery-item tiled-gallery-item-large\" itemprop=\"associatedMedia\" itemscope itemtype=\"http:\/\/schema.org\/ImageObject\"> <a href=\"http:\/\/www.kjv-harheim.de\/index.php\/2016\/07\/14\/bilder-fastnacht-2015\/fasching-2015-39\/\" border=\"0\" itemprop=\"url\"> <meta itemprop=\"width\" content=\"386\"> <meta itemprop=\"height\" content=\"257\"> <img data-attachment-id=\"4467\" data-orig-file=\"http:\/\/www.kjv-harheim.de\/wp-content\/uploads\/2016\/07\/Fasching-2015-39.jpg\" data-orig-size=\"1024,682\" data-comments-opened=\"\" data-image-meta=\"{&quot;aperture&quot;:&quot;0&quot;,&quot;credit&quot;:&quot;&quot;,&quot;camera&quot;:&quot;&quot;,&quot;caption&quot;:&quot;&quot;,&quot;created_timestamp&quot;:&quot;0&quot;,&quot;copyright&quot;:&quot;&quot;,&quot;focal_length&quot;:&quot;0&quot;,&quot;iso&quot;:&quot;0&quot;,&quot;shutter_speed&quot;:&quot;0&quot;,&quot;title&quot;:&quot;&quot;,&quot;orientation&quot;:&quot;0&quot;}\" data-image-title=\"Fasching-2015 (39)\" data-image-description=\"\" data-medium-file=\"http:\/\/www.kjv-harheim.de\/wp-content\/uploads\/2016\/07\/Fasching-2015-39-300x200.jpg\" data-large-file=\"http:\/\/www.kjv-harheim.de\/wp-content\/uploads\/2016\/07\/Fasching-2015-39-1024x682.jpg\" src=\"https:\/\/i0.wp.com\/www.kjv-harheim.de\/wp-content\/uploads\/2016\/07\/Fasching-2015-39.jpg?w=386&#038;h=257\" width=\"386\" height=\"257\" data-original-width=\"386\" data-original-height=\"257\" itemprop=\"http:\/\/schema.org\/image\" title=\"Fasching-2015 (39)\" alt=\"Fasching-2015 (39)\" style=\"width: 386px; height: 257px;\" \/> <\/a> <\/div> <\/div> <!-- close group --> <\/div> <!-- close row --> <div class=\"gallery-row\" style=\"width: 1170px; height: 521px;\" data-original-width=\"1170\" data-original-height=\"521\" > <div class=\"gallery-group images-2\" style=\"width: 389px; height: 521px;\" data-original-width=\"389\" data-original-height=\"521\" > <div class=\"tiled-gallery-item tiled-gallery-item-large\" itemprop=\"associatedMedia\" itemscope itemtype=\"http:\/\/schema.org\/ImageObject\"> <a href=\"http:\/\/www.kjv-harheim.de\/index.php\/2016\/07\/14\/bilder-fastnacht-2015\/fasching-2015-40\/\" border=\"0\" itemprop=\"url\"> <meta itemprop=\"width\" content=\"385\"> <meta itemprop=\"height\" content=\"256\"> <img data-attachment-id=\"4468\" data-orig-file=\"http:\/\/www.kjv-harheim.de\/wp-content\/uploads\/2016\/07\/Fasching-2015-40.jpg\" data-orig-size=\"1024,682\" data-comments-opened=\"\" data-image-meta=\"{&quot;aperture&quot;:&quot;0&quot;,&quot;credit&quot;:&quot;&quot;,&quot;camera&quot;:&quot;&quot;,&quot;caption&quot;:&quot;&quot;,&quot;created_timestamp&quot;:&quot;0&quot;,&quot;copyright&quot;:&quot;&quot;,&quot;focal_length&quot;:&quot;0&quot;,&quot;iso&quot;:&quot;0&quot;,&quot;shutter_speed&quot;:&quot;0&quot;,&quot;title&quot;:&quot;&quot;,&quot;orientation&quot;:&quot;0&quot;}\" data-image-title=\"Fasching-2015 (40)\" data-image-description=\"\" data-medium-file=\"http:\/\/www.kjv-harheim.de\/wp-content\/uploads\/2016\/07\/Fasching-2015-40-300x200.jpg\" data-large-file=\"http:\/\/www.kjv-harheim.de\/wp-content\/uploads\/2016\/07\/Fasching-2015-40-1024x682.jpg\" src=\"https:\/\/i0.wp.com\/www.kjv-harheim.de\/wp-content\/uploads\/2016\/07\/Fasching-2015-40.jpg?w=385&#038;h=256\" width=\"385\" height=\"256\" data-original-width=\"385\" data-original-height=\"256\" itemprop=\"http:\/\/schema.org\/image\" title=\"Fasching-2015 (40)\" alt=\"Fasching-2015 (40)\" style=\"width: 385px; height: 256px;\" \/> <\/a> <\/div> <div class=\"tiled-gallery-item tiled-gallery-item-large\" itemprop=\"associatedMedia\" itemscope itemtype=\"http:\/\/schema.org\/ImageObject\"> <a href=\"http:\/\/www.kjv-harheim.de\/index.php\/2016\/07\/14\/bilder-fastnacht-2015\/fasching-2015-41\/\" border=\"0\" itemprop=\"url\"> <meta itemprop=\"width\" content=\"385\"> <meta itemprop=\"height\" content=\"257\"> <img data-attachment-id=\"4469\" data-orig-file=\"http:\/\/www.kjv-harheim.de\/wp-content\/uploads\/2016\/07\/Fasching-2015-41.jpg\" data-orig-size=\"1024,682\" data-comments-opened=\"\" data-image-meta=\"{&quot;aperture&quot;:&quot;0&quot;,&quot;credit&quot;:&quot;&quot;,&quot;camera&quot;:&quot;&quot;,&quot;caption&quot;:&quot;&quot;,&quot;created_timestamp&quot;:&quot;0&quot;,&quot;copyright&quot;:&quot;&quot;,&quot;focal_length&quot;:&quot;0&quot;,&quot;iso&quot;:&quot;0&quot;,&quot;shutter_speed&quot;:&quot;0&quot;,&quot;title&quot;:&quot;&quot;,&quot;orientation&quot;:&quot;0&quot;}\" data-image-title=\"Fasching-2015 (41)\" data-image-description=\"\" data-medium-file=\"http:\/\/www.kjv-harheim.de\/wp-content\/uploads\/2016\/07\/Fasching-2015-41-300x200.jpg\" data-large-file=\"http:\/\/www.kjv-harheim.de\/wp-content\/uploads\/2016\/07\/Fasching-2015-41-1024x682.jpg\" src=\"https:\/\/i0.wp.com\/www.kjv-harheim.de\/wp-content\/uploads\/2016\/07\/Fasching-2015-41.jpg?w=385&#038;h=257\" width=\"385\" height=\"257\" data-original-width=\"385\" data-original-height=\"257\" itemprop=\"http:\/\/schema.org\/image\" title=\"Fasching-2015 (41)\" alt=\"Fasching-2015 (41)\" style=\"width: 385px; height: 257px;\" \/> <\/a> <\/div> <\/div> <!-- close group --> <div class=\"gallery-group images-1\" style=\"width: 781px; height: 521px;\" data-original-width=\"781\" data-original-height=\"521\" > <div class=\"tiled-gallery-item tiled-gallery-item-large\" itemprop=\"associatedMedia\" itemscope itemtype=\"http:\/\/schema.org\/ImageObject\"> <a href=\"http:\/\/www.kjv-harheim.de\/index.php\/2016\/07\/14\/bilder-fastnacht-2015\/fasching-2015-42\/\" border=\"0\" itemprop=\"url\"> <meta itemprop=\"width\" content=\"777\"> <meta itemprop=\"height\" content=\"517\"> <img data-attachment-id=\"4470\" data-orig-file=\"http:\/\/www.kjv-harheim.de\/wp-content\/uploads\/2016\/07\/Fasching-2015-42.jpg\" data-orig-size=\"1024,682\" data-comments-opened=\"\" data-image-meta=\"{&quot;aperture&quot;:&quot;0&quot;,&quot;credit&quot;:&quot;&quot;,&quot;camera&quot;:&quot;&quot;,&quot;caption&quot;:&quot;&quot;,&quot;created_timestamp&quot;:&quot;0&quot;,&quot;copyright&quot;:&quot;&quot;,&quot;focal_length&quot;:&quot;0&quot;,&quot;iso&quot;:&quot;0&quot;,&quot;shutter_speed&quot;:&quot;0&quot;,&quot;title&quot;:&quot;&quot;,&quot;orientation&quot;:&quot;0&quot;}\" data-image-title=\"Fasching-2015 (42)\" data-image-description=\"\" data-medium-file=\"http:\/\/www.kjv-harheim.de\/wp-content\/uploads\/2016\/07\/Fasching-2015-42-300x200.jpg\" data-large-file=\"http:\/\/www.kjv-harheim.de\/wp-content\/uploads\/2016\/07\/Fasching-2015-42-1024x682.jpg\" src=\"https:\/\/i0.wp.com\/www.kjv-harheim.de\/wp-content\/uploads\/2016\/07\/Fasching-2015-42.jpg?w=777&#038;h=517\" width=\"777\" height=\"517\" data-original-width=\"777\" data-original-height=\"517\" itemprop=\"http:\/\/schema.org\/image\" title=\"Fasching-2015 (42)\" alt=\"Fasching-2015 (42)\" style=\"width: 777px; height: 517px;\" \/> <\/a> <\/div> <\/div> <!-- close group --> <\/div> <!-- close row --> <div class=\"gallery-row\" style=\"width: 1170px; height: 391px;\" data-original-width=\"1170\" data-original-height=\"391\" > <div class=\"gallery-group images-1\" style=\"width: 585px; height: 391px;\" data-original-width=\"585\" data-original-height=\"391\" > <div class=\"tiled-gallery-item tiled-gallery-item-large\" itemprop=\"associatedMedia\" itemscope itemtype=\"http:\/\/schema.org\/ImageObject\"> <a href=\"http:\/\/www.kjv-harheim.de\/index.php\/2016\/07\/14\/bilder-fastnacht-2015\/fasching-2015-43\/\" border=\"0\" itemprop=\"url\"> <meta itemprop=\"width\" content=\"581\"> <meta itemprop=\"height\" content=\"387\"> <img data-attachment-id=\"4471\" data-orig-file=\"http:\/\/www.kjv-harheim.de\/wp-content\/uploads\/2016\/07\/Fasching-2015-43.jpg\" data-orig-size=\"1024,682\" data-comments-opened=\"\" data-image-meta=\"{&quot;aperture&quot;:&quot;0&quot;,&quot;credit&quot;:&quot;&quot;,&quot;camera&quot;:&quot;&quot;,&quot;caption&quot;:&quot;&quot;,&quot;created_timestamp&quot;:&quot;0&quot;,&quot;copyright&quot;:&quot;&quot;,&quot;focal_length&quot;:&quot;0&quot;,&quot;iso&quot;:&quot;0&quot;,&quot;shutter_speed&quot;:&quot;0&quot;,&quot;title&quot;:&quot;&quot;,&quot;orientation&quot;:&quot;0&quot;}\" data-image-title=\"Fasching-2015 (43)\" data-image-description=\"\" data-medium-file=\"http:\/\/www.kjv-harheim.de\/wp-content\/uploads\/2016\/07\/Fasching-2015-43-300x200.jpg\" data-large-file=\"http:\/\/www.kjv-harheim.de\/wp-content\/uploads\/2016\/07\/Fasching-2015-43-1024x682.jpg\" src=\"https:\/\/i0.wp.com\/www.kjv-harheim.de\/wp-content\/uploads\/2016\/07\/Fasching-2015-43.jpg?w=581&#038;h=387\" width=\"581\" height=\"387\" data-original-width=\"581\" data-original-height=\"387\" itemprop=\"http:\/\/schema.org\/image\" title=\"Fasching-2015 (43)\" alt=\"Fasching-2015 (43)\" style=\"width: 581px; height: 387px;\" \/> <\/a> <\/div> <\/div> <!-- close group --> <div class=\"gallery-group images-1\" style=\"width: 585px; height: 391px;\" data-original-width=\"585\" data-original-height=\"391\" > <div class=\"tiled-gallery-item tiled-gallery-item-large\" itemprop=\"associatedMedia\" itemscope itemtype=\"http:\/\/schema.org\/ImageObject\"> <a href=\"http:\/\/www.kjv-harheim.de\/index.php\/2016\/07\/14\/bilder-fastnacht-2015\/fasching-2015-44\/\" border=\"0\" itemprop=\"url\"> <meta itemprop=\"width\" content=\"581\"> <meta itemprop=\"height\" content=\"387\"> <img data-attachment-id=\"4472\" data-orig-file=\"http:\/\/www.kjv-harheim.de\/wp-content\/uploads\/2016\/07\/Fasching-2015-44.jpg\" data-orig-size=\"1024,682\" data-comments-opened=\"\" data-image-meta=\"{&quot;aperture&quot;:&quot;0&quot;,&quot;credit&quot;:&quot;&quot;,&quot;camera&quot;:&quot;&quot;,&quot;caption&quot;:&quot;&quot;,&quot;created_timestamp&quot;:&quot;0&quot;,&quot;copyright&quot;:&quot;&quot;,&quot;focal_length&quot;:&quot;0&quot;,&quot;iso&quot;:&quot;0&quot;,&quot;shutter_speed&quot;:&quot;0&quot;,&quot;title&quot;:&quot;&quot;,&quot;orientation&quot;:&quot;0&quot;}\" data-image-title=\"Fasching-2015 (44)\" data-image-description=\"\" data-medium-file=\"http:\/\/www.kjv-harheim.de\/wp-content\/uploads\/2016\/07\/Fasching-2015-44-300x200.jpg\" data-large-file=\"http:\/\/www.kjv-harheim.de\/wp-content\/uploads\/2016\/07\/Fasching-2015-44-1024x682.jpg\" src=\"https:\/\/i0.wp.com\/www.kjv-harheim.de\/wp-content\/uploads\/2016\/07\/Fasching-2015-44.jpg?w=581&#038;h=387\" width=\"581\" height=\"387\" data-original-width=\"581\" data-original-height=\"387\" itemprop=\"http:\/\/schema.org\/image\" title=\"Fasching-2015 (44)\" alt=\"Fasching-2015 (44)\" style=\"width: 581px; height: 387px;\" \/> <\/a> <\/div> <\/div> <!-- close group --> <\/div> <!-- close row --> <div class=\"gallery-row\" style=\"width: 1170px; height: 521px;\" data-original-width=\"1170\" data-original-height=\"521\" > <div class=\"gallery-group images-1\" style=\"width: 781px; height: 521px;\" data-original-width=\"781\" data-original-height=\"521\" > <div class=\"tiled-gallery-item tiled-gallery-item-large\" itemprop=\"associatedMedia\" itemscope itemtype=\"http:\/\/schema.org\/ImageObject\"> <a href=\"http:\/\/www.kjv-harheim.de\/index.php\/2016\/07\/14\/bilder-fastnacht-2015\/fasching-2015-45\/\" border=\"0\" itemprop=\"url\"> <meta itemprop=\"width\" content=\"777\"> <meta itemprop=\"height\" content=\"517\"> <img data-attachment-id=\"4473\" data-orig-file=\"http:\/\/www.kjv-harheim.de\/wp-content\/uploads\/2016\/07\/Fasching-2015-45.jpg\" data-orig-size=\"1024,682\" data-comments-opened=\"\" data-image-meta=\"{&quot;aperture&quot;:&quot;0&quot;,&quot;credit&quot;:&quot;&quot;,&quot;camera&quot;:&quot;&quot;,&quot;caption&quot;:&quot;&quot;,&quot;created_timestamp&quot;:&quot;0&quot;,&quot;copyright&quot;:&quot;&quot;,&quot;focal_length&quot;:&quot;0&quot;,&quot;iso&quot;:&quot;0&quot;,&quot;shutter_speed&quot;:&quot;0&quot;,&quot;title&quot;:&quot;&quot;,&quot;orientation&quot;:&quot;0&quot;}\" data-image-title=\"Fasching-2015 (45)\" data-image-description=\"\" data-medium-file=\"http:\/\/www.kjv-harheim.de\/wp-content\/uploads\/2016\/07\/Fasching-2015-45-300x200.jpg\" data-large-file=\"http:\/\/www.kjv-harheim.de\/wp-content\/uploads\/2016\/07\/Fasching-2015-45-1024x682.jpg\" src=\"https:\/\/i0.wp.com\/www.kjv-harheim.de\/wp-content\/uploads\/2016\/07\/Fasching-2015-45.jpg?w=777&#038;h=517\" width=\"777\" height=\"517\" data-original-width=\"777\" data-original-height=\"517\" itemprop=\"http:\/\/schema.org\/image\" title=\"Fasching-2015 (45)\" alt=\"Fasching-2015 (45)\" style=\"width: 777px; height: 517px;\" \/> <\/a> <\/div> <\/div> <!-- close group --> <div class=\"gallery-group images-2\" style=\"width: 389px; height: 521px;\" data-original-width=\"389\" data-original-height=\"521\" > <div class=\"tiled-gallery-item tiled-gallery-item-large\" itemprop=\"associatedMedia\" itemscope itemtype=\"http:\/\/schema.org\/ImageObject\"> <a href=\"http:\/\/www.kjv-harheim.de\/index.php\/2016\/07\/14\/bilder-fastnacht-2015\/fasching-2015-46\/\" border=\"0\" itemprop=\"url\"> <meta itemprop=\"width\" content=\"385\"> <meta itemprop=\"height\" content=\"256\"> <img data-attachment-id=\"4474\" data-orig-file=\"http:\/\/www.kjv-harheim.de\/wp-content\/uploads\/2016\/07\/Fasching-2015-46.jpg\" data-orig-size=\"1024,682\" data-comments-opened=\"\" data-image-meta=\"{&quot;aperture&quot;:&quot;0&quot;,&quot;credit&quot;:&quot;&quot;,&quot;camera&quot;:&quot;&quot;,&quot;caption&quot;:&quot;&quot;,&quot;created_timestamp&quot;:&quot;0&quot;,&quot;copyright&quot;:&quot;&quot;,&quot;focal_length&quot;:&quot;0&quot;,&quot;iso&quot;:&quot;0&quot;,&quot;shutter_speed&quot;:&quot;0&quot;,&quot;title&quot;:&quot;&quot;,&quot;orientation&quot;:&quot;0&quot;}\" data-image-title=\"Fasching-2015 (46)\" data-image-description=\"\" data-medium-file=\"http:\/\/www.kjv-harheim.de\/wp-content\/uploads\/2016\/07\/Fasching-2015-46-300x200.jpg\" data-large-file=\"http:\/\/www.kjv-harheim.de\/wp-content\/uploads\/2016\/07\/Fasching-2015-46-1024x682.jpg\" src=\"https:\/\/i0.wp.com\/www.kjv-harheim.de\/wp-content\/uploads\/2016\/07\/Fasching-2015-46.jpg?w=385&#038;h=256\" width=\"385\" height=\"256\" data-original-width=\"385\" data-original-height=\"256\" itemprop=\"http:\/\/schema.org\/image\" title=\"Fasching-2015 (46)\" alt=\"Fasching-2015 (46)\" style=\"width: 385px; height: 256px;\" \/> <\/a> <\/div> <div class=\"tiled-gallery-item tiled-gallery-item-large\" itemprop=\"associatedMedia\" itemscope itemtype=\"http:\/\/schema.org\/ImageObject\"> <a href=\"http:\/\/www.kjv-harheim.de\/index.php\/2016\/07\/14\/bilder-fastnacht-2015\/fasching-2015-47\/\" border=\"0\" itemprop=\"url\"> <meta itemprop=\"width\" content=\"385\"> <meta itemprop=\"height\" content=\"257\"> <img data-attachment-id=\"4475\" data-orig-file=\"http:\/\/www.kjv-harheim.de\/wp-content\/uploads\/2016\/07\/Fasching-2015-47.jpg\" data-orig-size=\"1024,682\" data-comments-opened=\"\" data-image-meta=\"{&quot;aperture&quot;:&quot;0&quot;,&quot;credit&quot;:&quot;&quot;,&quot;camera&quot;:&quot;&quot;,&quot;caption&quot;:&quot;&quot;,&quot;created_timestamp&quot;:&quot;0&quot;,&quot;copyright&quot;:&quot;&quot;,&quot;focal_length&quot;:&quot;0&quot;,&quot;iso&quot;:&quot;0&quot;,&quot;shutter_speed&quot;:&quot;0&quot;,&quot;title&quot;:&quot;&quot;,&quot;orientation&quot;:&quot;0&quot;}\" data-image-title=\"Fasching-2015 (47)\" data-image-description=\"\" data-medium-file=\"http:\/\/www.kjv-harheim.de\/wp-content\/uploads\/2016\/07\/Fasching-2015-47-300x200.jpg\" data-large-file=\"http:\/\/www.kjv-harheim.de\/wp-content\/uploads\/2016\/07\/Fasching-2015-47-1024x682.jpg\" src=\"https:\/\/i0.wp.com\/www.kjv-harheim.de\/wp-content\/uploads\/2016\/07\/Fasching-2015-47.jpg?w=385&#038;h=257\" width=\"385\" height=\"257\" data-original-width=\"385\" data-original-height=\"257\" itemprop=\"http:\/\/schema.org\/image\" title=\"Fasching-2015 (47)\" alt=\"Fasching-2015 (47)\" style=\"width: 385px; height: 257px;\" \/> <\/a> <\/div> <\/div> <!-- close group --> <\/div> <!-- close row --> <div class=\"gallery-row\" style=\"width: 1170px; height: 261px;\" data-original-width=\"1170\" data-original-height=\"261\" > <div class=\"gallery-group images-1\" style=\"width: 390px; height: 261px;\" data-original-width=\"390\" data-original-height=\"261\" > <div class=\"tiled-gallery-item tiled-gallery-item-large\" itemprop=\"associatedMedia\" itemscope itemtype=\"http:\/\/schema.org\/ImageObject\"> <a href=\"http:\/\/www.kjv-harheim.de\/index.php\/2016\/07\/14\/bilder-fastnacht-2015\/fasching-2015-48\/\" border=\"0\" itemprop=\"url\"> <meta itemprop=\"width\" content=\"386\"> <meta itemprop=\"height\" content=\"257\"> <img data-attachment-id=\"4476\" data-orig-file=\"http:\/\/www.kjv-harheim.de\/wp-content\/uploads\/2016\/07\/Fasching-2015-48.jpg\" data-orig-size=\"1024,682\" data-comments-opened=\"\" data-image-meta=\"{&quot;aperture&quot;:&quot;0&quot;,&quot;credit&quot;:&quot;&quot;,&quot;camera&quot;:&quot;&quot;,&quot;caption&quot;:&quot;&quot;,&quot;created_timestamp&quot;:&quot;0&quot;,&quot;copyright&quot;:&quot;&quot;,&quot;focal_length&quot;:&quot;0&quot;,&quot;iso&quot;:&quot;0&quot;,&quot;shutter_speed&quot;:&quot;0&quot;,&quot;title&quot;:&quot;&quot;,&quot;orientation&quot;:&quot;0&quot;}\" data-image-title=\"Fasching-2015 (48)\" data-image-description=\"\" data-medium-file=\"http:\/\/www.kjv-harheim.de\/wp-content\/uploads\/2016\/07\/Fasching-2015-48-300x200.jpg\" data-large-file=\"http:\/\/www.kjv-harheim.de\/wp-content\/uploads\/2016\/07\/Fasching-2015-48-1024x682.jpg\" src=\"https:\/\/i0.wp.com\/www.kjv-harheim.de\/wp-content\/uploads\/2016\/07\/Fasching-2015-48.jpg?w=386&#038;h=257\" width=\"386\" height=\"257\" data-original-width=\"386\" data-original-height=\"257\" itemprop=\"http:\/\/schema.org\/image\" title=\"Fasching-2015 (48)\" alt=\"Fasching-2015 (48)\" style=\"width: 386px; height: 257px;\" \/> <\/a> <\/div> <\/div> <!-- close group --> <div class=\"gallery-group images-1\" style=\"width: 390px; height: 261px;\" data-original-width=\"390\" data-original-height=\"261\" > <div class=\"tiled-gallery-item tiled-gallery-item-large\" itemprop=\"associatedMedia\" itemscope itemtype=\"http:\/\/schema.org\/ImageObject\"> <a href=\"http:\/\/www.kjv-harheim.de\/index.php\/2016\/07\/14\/bilder-fastnacht-2015\/fasching-2015-49\/\" border=\"0\" itemprop=\"url\"> <meta itemprop=\"width\" content=\"386\"> <meta itemprop=\"height\" content=\"257\"> <img data-attachment-id=\"4477\" data-orig-file=\"http:\/\/www.kjv-harheim.de\/wp-content\/uploads\/2016\/07\/Fasching-2015-49.jpg\" data-orig-size=\"1024,682\" data-comments-opened=\"\" data-image-meta=\"{&quot;aperture&quot;:&quot;0&quot;,&quot;credit&quot;:&quot;&quot;,&quot;camera&quot;:&quot;&quot;,&quot;caption&quot;:&quot;&quot;,&quot;created_timestamp&quot;:&quot;0&quot;,&quot;copyright&quot;:&quot;&quot;,&quot;focal_length&quot;:&quot;0&quot;,&quot;iso&quot;:&quot;0&quot;,&quot;shutter_speed&quot;:&quot;0&quot;,&quot;title&quot;:&quot;&quot;,&quot;orientation&quot;:&quot;0&quot;}\" data-image-title=\"Fasching-2015 (49)\" data-image-description=\"\" data-medium-file=\"http:\/\/www.kjv-harheim.de\/wp-content\/uploads\/2016\/07\/Fasching-2015-49-300x200.jpg\" data-large-file=\"http:\/\/www.kjv-harheim.de\/wp-content\/uploads\/2016\/07\/Fasching-2015-49-1024x682.jpg\" src=\"https:\/\/i0.wp.com\/www.kjv-harheim.de\/wp-content\/uploads\/2016\/07\/Fasching-2015-49.jpg?w=386&#038;h=257\" width=\"386\" height=\"257\" data-original-width=\"386\" data-original-height=\"257\" itemprop=\"http:\/\/schema.org\/image\" title=\"Fasching-2015 (49)\" alt=\"Fasching-2015 (49)\" style=\"width: 386px; height: 257px;\" \/> <\/a> <\/div> <\/div> <!-- close group --> <div class=\"gallery-group images-1\" style=\"width: 390px; height: 261px;\" data-original-width=\"390\" data-original-height=\"261\" > <div class=\"tiled-gallery-item tiled-gallery-item-large\" itemprop=\"associatedMedia\" itemscope itemtype=\"http:\/\/schema.org\/ImageObject\"> <a href=\"http:\/\/www.kjv-harheim.de\/index.php\/2016\/07\/14\/bilder-fastnacht-2015\/fasching-2015-50\/\" border=\"0\" itemprop=\"url\"> <meta itemprop=\"width\" content=\"386\"> <meta itemprop=\"height\" content=\"257\"> <img data-attachment-id=\"4478\" data-orig-file=\"http:\/\/www.kjv-harheim.de\/wp-content\/uploads\/2016\/07\/Fasching-2015-50.jpg\" data-orig-size=\"1024,682\" data-comments-opened=\"\" data-image-meta=\"{&quot;aperture&quot;:&quot;0&quot;,&quot;credit&quot;:&quot;&quot;,&quot;camera&quot;:&quot;&quot;,&quot;caption&quot;:&quot;&quot;,&quot;created_timestamp&quot;:&quot;0&quot;,&quot;copyright&quot;:&quot;&quot;,&quot;focal_length&quot;:&quot;0&quot;,&quot;iso&quot;:&quot;0&quot;,&quot;shutter_speed&quot;:&quot;0&quot;,&quot;title&quot;:&quot;&quot;,&quot;orientation&quot;:&quot;0&quot;}\" data-image-title=\"Fasching-2015 (50)\" data-image-description=\"\" data-medium-file=\"http:\/\/www.kjv-harheim.de\/wp-content\/uploads\/2016\/07\/Fasching-2015-50-300x200.jpg\" data-large-file=\"http:\/\/www.kjv-harheim.de\/wp-content\/uploads\/2016\/07\/Fasching-2015-50-1024x682.jpg\" src=\"https:\/\/i0.wp.com\/www.kjv-harheim.de\/wp-content\/uploads\/2016\/07\/Fasching-2015-50.jpg?w=386&#038;h=257\" width=\"386\" height=\"257\" data-original-width=\"386\" data-original-height=\"257\" itemprop=\"http:\/\/schema.org\/image\" title=\"Fasching-2015 (50)\" alt=\"Fasching-2015 (50)\" style=\"width: 386px; height: 257px;\" \/> <\/a> <\/div> <\/div> <!-- close group --> <\/div> <!-- close row --> <div class=\"gallery-row\" style=\"width: 1170px; height: 521px;\" data-original-width=\"1170\" data-original-height=\"521\" > <div class=\"gallery-group images-2\" style=\"width: 389px; height: 521px;\" data-original-width=\"389\" data-original-height=\"521\" > <div class=\"tiled-gallery-item tiled-gallery-item-large\" itemprop=\"associatedMedia\" itemscope itemtype=\"http:\/\/schema.org\/ImageObject\"> <a href=\"http:\/\/www.kjv-harheim.de\/index.php\/2016\/07\/14\/bilder-fastnacht-2015\/fasching-2015-51\/\" border=\"0\" itemprop=\"url\"> <meta itemprop=\"width\" content=\"385\"> <meta itemprop=\"height\" content=\"256\"> <img data-attachment-id=\"4479\" data-orig-file=\"http:\/\/www.kjv-harheim.de\/wp-content\/uploads\/2016\/07\/Fasching-2015-51.jpg\" data-orig-size=\"1024,682\" data-comments-opened=\"\" data-image-meta=\"{&quot;aperture&quot;:&quot;0&quot;,&quot;credit&quot;:&quot;&quot;,&quot;camera&quot;:&quot;&quot;,&quot;caption&quot;:&quot;&quot;,&quot;created_timestamp&quot;:&quot;0&quot;,&quot;copyright&quot;:&quot;&quot;,&quot;focal_length&quot;:&quot;0&quot;,&quot;iso&quot;:&quot;0&quot;,&quot;shutter_speed&quot;:&quot;0&quot;,&quot;title&quot;:&quot;&quot;,&quot;orientation&quot;:&quot;0&quot;}\" data-image-title=\"Fasching-2015 (51)\" data-image-description=\"\" data-medium-file=\"http:\/\/www.kjv-harheim.de\/wp-content\/uploads\/2016\/07\/Fasching-2015-51-300x200.jpg\" data-large-file=\"http:\/\/www.kjv-harheim.de\/wp-content\/uploads\/2016\/07\/Fasching-2015-51-1024x682.jpg\" src=\"https:\/\/i0.wp.com\/www.kjv-harheim.de\/wp-content\/uploads\/2016\/07\/Fasching-2015-51.jpg?w=385&#038;h=256\" width=\"385\" height=\"256\" data-original-width=\"385\" data-original-height=\"256\" itemprop=\"http:\/\/schema.org\/image\" title=\"Fasching-2015 (51)\" alt=\"Fasching-2015 (51)\" style=\"width: 385px; height: 256px;\" \/> <\/a> <\/div> <div class=\"tiled-gallery-item tiled-gallery-item-large\" itemprop=\"associatedMedia\" itemscope itemtype=\"http:\/\/schema.org\/ImageObject\"> <a href=\"http:\/\/www.kjv-harheim.de\/index.php\/2016\/07\/14\/bilder-fastnacht-2015\/fasching-2015-52\/\" border=\"0\" itemprop=\"url\"> <meta itemprop=\"width\" content=\"385\"> <meta itemprop=\"height\" content=\"257\"> <img data-attachment-id=\"4480\" data-orig-file=\"http:\/\/www.kjv-harheim.de\/wp-content\/uploads\/2016\/07\/Fasching-2015-52.jpg\" data-orig-size=\"1024,682\" data-comments-opened=\"\" data-image-meta=\"{&quot;aperture&quot;:&quot;0&quot;,&quot;credit&quot;:&quot;&quot;,&quot;camera&quot;:&quot;&quot;,&quot;caption&quot;:&quot;&quot;,&quot;created_timestamp&quot;:&quot;0&quot;,&quot;copyright&quot;:&quot;&quot;,&quot;focal_length&quot;:&quot;0&quot;,&quot;iso&quot;:&quot;0&quot;,&quot;shutter_speed&quot;:&quot;0&quot;,&quot;title&quot;:&quot;&quot;,&quot;orientation&quot;:&quot;0&quot;}\" data-image-title=\"Fasching-2015 (52)\" data-image-description=\"\" data-medium-file=\"http:\/\/www.kjv-harheim.de\/wp-content\/uploads\/2016\/07\/Fasching-2015-52-300x200.jpg\" data-large-file=\"http:\/\/www.kjv-harheim.de\/wp-content\/uploads\/2016\/07\/Fasching-2015-52-1024x682.jpg\" src=\"https:\/\/i0.wp.com\/www.kjv-harheim.de\/wp-content\/uploads\/2016\/07\/Fasching-2015-52.jpg?w=385&#038;h=257\" width=\"385\" height=\"257\" data-original-width=\"385\" data-original-height=\"257\" itemprop=\"http:\/\/schema.org\/image\" title=\"Fasching-2015 (52)\" alt=\"Fasching-2015 (52)\" style=\"width: 385px; height: 257px;\" \/> <\/a> <\/div> <\/div> <!-- close group --> <div class=\"gallery-group images-1\" style=\"width: 781px; height: 521px;\" data-original-width=\"781\" data-original-height=\"521\" > <div class=\"tiled-gallery-item tiled-gallery-item-large\" itemprop=\"associatedMedia\" itemscope itemtype=\"http:\/\/schema.org\/ImageObject\"> <a href=\"http:\/\/www.kjv-harheim.de\/index.php\/2016\/07\/14\/bilder-fastnacht-2015\/fasching-2015-53\/\" border=\"0\" itemprop=\"url\"> <meta itemprop=\"width\" content=\"777\"> <meta itemprop=\"height\" content=\"517\"> <img data-attachment-id=\"4481\" data-orig-file=\"http:\/\/www.kjv-harheim.de\/wp-content\/uploads\/2016\/07\/Fasching-2015-53.jpg\" data-orig-size=\"1024,682\" data-comments-opened=\"\" data-image-meta=\"{&quot;aperture&quot;:&quot;0&quot;,&quot;credit&quot;:&quot;&quot;,&quot;camera&quot;:&quot;&quot;,&quot;caption&quot;:&quot;&quot;,&quot;created_timestamp&quot;:&quot;0&quot;,&quot;copyright&quot;:&quot;&quot;,&quot;focal_length&quot;:&quot;0&quot;,&quot;iso&quot;:&quot;0&quot;,&quot;shutter_speed&quot;:&quot;0&quot;,&quot;title&quot;:&quot;&quot;,&quot;orientation&quot;:&quot;0&quot;}\" data-image-title=\"Fasching-2015 (53)\" data-image-description=\"\" data-medium-file=\"http:\/\/www.kjv-harheim.de\/wp-content\/uploads\/2016\/07\/Fasching-2015-53-300x200.jpg\" data-large-file=\"http:\/\/www.kjv-harheim.de\/wp-content\/uploads\/2016\/07\/Fasching-2015-53-1024x682.jpg\" src=\"https:\/\/i0.wp.com\/www.kjv-harheim.de\/wp-content\/uploads\/2016\/07\/Fasching-2015-53.jpg?w=777&#038;h=517\" width=\"777\" height=\"517\" data-original-width=\"777\" data-original-height=\"517\" itemprop=\"http:\/\/schema.org\/image\" title=\"Fasching-2015 (53)\" alt=\"Fasching-2015 (53)\" style=\"width: 777px; height: 517px;\" \/> <\/a> <\/div> <\/div> <!-- close group --> <\/div> <!-- close row --> <div class=\"gallery-row\" style=\"width: 1170px; height: 391px;\" data-original-width=\"1170\" data-original-height=\"391\" > <div class=\"gallery-group images-1\" style=\"width: 585px; height: 391px;\" data-original-width=\"585\" data-original-height=\"391\" > <div class=\"tiled-gallery-item tiled-gallery-item-large\" itemprop=\"associatedMedia\" itemscope itemtype=\"http:\/\/schema.org\/ImageObject\"> <a href=\"http:\/\/www.kjv-harheim.de\/index.php\/2016\/07\/14\/bilder-fastnacht-2015\/fasching-2015-54\/\" border=\"0\" itemprop=\"url\"> <meta itemprop=\"width\" content=\"581\"> <meta itemprop=\"height\" content=\"387\"> <img data-attachment-id=\"4482\" data-orig-file=\"http:\/\/www.kjv-harheim.de\/wp-content\/uploads\/2016\/07\/Fasching-2015-54.jpg\" data-orig-size=\"1024,682\" data-comments-opened=\"\" data-image-meta=\"{&quot;aperture&quot;:&quot;0&quot;,&quot;credit&quot;:&quot;&quot;,&quot;camera&quot;:&quot;&quot;,&quot;caption&quot;:&quot;&quot;,&quot;created_timestamp&quot;:&quot;0&quot;,&quot;copyright&quot;:&quot;&quot;,&quot;focal_length&quot;:&quot;0&quot;,&quot;iso&quot;:&quot;0&quot;,&quot;shutter_speed&quot;:&quot;0&quot;,&quot;title&quot;:&quot;&quot;,&quot;orientation&quot;:&quot;0&quot;}\" data-image-title=\"Fasching-2015 (54)\" data-image-description=\"\" data-medium-file=\"http:\/\/www.kjv-harheim.de\/wp-content\/uploads\/2016\/07\/Fasching-2015-54-300x200.jpg\" data-large-file=\"http:\/\/www.kjv-harheim.de\/wp-content\/uploads\/2016\/07\/Fasching-2015-54-1024x682.jpg\" src=\"https:\/\/i0.wp.com\/www.kjv-harheim.de\/wp-content\/uploads\/2016\/07\/Fasching-2015-54.jpg?w=581&#038;h=387\" width=\"581\" height=\"387\" data-original-width=\"581\" data-original-height=\"387\" itemprop=\"http:\/\/schema.org\/image\" title=\"Fasching-2015 (54)\" alt=\"Fasching-2015 (54)\" style=\"width: 581px; height: 387px;\" \/> <\/a> <\/div> <\/div> <!-- close group --> <div class=\"gallery-group images-1\" style=\"width: 585px; height: 391px;\" data-original-width=\"585\" data-original-height=\"391\" > <div class=\"tiled-gallery-item tiled-gallery-item-large\" itemprop=\"associatedMedia\" itemscope itemtype=\"http:\/\/schema.org\/ImageObject\"> <a href=\"http:\/\/www.kjv-harheim.de\/index.php\/2016\/07\/14\/bilder-fastnacht-2015\/fasching-2015-55\/\" border=\"0\" itemprop=\"url\"> <meta itemprop=\"width\" content=\"581\"> <meta itemprop=\"height\" content=\"387\"> <img data-attachment-id=\"4483\" data-orig-file=\"http:\/\/www.kjv-harheim.de\/wp-content\/uploads\/2016\/07\/Fasching-2015-55.jpg\" data-orig-size=\"1024,682\" data-comments-opened=\"\" data-image-meta=\"{&quot;aperture&quot;:&quot;0&quot;,&quot;credit&quot;:&quot;&quot;,&quot;camera&quot;:&quot;&quot;,&quot;caption&quot;:&quot;&quot;,&quot;created_timestamp&quot;:&quot;0&quot;,&quot;copyright&quot;:&quot;&quot;,&quot;focal_length&quot;:&quot;0&quot;,&quot;iso&quot;:&quot;0&quot;,&quot;shutter_speed&quot;:&quot;0&quot;,&quot;title&quot;:&quot;&quot;,&quot;orientation&quot;:&quot;0&quot;}\" data-image-title=\"Fasching-2015 (55)\" data-image-description=\"\" data-medium-file=\"http:\/\/www.kjv-harheim.de\/wp-content\/uploads\/2016\/07\/Fasching-2015-55-300x200.jpg\" data-large-file=\"http:\/\/www.kjv-harheim.de\/wp-content\/uploads\/2016\/07\/Fasching-2015-55-1024x682.jpg\" src=\"https:\/\/i0.wp.com\/www.kjv-harheim.de\/wp-content\/uploads\/2016\/07\/Fasching-2015-55.jpg?w=581&#038;h=387\" width=\"581\" height=\"387\" data-original-width=\"581\" data-original-height=\"387\" itemprop=\"http:\/\/schema.org\/image\" title=\"Fasching-2015 (55)\" alt=\"Fasching-2015 (55)\" style=\"width: 581px; height: 387px;\" \/> <\/a> <\/div> <\/div> <!-- close group --> <\/div> <!-- close row --> <div class=\"gallery-row\" style=\"width: 1170px; height: 521px;\" data-original-width=\"1170\" data-original-height=\"521\" > <div class=\"gallery-group images-1\" style=\"width: 781px; height: 521px;\" data-original-width=\"781\" data-original-height=\"521\" > <div class=\"tiled-gallery-item tiled-gallery-item-large\" itemprop=\"associatedMedia\" itemscope itemtype=\"http:\/\/schema.org\/ImageObject\"> <a href=\"http:\/\/www.kjv-harheim.de\/index.php\/2016\/07\/14\/bilder-fastnacht-2015\/fasching-2015-56\/\" border=\"0\" itemprop=\"url\"> <meta itemprop=\"width\" content=\"777\"> <meta itemprop=\"height\" content=\"517\"> <img data-attachment-id=\"4484\" data-orig-file=\"http:\/\/www.kjv-harheim.de\/wp-content\/uploads\/2016\/07\/Fasching-2015-56.jpg\" data-orig-size=\"1024,682\" data-comments-opened=\"\" data-image-meta=\"{&quot;aperture&quot;:&quot;0&quot;,&quot;credit&quot;:&quot;&quot;,&quot;camera&quot;:&quot;&quot;,&quot;caption&quot;:&quot;&quot;,&quot;created_timestamp&quot;:&quot;0&quot;,&quot;copyright&quot;:&quot;&quot;,&quot;focal_length&quot;:&quot;0&quot;,&quot;iso&quot;:&quot;0&quot;,&quot;shutter_speed&quot;:&quot;0&quot;,&quot;title&quot;:&quot;&quot;,&quot;orientation&quot;:&quot;0&quot;}\" data-image-title=\"Fasching-2015 (56)\" data-image-description=\"\" data-medium-file=\"http:\/\/www.kjv-harheim.de\/wp-content\/uploads\/2016\/07\/Fasching-2015-56-300x200.jpg\" data-large-file=\"http:\/\/www.kjv-harheim.de\/wp-content\/uploads\/2016\/07\/Fasching-2015-56-1024x682.jpg\" src=\"https:\/\/i0.wp.com\/www.kjv-harheim.de\/wp-content\/uploads\/2016\/07\/Fasching-2015-56.jpg?w=777&#038;h=517\" width=\"777\" height=\"517\" data-original-width=\"777\" data-original-height=\"517\" itemprop=\"http:\/\/schema.org\/image\" title=\"Fasching-2015 (56)\" alt=\"Fasching-2015 (56)\" style=\"width: 777px; height: 517px;\" \/> <\/a> <\/div> <\/div> <!-- close group --> <div class=\"gallery-group images-2\" style=\"width: 389px; height: 521px;\" data-original-width=\"389\" data-original-height=\"521\" > <div class=\"tiled-gallery-item tiled-gallery-item-large\" itemprop=\"associatedMedia\" itemscope itemtype=\"http:\/\/schema.org\/ImageObject\"> <a href=\"http:\/\/www.kjv-harheim.de\/index.php\/2016\/07\/14\/bilder-fastnacht-2015\/fasching-2015-57\/\" border=\"0\" itemprop=\"url\"> <meta itemprop=\"width\" content=\"385\"> <meta itemprop=\"height\" content=\"256\"> <img data-attachment-id=\"4485\" data-orig-file=\"http:\/\/www.kjv-harheim.de\/wp-content\/uploads\/2016\/07\/Fasching-2015-57.jpg\" data-orig-size=\"1024,682\" data-comments-opened=\"\" data-image-meta=\"{&quot;aperture&quot;:&quot;0&quot;,&quot;credit&quot;:&quot;&quot;,&quot;camera&quot;:&quot;&quot;,&quot;caption&quot;:&quot;&quot;,&quot;created_timestamp&quot;:&quot;0&quot;,&quot;copyright&quot;:&quot;&quot;,&quot;focal_length&quot;:&quot;0&quot;,&quot;iso&quot;:&quot;0&quot;,&quot;shutter_speed&quot;:&quot;0&quot;,&quot;title&quot;:&quot;&quot;,&quot;orientation&quot;:&quot;0&quot;}\" data-image-title=\"Fasching-2015 (57)\" data-image-description=\"\" data-medium-file=\"http:\/\/www.kjv-harheim.de\/wp-content\/uploads\/2016\/07\/Fasching-2015-57-300x200.jpg\" data-large-file=\"http:\/\/www.kjv-harheim.de\/wp-content\/uploads\/2016\/07\/Fasching-2015-57-1024x682.jpg\" src=\"https:\/\/i0.wp.com\/www.kjv-harheim.de\/wp-content\/uploads\/2016\/07\/Fasching-2015-57.jpg?w=385&#038;h=256\" width=\"385\" height=\"256\" data-original-width=\"385\" data-original-height=\"256\" itemprop=\"http:\/\/schema.org\/image\" title=\"Fasching-2015 (57)\" alt=\"Fasching-2015 (57)\" style=\"width: 385px; height: 256px;\" \/> <\/a> <\/div> <div class=\"tiled-gallery-item tiled-gallery-item-large\" itemprop=\"associatedMedia\" itemscope itemtype=\"http:\/\/schema.org\/ImageObject\"> <a href=\"http:\/\/www.kjv-harheim.de\/index.php\/2016\/07\/14\/bilder-fastnacht-2015\/fasching-2015-58\/\" border=\"0\" itemprop=\"url\"> <meta itemprop=\"width\" content=\"385\"> <meta itemprop=\"height\" content=\"257\"> <img data-attachment-id=\"4486\" data-orig-file=\"http:\/\/www.kjv-harheim.de\/wp-content\/uploads\/2016\/07\/Fasching-2015-58.jpg\" data-orig-size=\"1024,682\" data-comments-opened=\"\" data-image-meta=\"{&quot;aperture&quot;:&quot;0&quot;,&quot;credit&quot;:&quot;&quot;,&quot;camera&quot;:&quot;&quot;,&quot;caption&quot;:&quot;&quot;,&quot;created_timestamp&quot;:&quot;0&quot;,&quot;copyright&quot;:&quot;&quot;,&quot;focal_length&quot;:&quot;0&quot;,&quot;iso&quot;:&quot;0&quot;,&quot;shutter_speed&quot;:&quot;0&quot;,&quot;title&quot;:&quot;&quot;,&quot;orientation&quot;:&quot;0&quot;}\" data-image-title=\"Fasching-2015 (58)\" data-image-description=\"\" data-medium-file=\"http:\/\/www.kjv-harheim.de\/wp-content\/uploads\/2016\/07\/Fasching-2015-58-300x200.jpg\" data-large-file=\"http:\/\/www.kjv-harheim.de\/wp-content\/uploads\/2016\/07\/Fasching-2015-58-1024x682.jpg\" src=\"https:\/\/i0.wp.com\/www.kjv-harheim.de\/wp-content\/uploads\/2016\/07\/Fasching-2015-58.jpg?w=385&#038;h=257\" width=\"385\" height=\"257\" data-original-width=\"385\" data-original-height=\"257\" itemprop=\"http:\/\/schema.org\/image\" title=\"Fasching-2015 (58)\" alt=\"Fasching-2015 (58)\" style=\"width: 385px; height: 257px;\" \/> <\/a> <\/div> <\/div> <!-- close group --> <\/div> <!-- close row --> <div class=\"gallery-row\" style=\"width: 1170px; height: 261px;\" data-original-width=\"1170\" data-original-height=\"261\" > <div class=\"gallery-group images-1\" style=\"width: 390px; height: 261px;\" data-original-width=\"390\" data-original-height=\"261\" > <div class=\"tiled-gallery-item tiled-gallery-item-large\" itemprop=\"associatedMedia\" itemscope itemtype=\"http:\/\/schema.org\/ImageObject\"> <a href=\"http:\/\/www.kjv-harheim.de\/index.php\/2016\/07\/14\/bilder-fastnacht-2015\/fasching-2015-59\/\" border=\"0\" itemprop=\"url\"> <meta itemprop=\"width\" content=\"386\"> <meta itemprop=\"height\" content=\"257\"> <img data-attachment-id=\"4487\" data-orig-file=\"http:\/\/www.kjv-harheim.de\/wp-content\/uploads\/2016\/07\/Fasching-2015-59.jpg\" data-orig-size=\"1024,682\" data-comments-opened=\"\" data-image-meta=\"{&quot;aperture&quot;:&quot;0&quot;,&quot;credit&quot;:&quot;&quot;,&quot;camera&quot;:&quot;&quot;,&quot;caption&quot;:&quot;&quot;,&quot;created_timestamp&quot;:&quot;0&quot;,&quot;copyright&quot;:&quot;&quot;,&quot;focal_length&quot;:&quot;0&quot;,&quot;iso&quot;:&quot;0&quot;,&quot;shutter_speed&quot;:&quot;0&quot;,&quot;title&quot;:&quot;&quot;,&quot;orientation&quot;:&quot;0&quot;}\" data-image-title=\"Fasching-2015 (59)\" data-image-description=\"\" data-medium-file=\"http:\/\/www.kjv-harheim.de\/wp-content\/uploads\/2016\/07\/Fasching-2015-59-300x200.jpg\" data-large-file=\"http:\/\/www.kjv-harheim.de\/wp-content\/uploads\/2016\/07\/Fasching-2015-59-1024x682.jpg\" src=\"https:\/\/i0.wp.com\/www.kjv-harheim.de\/wp-content\/uploads\/2016\/07\/Fasching-2015-59.jpg?w=386&#038;h=257\" width=\"386\" height=\"257\" data-original-width=\"386\" data-original-height=\"257\" itemprop=\"http:\/\/schema.org\/image\" title=\"Fasching-2015 (59)\" alt=\"Fasching-2015 (59)\" style=\"width: 386px; height: 257px;\" \/> <\/a> <\/div> <\/div> <!-- close group --> <div class=\"gallery-group images-1\" style=\"width: 390px; height: 261px;\" data-original-width=\"390\" data-original-height=\"261\" > <div class=\"tiled-gallery-item tiled-gallery-item-large\" itemprop=\"associatedMedia\" itemscope itemtype=\"http:\/\/schema.org\/ImageObject\"> <a href=\"http:\/\/www.kjv-harheim.de\/index.php\/2016\/07\/14\/bilder-fastnacht-2015\/fasching-2015-60\/\" border=\"0\" itemprop=\"url\"> <meta itemprop=\"width\" content=\"386\"> <meta itemprop=\"height\" content=\"257\"> <img data-attachment-id=\"4488\" data-orig-file=\"http:\/\/www.kjv-harheim.de\/wp-content\/uploads\/2016\/07\/Fasching-2015-60.jpg\" data-orig-size=\"1024,682\" data-comments-opened=\"\" data-image-meta=\"{&quot;aperture&quot;:&quot;0&quot;,&quot;credit&quot;:&quot;&quot;,&quot;camera&quot;:&quot;&quot;,&quot;caption&quot;:&quot;&quot;,&quot;created_timestamp&quot;:&quot;0&quot;,&quot;copyright&quot;:&quot;&quot;,&quot;focal_length&quot;:&quot;0&quot;,&quot;iso&quot;:&quot;0&quot;,&quot;shutter_speed&quot;:&quot;0&quot;,&quot;title&quot;:&quot;&quot;,&quot;orientation&quot;:&quot;0&quot;}\" data-image-title=\"Fasching-2015 (60)\" data-image-description=\"\" data-medium-file=\"http:\/\/www.kjv-harheim.de\/wp-content\/uploads\/2016\/07\/Fasching-2015-60-300x200.jpg\" data-large-file=\"http:\/\/www.kjv-harheim.de\/wp-content\/uploads\/2016\/07\/Fasching-2015-60-1024x682.jpg\" src=\"https:\/\/i0.wp.com\/www.kjv-harheim.de\/wp-content\/uploads\/2016\/07\/Fasching-2015-60.jpg?w=386&#038;h=257\" width=\"386\" height=\"257\" data-original-width=\"386\" data-original-height=\"257\" itemprop=\"http:\/\/schema.org\/image\" title=\"Fasching-2015 (60)\" alt=\"Fasching-2015 (60)\" style=\"width: 386px; height: 257px;\" \/> <\/a> <\/div> <\/div> <!-- close group --> <div class=\"gallery-group images-1\" style=\"width: 390px; height: 261px;\" data-original-width=\"390\" data-original-height=\"261\" > <div class=\"tiled-gallery-item tiled-gallery-item-large\" itemprop=\"associatedMedia\" itemscope itemtype=\"http:\/\/schema.org\/ImageObject\"> <a href=\"http:\/\/www.kjv-harheim.de\/index.php\/2016\/07\/14\/bilder-fastnacht-2015\/fasching-2015-61\/\" border=\"0\" itemprop=\"url\"> <meta itemprop=\"width\" content=\"386\"> <meta itemprop=\"height\" content=\"257\"> <img data-attachment-id=\"4489\" data-orig-file=\"http:\/\/www.kjv-harheim.de\/wp-content\/uploads\/2016\/07\/Fasching-2015-61.jpg\" data-orig-size=\"1024,682\" data-comments-opened=\"\" data-image-meta=\"{&quot;aperture&quot;:&quot;0&quot;,&quot;credit&quot;:&quot;&quot;,&quot;camera&quot;:&quot;&quot;,&quot;caption&quot;:&quot;&quot;,&quot;created_timestamp&quot;:&quot;0&quot;,&quot;copyright&quot;:&quot;&quot;,&quot;focal_length&quot;:&quot;0&quot;,&quot;iso&quot;:&quot;0&quot;,&quot;shutter_speed&quot;:&quot;0&quot;,&quot;title&quot;:&quot;&quot;,&quot;orientation&quot;:&quot;0&quot;}\" data-image-title=\"Fasching-2015 (61)\" data-image-description=\"\" data-medium-file=\"http:\/\/www.kjv-harheim.de\/wp-content\/uploads\/2016\/07\/Fasching-2015-61-300x200.jpg\" data-large-file=\"http:\/\/www.kjv-harheim.de\/wp-content\/uploads\/2016\/07\/Fasching-2015-61-1024x682.jpg\" src=\"https:\/\/i0.wp.com\/www.kjv-harheim.de\/wp-content\/uploads\/2016\/07\/Fasching-2015-61.jpg?w=386&#038;h=257\" width=\"386\" height=\"257\" data-original-width=\"386\" data-original-height=\"257\" itemprop=\"http:\/\/schema.org\/image\" title=\"Fasching-2015 (61)\" alt=\"Fasching-2015 (61)\" style=\"width: 386px; height: 257px;\" \/> <\/a> <\/div> <\/div> <!-- close group --> <\/div> <!-- close row --> <div class=\"gallery-row\" style=\"width: 1170px; height: 521px;\" data-original-width=\"1170\" data-original-height=\"521\" > <div class=\"gallery-group images-2\" style=\"width: 389px; height: 521px;\" data-original-width=\"389\" data-original-height=\"521\" > <div class=\"tiled-gallery-item tiled-gallery-item-large\" itemprop=\"associatedMedia\" itemscope itemtype=\"http:\/\/schema.org\/ImageObject\"> <a href=\"http:\/\/www.kjv-harheim.de\/index.php\/2016\/07\/14\/bilder-fastnacht-2015\/fasching-2015-62\/\" border=\"0\" itemprop=\"url\"> <meta itemprop=\"width\" content=\"385\"> <meta itemprop=\"height\" content=\"256\"> <img data-attachment-id=\"4490\" data-orig-file=\"http:\/\/www.kjv-harheim.de\/wp-content\/uploads\/2016\/07\/Fasching-2015-62.jpg\" data-orig-size=\"1024,682\" data-comments-opened=\"\" data-image-meta=\"{&quot;aperture&quot;:&quot;0&quot;,&quot;credit&quot;:&quot;&quot;,&quot;camera&quot;:&quot;&quot;,&quot;caption&quot;:&quot;&quot;,&quot;created_timestamp&quot;:&quot;0&quot;,&quot;copyright&quot;:&quot;&quot;,&quot;focal_length&quot;:&quot;0&quot;,&quot;iso&quot;:&quot;0&quot;,&quot;shutter_speed&quot;:&quot;0&quot;,&quot;title&quot;:&quot;&quot;,&quot;orientation&quot;:&quot;0&quot;}\" data-image-title=\"Fasching-2015 (62)\" data-image-description=\"\" data-medium-file=\"http:\/\/www.kjv-harheim.de\/wp-content\/uploads\/2016\/07\/Fasching-2015-62-300x200.jpg\" data-large-file=\"http:\/\/www.kjv-harheim.de\/wp-content\/uploads\/2016\/07\/Fasching-2015-62-1024x682.jpg\" src=\"https:\/\/i0.wp.com\/www.kjv-harheim.de\/wp-content\/uploads\/2016\/07\/Fasching-2015-62.jpg?w=385&#038;h=256\" width=\"385\" height=\"256\" data-original-width=\"385\" data-original-height=\"256\" itemprop=\"http:\/\/schema.org\/image\" title=\"Fasching-2015 (62)\" alt=\"Fasching-2015 (62)\" style=\"width: 385px; height: 256px;\" \/> <\/a> <\/div> <div class=\"tiled-gallery-item tiled-gallery-item-large\" itemprop=\"associatedMedia\" itemscope itemtype=\"http:\/\/schema.org\/ImageObject\"> <a href=\"http:\/\/www.kjv-harheim.de\/index.php\/2016\/07\/14\/bilder-fastnacht-2015\/fasching-2015-63\/\" border=\"0\" itemprop=\"url\"> <meta itemprop=\"width\" content=\"385\"> <meta itemprop=\"height\" content=\"257\"> <img data-attachment-id=\"4491\" data-orig-file=\"http:\/\/www.kjv-harheim.de\/wp-content\/uploads\/2016\/07\/Fasching-2015-63.jpg\" data-orig-size=\"1024,682\" data-comments-opened=\"\" data-image-meta=\"{&quot;aperture&quot;:&quot;0&quot;,&quot;credit&quot;:&quot;&quot;,&quot;camera&quot;:&quot;&quot;,&quot;caption&quot;:&quot;&quot;,&quot;created_timestamp&quot;:&quot;0&quot;,&quot;copyright&quot;:&quot;&quot;,&quot;focal_length&quot;:&quot;0&quot;,&quot;iso&quot;:&quot;0&quot;,&quot;shutter_speed&quot;:&quot;0&quot;,&quot;title&quot;:&quot;&quot;,&quot;orientation&quot;:&quot;0&quot;}\" data-image-title=\"Fasching-2015 (63)\" data-image-description=\"\" data-medium-file=\"http:\/\/www.kjv-harheim.de\/wp-content\/uploads\/2016\/07\/Fasching-2015-63-300x200.jpg\" data-large-file=\"http:\/\/www.kjv-harheim.de\/wp-content\/uploads\/2016\/07\/Fasching-2015-63-1024x682.jpg\" src=\"https:\/\/i0.wp.com\/www.kjv-harheim.de\/wp-content\/uploads\/2016\/07\/Fasching-2015-63.jpg?w=385&#038;h=257\" width=\"385\" height=\"257\" data-original-width=\"385\" data-original-height=\"257\" itemprop=\"http:\/\/schema.org\/image\" title=\"Fasching-2015 (63)\" alt=\"Fasching-2015 (63)\" style=\"width: 385px; height: 257px;\" \/> <\/a> <\/div> <\/div> <!-- close group --> <div class=\"gallery-group images-1\" style=\"width: 781px; height: 521px;\" data-original-width=\"781\" data-original-height=\"521\" > <div class=\"tiled-gallery-item tiled-gallery-item-large\" itemprop=\"associatedMedia\" itemscope itemtype=\"http:\/\/schema.org\/ImageObject\"> <a href=\"http:\/\/www.kjv-harheim.de\/index.php\/2016\/07\/14\/bilder-fastnacht-2015\/fasching-2015-64\/\" border=\"0\" itemprop=\"url\"> <meta itemprop=\"width\" content=\"777\"> <meta itemprop=\"height\" content=\"517\"> <img data-attachment-id=\"4492\" data-orig-file=\"http:\/\/www.kjv-harheim.de\/wp-content\/uploads\/2016\/07\/Fasching-2015-64.jpg\" data-orig-size=\"1024,682\" data-comments-opened=\"\" data-image-meta=\"{&quot;aperture&quot;:&quot;0&quot;,&quot;credit&quot;:&quot;&quot;,&quot;camera&quot;:&quot;&quot;,&quot;caption&quot;:&quot;&quot;,&quot;created_timestamp&quot;:&quot;0&quot;,&quot;copyright&quot;:&quot;&quot;,&quot;focal_length&quot;:&quot;0&quot;,&quot;iso&quot;:&quot;0&quot;,&quot;shutter_speed&quot;:&quot;0&quot;,&quot;title&quot;:&quot;&quot;,&quot;orientation&quot;:&quot;0&quot;}\" data-image-title=\"Fasching-2015 (64)\" data-image-description=\"\" data-medium-file=\"http:\/\/www.kjv-harheim.de\/wp-content\/uploads\/2016\/07\/Fasching-2015-64-300x200.jpg\" data-large-file=\"http:\/\/www.kjv-harheim.de\/wp-content\/uploads\/2016\/07\/Fasching-2015-64-1024x682.jpg\" src=\"https:\/\/i0.wp.com\/www.kjv-harheim.de\/wp-content\/uploads\/2016\/07\/Fasching-2015-64.jpg?w=777&#038;h=517\" width=\"777\" height=\"517\" data-original-width=\"777\" data-original-height=\"517\" itemprop=\"http:\/\/schema.org\/image\" title=\"Fasching-2015 (64)\" alt=\"Fasching-2015 (64)\" style=\"width: 777px; height: 517px;\" \/> <\/a> <\/div> <\/div> <!-- close group --> <\/div> <!-- close row --> <div class=\"gallery-row\" style=\"width: 1170px; height: 391px;\" data-original-width=\"1170\" data-original-height=\"391\" > <div class=\"gallery-group images-1\" style=\"width: 585px; height: 391px;\" data-original-width=\"585\" data-original-height=\"391\" > <div class=\"tiled-gallery-item tiled-gallery-item-large\" itemprop=\"associatedMedia\" itemscope itemtype=\"http:\/\/schema.org\/ImageObject\"> <a href=\"http:\/\/www.kjv-harheim.de\/index.php\/2016\/07\/14\/bilder-fastnacht-2015\/fasching-2015-65\/\" border=\"0\" itemprop=\"url\"> <meta itemprop=\"width\" content=\"581\"> <meta itemprop=\"height\" content=\"387\"> <img data-attachment-id=\"4493\" data-orig-file=\"http:\/\/www.kjv-harheim.de\/wp-content\/uploads\/2016\/07\/Fasching-2015-65.jpg\" data-orig-size=\"1024,682\" data-comments-opened=\"\" data-image-meta=\"{&quot;aperture&quot;:&quot;0&quot;,&quot;credit&quot;:&quot;&quot;,&quot;camera&quot;:&quot;&quot;,&quot;caption&quot;:&quot;&quot;,&quot;created_timestamp&quot;:&quot;0&quot;,&quot;copyright&quot;:&quot;&quot;,&quot;focal_length&quot;:&quot;0&quot;,&quot;iso&quot;:&quot;0&quot;,&quot;shutter_speed&quot;:&quot;0&quot;,&quot;title&quot;:&quot;&quot;,&quot;orientation&quot;:&quot;0&quot;}\" data-image-title=\"Fasching-2015 (65)\" data-image-description=\"\" data-medium-file=\"http:\/\/www.kjv-harheim.de\/wp-content\/uploads\/2016\/07\/Fasching-2015-65-300x200.jpg\" data-large-file=\"http:\/\/www.kjv-harheim.de\/wp-content\/uploads\/2016\/07\/Fasching-2015-65-1024x682.jpg\" src=\"https:\/\/i0.wp.com\/www.kjv-harheim.de\/wp-content\/uploads\/2016\/07\/Fasching-2015-65.jpg?w=581&#038;h=387\" width=\"581\" height=\"387\" data-original-width=\"581\" data-original-height=\"387\" itemprop=\"http:\/\/schema.org\/image\" title=\"Fasching-2015 (65)\" alt=\"Fasching-2015 (65)\" style=\"width: 581px; height: 387px;\" \/> <\/a> <\/div> <\/div> <!-- close group --> <div class=\"gallery-group images-1\" style=\"width: 585px; height: 391px;\" data-original-width=\"585\" data-original-height=\"391\" > <div class=\"tiled-gallery-item tiled-gallery-item-large\" itemprop=\"associatedMedia\" itemscope itemtype=\"http:\/\/schema.org\/ImageObject\"> <a href=\"http:\/\/www.kjv-harheim.de\/index.php\/2016\/07\/14\/bilder-fastnacht-2015\/fasching-2015-66\/\" border=\"0\" itemprop=\"url\"> <meta itemprop=\"width\" content=\"581\"> <meta itemprop=\"height\" content=\"387\"> <img data-attachment-id=\"4494\" data-orig-file=\"http:\/\/www.kjv-harheim.de\/wp-content\/uploads\/2016\/07\/Fasching-2015-66.jpg\" data-orig-size=\"1024,682\" data-comments-opened=\"\" data-image-meta=\"{&quot;aperture&quot;:&quot;0&quot;,&quot;credit&quot;:&quot;&quot;,&quot;camera&quot;:&quot;&quot;,&quot;caption&quot;:&quot;&quot;,&quot;created_timestamp&quot;:&quot;0&quot;,&quot;copyright&quot;:&quot;&quot;,&quot;focal_length&quot;:&quot;0&quot;,&quot;iso&quot;:&quot;0&quot;,&quot;shutter_speed&quot;:&quot;0&quot;,&quot;title&quot;:&quot;&quot;,&quot;orientation&quot;:&quot;0&quot;}\" data-image-title=\"Fasching-2015 (66)\" data-image-description=\"\" data-medium-file=\"http:\/\/www.kjv-harheim.de\/wp-content\/uploads\/2016\/07\/Fasching-2015-66-300x200.jpg\" data-large-file=\"http:\/\/www.kjv-harheim.de\/wp-content\/uploads\/2016\/07\/Fasching-2015-66-1024x682.jpg\" src=\"https:\/\/i0.wp.com\/www.kjv-harheim.de\/wp-content\/uploads\/2016\/07\/Fasching-2015-66.jpg?w=581&#038;h=387\" width=\"581\" height=\"387\" data-original-width=\"581\" data-original-height=\"387\" itemprop=\"http:\/\/schema.org\/image\" title=\"Fasching-2015 (66)\" alt=\"Fasching-2015 (66)\" style=\"width: 581px; height: 387px;\" \/> <\/a> <\/div> <\/div> <!-- close group --> <\/div> <!-- close row --> <div class=\"gallery-row\" style=\"width: 1170px; height: 521px;\" data-original-width=\"1170\" data-original-height=\"521\" > <div class=\"gallery-group images-1\" style=\"width: 781px; height: 521px;\" data-original-width=\"781\" data-original-height=\"521\" > <div class=\"tiled-gallery-item tiled-gallery-item-large\" itemprop=\"associatedMedia\" itemscope itemtype=\"http:\/\/schema.org\/ImageObject\"> <a href=\"http:\/\/www.kjv-harheim.de\/index.php\/2016\/07\/14\/bilder-fastnacht-2015\/fasching-2015-67\/\" border=\"0\" itemprop=\"url\"> <meta itemprop=\"width\" content=\"777\"> <meta itemprop=\"height\" content=\"517\"> <img data-attachment-id=\"4495\" data-orig-file=\"http:\/\/www.kjv-harheim.de\/wp-content\/uploads\/2016\/07\/Fasching-2015-67.jpg\" data-orig-size=\"1024,682\" data-comments-opened=\"\" data-image-meta=\"{&quot;aperture&quot;:&quot;0&quot;,&quot;credit&quot;:&quot;&quot;,&quot;camera&quot;:&quot;&quot;,&quot;caption&quot;:&quot;&quot;,&quot;created_timestamp&quot;:&quot;0&quot;,&quot;copyright&quot;:&quot;&quot;,&quot;focal_length&quot;:&quot;0&quot;,&quot;iso&quot;:&quot;0&quot;,&quot;shutter_speed&quot;:&quot;0&quot;,&quot;title&quot;:&quot;&quot;,&quot;orientation&quot;:&quot;0&quot;}\" data-image-title=\"Fasching-2015 (67)\" data-image-description=\"\" data-medium-file=\"http:\/\/www.kjv-harheim.de\/wp-content\/uploads\/2016\/07\/Fasching-2015-67-300x200.jpg\" data-large-file=\"http:\/\/www.kjv-harheim.de\/wp-content\/uploads\/2016\/07\/Fasching-2015-67-1024x682.jpg\" src=\"https:\/\/i0.wp.com\/www.kjv-harheim.de\/wp-content\/uploads\/2016\/07\/Fasching-2015-67.jpg?w=777&#038;h=517\" width=\"777\" height=\"517\" data-original-width=\"777\" data-original-height=\"517\" itemprop=\"http:\/\/schema.org\/image\" title=\"Fasching-2015 (67)\" alt=\"Fasching-2015 (67)\" style=\"width: 777px; height: 517px;\" \/> <\/a> <\/div> <\/div> <!-- close group --> <div class=\"gallery-group images-2\" style=\"width: 389px; height: 521px;\" data-original-width=\"389\" data-original-height=\"521\" > <div class=\"tiled-gallery-item tiled-gallery-item-large\" itemprop=\"associatedMedia\" itemscope itemtype=\"http:\/\/schema.org\/ImageObject\"> <a href=\"http:\/\/www.kjv-harheim.de\/index.php\/2016\/07\/14\/bilder-fastnacht-2015\/fasching-2015-68\/\" border=\"0\" itemprop=\"url\"> <meta itemprop=\"width\" content=\"385\"> <meta itemprop=\"height\" content=\"256\"> <img data-attachment-id=\"4496\" data-orig-file=\"http:\/\/www.kjv-harheim.de\/wp-content\/uploads\/2016\/07\/Fasching-2015-68.jpg\" data-orig-size=\"1024,682\" data-comments-opened=\"\" data-image-meta=\"{&quot;aperture&quot;:&quot;0&quot;,&quot;credit&quot;:&quot;&quot;,&quot;camera&quot;:&quot;&quot;,&quot;caption&quot;:&quot;&quot;,&quot;created_timestamp&quot;:&quot;0&quot;,&quot;copyright&quot;:&quot;&quot;,&quot;focal_length&quot;:&quot;0&quot;,&quot;iso&quot;:&quot;0&quot;,&quot;shutter_speed&quot;:&quot;0&quot;,&quot;title&quot;:&quot;&quot;,&quot;orientation&quot;:&quot;0&quot;}\" data-image-title=\"Fasching-2015 (68)\" data-image-description=\"\" data-medium-file=\"http:\/\/www.kjv-harheim.de\/wp-content\/uploads\/2016\/07\/Fasching-2015-68-300x200.jpg\" data-large-file=\"http:\/\/www.kjv-harheim.de\/wp-content\/uploads\/2016\/07\/Fasching-2015-68-1024x682.jpg\" src=\"https:\/\/i0.wp.com\/www.kjv-harheim.de\/wp-content\/uploads\/2016\/07\/Fasching-2015-68.jpg?w=385&#038;h=256\" width=\"385\" height=\"256\" data-original-width=\"385\" data-original-height=\"256\" itemprop=\"http:\/\/schema.org\/image\" title=\"Fasching-2015 (68)\" alt=\"Fasching-2015 (68)\" style=\"width: 385px; height: 256px;\" \/> <\/a> <\/div> <div class=\"tiled-gallery-item tiled-gallery-item-large\" itemprop=\"associatedMedia\" itemscope itemtype=\"http:\/\/schema.org\/ImageObject\"> <a href=\"http:\/\/www.kjv-harheim.de\/index.php\/2016\/07\/14\/bilder-fastnacht-2015\/fasching-2015-69\/\" border=\"0\" itemprop=\"url\"> <meta itemprop=\"width\" content=\"385\"> <meta itemprop=\"height\" content=\"257\"> <img data-attachment-id=\"4497\" data-orig-file=\"http:\/\/www.kjv-harheim.de\/wp-content\/uploads\/2016\/07\/Fasching-2015-69.jpg\" data-orig-size=\"1024,682\" data-comments-opened=\"\" data-image-meta=\"{&quot;aperture&quot;:&quot;0&quot;,&quot;credit&quot;:&quot;&quot;,&quot;camera&quot;:&quot;&quot;,&quot;caption&quot;:&quot;&quot;,&quot;created_timestamp&quot;:&quot;0&quot;,&quot;copyright&quot;:&quot;&quot;,&quot;focal_length&quot;:&quot;0&quot;,&quot;iso&quot;:&quot;0&quot;,&quot;shutter_speed&quot;:&quot;0&quot;,&quot;title&quot;:&quot;&quot;,&quot;orientation&quot;:&quot;0&quot;}\" data-image-title=\"Fasching-2015 (69)\" data-image-description=\"\" data-medium-file=\"http:\/\/www.kjv-harheim.de\/wp-content\/uploads\/2016\/07\/Fasching-2015-69-300x200.jpg\" data-large-file=\"http:\/\/www.kjv-harheim.de\/wp-content\/uploads\/2016\/07\/Fasching-2015-69-1024x682.jpg\" src=\"https:\/\/i0.wp.com\/www.kjv-harheim.de\/wp-content\/uploads\/2016\/07\/Fasching-2015-69.jpg?w=385&#038;h=257\" width=\"385\" height=\"257\" data-original-width=\"385\" data-original-height=\"257\" itemprop=\"http:\/\/schema.org\/image\" title=\"Fasching-2015 (69)\" alt=\"Fasching-2015 (69)\" style=\"width: 385px; height: 257px;\" \/> <\/a> <\/div> <\/div> <!-- close group --> <\/div> <!-- close row --> <div class=\"gallery-row\" style=\"width: 1170px; height: 261px;\" data-original-width=\"1170\" data-original-height=\"261\" > <div class=\"gallery-group images-1\" style=\"width: 390px; height: 261px;\" data-original-width=\"390\" data-original-height=\"261\" > <div class=\"tiled-gallery-item tiled-gallery-item-large\" itemprop=\"associatedMedia\" itemscope itemtype=\"http:\/\/schema.org\/ImageObject\"> <a href=\"http:\/\/www.kjv-harheim.de\/index.php\/2016\/07\/14\/bilder-fastnacht-2015\/fasching-2015-70\/\" border=\"0\" itemprop=\"url\"> <meta itemprop=\"width\" content=\"386\"> <meta itemprop=\"height\" content=\"257\"> <img data-attachment-id=\"4498\" data-orig-file=\"http:\/\/www.kjv-harheim.de\/wp-content\/uploads\/2016\/07\/Fasching-2015-70.jpg\" data-orig-size=\"1024,682\" data-comments-opened=\"\" data-image-meta=\"{&quot;aperture&quot;:&quot;0&quot;,&quot;credit&quot;:&quot;&quot;,&quot;camera&quot;:&quot;&quot;,&quot;caption&quot;:&quot;&quot;,&quot;created_timestamp&quot;:&quot;0&quot;,&quot;copyright&quot;:&quot;&quot;,&quot;focal_length&quot;:&quot;0&quot;,&quot;iso&quot;:&quot;0&quot;,&quot;shutter_speed&quot;:&quot;0&quot;,&quot;title&quot;:&quot;&quot;,&quot;orientation&quot;:&quot;0&quot;}\" data-image-title=\"Fasching-2015 (70)\" data-image-description=\"\" data-medium-file=\"http:\/\/www.kjv-harheim.de\/wp-content\/uploads\/2016\/07\/Fasching-2015-70-300x200.jpg\" data-large-file=\"http:\/\/www.kjv-harheim.de\/wp-content\/uploads\/2016\/07\/Fasching-2015-70-1024x682.jpg\" src=\"https:\/\/i0.wp.com\/www.kjv-harheim.de\/wp-content\/uploads\/2016\/07\/Fasching-2015-70.jpg?w=386&#038;h=257\" width=\"386\" height=\"257\" data-original-width=\"386\" data-original-height=\"257\" itemprop=\"http:\/\/schema.org\/image\" title=\"Fasching-2015 (70)\" alt=\"Fasching-2015 (70)\" style=\"width: 386px; height: 257px;\" \/> <\/a> <\/div> <\/div> <!-- close group --> <div class=\"gallery-group images-1\" style=\"width: 390px; height: 261px;\" data-original-width=\"390\" data-original-height=\"261\" > <div class=\"tiled-gallery-item tiled-gallery-item-large\" itemprop=\"associatedMedia\" itemscope itemtype=\"http:\/\/schema.org\/ImageObject\"> <a href=\"http:\/\/www.kjv-harheim.de\/index.php\/2016\/07\/14\/bilder-fastnacht-2015\/fasching-2015-71\/\" border=\"0\" itemprop=\"url\"> <meta itemprop=\"width\" content=\"386\"> <meta itemprop=\"height\" content=\"257\"> <img data-attachment-id=\"4499\" data-orig-file=\"http:\/\/www.kjv-harheim.de\/wp-content\/uploads\/2016\/07\/Fasching-2015-71.jpg\" data-orig-size=\"1024,682\" data-comments-opened=\"\" data-image-meta=\"{&quot;aperture&quot;:&quot;0&quot;,&quot;credit&quot;:&quot;&quot;,&quot;camera&quot;:&quot;&quot;,&quot;caption&quot;:&quot;&quot;,&quot;created_timestamp&quot;:&quot;0&quot;,&quot;copyright&quot;:&quot;&quot;,&quot;focal_length&quot;:&quot;0&quot;,&quot;iso&quot;:&quot;0&quot;,&quot;shutter_speed&quot;:&quot;0&quot;,&quot;title&quot;:&quot;&quot;,&quot;orientation&quot;:&quot;0&quot;}\" data-image-title=\"Fasching-2015 (71)\" data-image-description=\"\" data-medium-file=\"http:\/\/www.kjv-harheim.de\/wp-content\/uploads\/2016\/07\/Fasching-2015-71-300x200.jpg\" data-large-file=\"http:\/\/www.kjv-harheim.de\/wp-content\/uploads\/2016\/07\/Fasching-2015-71-1024x682.jpg\" src=\"https:\/\/i0.wp.com\/www.kjv-harheim.de\/wp-content\/uploads\/2016\/07\/Fasching-2015-71.jpg?w=386&#038;h=257\" width=\"386\" height=\"257\" data-original-width=\"386\" data-original-height=\"257\" itemprop=\"http:\/\/schema.org\/image\" title=\"Fasching-2015 (71)\" alt=\"Fasching-2015 (71)\" style=\"width: 386px; height: 257px;\" \/> <\/a> <\/div> <\/div> <!-- close group --> <div class=\"gallery-group images-1\" style=\"width: 390px; height: 261px;\" data-original-width=\"390\" data-original-height=\"261\" > <div class=\"tiled-gallery-item tiled-gallery-item-large\" itemprop=\"associatedMedia\" itemscope itemtype=\"http:\/\/schema.org\/ImageObject\"> <a href=\"http:\/\/www.kjv-harheim.de\/index.php\/2016\/07\/14\/bilder-fastnacht-2015\/fasching-2015-72\/\" border=\"0\" itemprop=\"url\"> <meta itemprop=\"width\" content=\"386\"> <meta itemprop=\"height\" content=\"257\"> <img data-attachment-id=\"4500\" data-orig-file=\"http:\/\/www.kjv-harheim.de\/wp-content\/uploads\/2016\/07\/Fasching-2015-72.jpg\" data-orig-size=\"1024,682\" data-comments-opened=\"\" data-image-meta=\"{&quot;aperture&quot;:&quot;0&quot;,&quot;credit&quot;:&quot;&quot;,&quot;camera&quot;:&quot;&quot;,&quot;caption&quot;:&quot;&quot;,&quot;created_timestamp&quot;:&quot;0&quot;,&quot;copyright&quot;:&quot;&quot;,&quot;focal_length&quot;:&quot;0&quot;,&quot;iso&quot;:&quot;0&quot;,&quot;shutter_speed&quot;:&quot;0&quot;,&quot;title&quot;:&quot;&quot;,&quot;orientation&quot;:&quot;0&quot;}\" data-image-title=\"Fasching-2015 (72)\" data-image-description=\"\" data-medium-file=\"http:\/\/www.kjv-harheim.de\/wp-content\/uploads\/2016\/07\/Fasching-2015-72-300x200.jpg\" data-large-file=\"http:\/\/www.kjv-harheim.de\/wp-content\/uploads\/2016\/07\/Fasching-2015-72-1024x682.jpg\" src=\"https:\/\/i0.wp.com\/www.kjv-harheim.de\/wp-content\/uploads\/2016\/07\/Fasching-2015-72.jpg?w=386&#038;h=257\" width=\"386\" height=\"257\" data-original-width=\"386\" data-original-height=\"257\" itemprop=\"http:\/\/schema.org\/image\" title=\"Fasching-2015 (72)\" alt=\"Fasching-2015 (72)\" style=\"width: 386px; height: 257px;\" \/> <\/a> <\/div> <\/div> <!-- close group --> <\/div> <!-- close row --> <div class=\"gallery-row\" style=\"width: 1170px; height: 521px;\" data-original-width=\"1170\" data-original-height=\"521\" > <div class=\"gallery-group images-2\" style=\"width: 389px; height: 521px;\" data-original-width=\"389\" data-original-height=\"521\" > <div class=\"tiled-gallery-item tiled-gallery-item-large\" itemprop=\"associatedMedia\" itemscope itemtype=\"http:\/\/schema.org\/ImageObject\"> <a href=\"http:\/\/www.kjv-harheim.de\/index.php\/2016\/07\/14\/bilder-fastnacht-2015\/fasching-2015-73\/\" border=\"0\" itemprop=\"url\"> <meta itemprop=\"width\" content=\"385\"> <meta itemprop=\"height\" content=\"256\"> <img data-attachment-id=\"4501\" data-orig-file=\"http:\/\/www.kjv-harheim.de\/wp-content\/uploads\/2016\/07\/Fasching-2015-73.jpg\" data-orig-size=\"1024,682\" data-comments-opened=\"\" data-image-meta=\"{&quot;aperture&quot;:&quot;0&quot;,&quot;credit&quot;:&quot;&quot;,&quot;camera&quot;:&quot;&quot;,&quot;caption&quot;:&quot;&quot;,&quot;created_timestamp&quot;:&quot;0&quot;,&quot;copyright&quot;:&quot;&quot;,&quot;focal_length&quot;:&quot;0&quot;,&quot;iso&quot;:&quot;0&quot;,&quot;shutter_speed&quot;:&quot;0&quot;,&quot;title&quot;:&quot;&quot;,&quot;orientation&quot;:&quot;0&quot;}\" data-image-title=\"Fasching-2015 (73)\" data-image-description=\"\" data-medium-file=\"http:\/\/www.kjv-harheim.de\/wp-content\/uploads\/2016\/07\/Fasching-2015-73-300x200.jpg\" data-large-file=\"http:\/\/www.kjv-harheim.de\/wp-content\/uploads\/2016\/07\/Fasching-2015-73-1024x682.jpg\" src=\"https:\/\/i0.wp.com\/www.kjv-harheim.de\/wp-content\/uploads\/2016\/07\/Fasching-2015-73.jpg?w=385&#038;h=256\" width=\"385\" height=\"256\" data-original-width=\"385\" data-original-height=\"256\" itemprop=\"http:\/\/schema.org\/image\" title=\"Fasching-2015 (73)\" alt=\"Fasching-2015 (73)\" style=\"width: 385px; height: 256px;\" \/> <\/a> <\/div> <div class=\"tiled-gallery-item tiled-gallery-item-large\" itemprop=\"associatedMedia\" itemscope itemtype=\"http:\/\/schema.org\/ImageObject\"> <a href=\"http:\/\/www.kjv-harheim.de\/index.php\/2016\/07\/14\/bilder-fastnacht-2015\/fasching-2015-74\/\" border=\"0\" itemprop=\"url\"> <meta itemprop=\"width\" content=\"385\"> <meta itemprop=\"height\" content=\"257\"> <img data-attachment-id=\"4502\" data-orig-file=\"http:\/\/www.kjv-harheim.de\/wp-content\/uploads\/2016\/07\/Fasching-2015-74.jpg\" data-orig-size=\"1024,682\" data-comments-opened=\"\" data-image-meta=\"{&quot;aperture&quot;:&quot;0&quot;,&quot;credit&quot;:&quot;&quot;,&quot;camera&quot;:&quot;&quot;,&quot;caption&quot;:&quot;&quot;,&quot;created_timestamp&quot;:&quot;0&quot;,&quot;copyright&quot;:&quot;&quot;,&quot;focal_length&quot;:&quot;0&quot;,&quot;iso&quot;:&quot;0&quot;,&quot;shutter_speed&quot;:&quot;0&quot;,&quot;title&quot;:&quot;&quot;,&quot;orientation&quot;:&quot;0&quot;}\" data-image-title=\"Fasching-2015 (74)\" data-image-description=\"\" data-medium-file=\"http:\/\/www.kjv-harheim.de\/wp-content\/uploads\/2016\/07\/Fasching-2015-74-300x200.jpg\" data-large-file=\"http:\/\/www.kjv-harheim.de\/wp-content\/uploads\/2016\/07\/Fasching-2015-74-1024x682.jpg\" src=\"https:\/\/i0.wp.com\/www.kjv-harheim.de\/wp-content\/uploads\/2016\/07\/Fasching-2015-74.jpg?w=385&#038;h=257\" width=\"385\" height=\"257\" data-original-width=\"385\" data-original-height=\"257\" itemprop=\"http:\/\/schema.org\/image\" title=\"Fasching-2015 (74)\" alt=\"Fasching-2015 (74)\" style=\"width: 385px; height: 257px;\" \/> <\/a> <\/div> <\/div> <!-- close group --> <div class=\"gallery-group images-1\" style=\"width: 781px; height: 521px;\" data-original-width=\"781\" data-original-height=\"521\" > <div class=\"tiled-gallery-item tiled-gallery-item-large\" itemprop=\"associatedMedia\" itemscope itemtype=\"http:\/\/schema.org\/ImageObject\"> <a href=\"http:\/\/www.kjv-harheim.de\/index.php\/2016\/07\/14\/bilder-fastnacht-2015\/fasching-2015-75\/\" border=\"0\" itemprop=\"url\"> <meta itemprop=\"width\" content=\"777\"> <meta itemprop=\"height\" content=\"517\"> <img data-attachment-id=\"4503\" data-orig-file=\"http:\/\/www.kjv-harheim.de\/wp-content\/uploads\/2016\/07\/Fasching-2015-75.jpg\" data-orig-size=\"1024,682\" data-comments-opened=\"\" data-image-meta=\"{&quot;aperture&quot;:&quot;0&quot;,&quot;credit&quot;:&quot;&quot;,&quot;camera&quot;:&quot;&quot;,&quot;caption&quot;:&quot;&quot;,&quot;created_timestamp&quot;:&quot;0&quot;,&quot;copyright&quot;:&quot;&quot;,&quot;focal_length&quot;:&quot;0&quot;,&quot;iso&quot;:&quot;0&quot;,&quot;shutter_speed&quot;:&quot;0&quot;,&quot;title&quot;:&quot;&quot;,&quot;orientation&quot;:&quot;0&quot;}\" data-image-title=\"Fasching-2015 (75)\" data-image-description=\"\" data-medium-file=\"http:\/\/www.kjv-harheim.de\/wp-content\/uploads\/2016\/07\/Fasching-2015-75-300x200.jpg\" data-large-file=\"http:\/\/www.kjv-harheim.de\/wp-content\/uploads\/2016\/07\/Fasching-2015-75-1024x682.jpg\" src=\"https:\/\/i0.wp.com\/www.kjv-harheim.de\/wp-content\/uploads\/2016\/07\/Fasching-2015-75.jpg?w=777&#038;h=517\" width=\"777\" height=\"517\" data-original-width=\"777\" data-original-height=\"517\" itemprop=\"http:\/\/schema.org\/image\" title=\"Fasching-2015 (75)\" alt=\"Fasching-2015 (75)\" style=\"width: 777px; height: 517px;\" \/> <\/a> <\/div> <\/div> <!-- close group --> <\/div> <!-- close row --> <div class=\"gallery-row\" style=\"width: 1170px; height: 391px;\" data-original-width=\"1170\" data-original-height=\"391\" > <div class=\"gallery-group images-1\" style=\"width: 585px; height: 391px;\" data-original-width=\"585\" data-original-height=\"391\" > <div class=\"tiled-gallery-item tiled-gallery-item-large\" itemprop=\"associatedMedia\" itemscope itemtype=\"http:\/\/schema.org\/ImageObject\"> <a href=\"http:\/\/www.kjv-harheim.de\/index.php\/2016\/07\/14\/bilder-fastnacht-2015\/fasching-2015-76\/\" border=\"0\" itemprop=\"url\"> <meta itemprop=\"width\" content=\"581\"> <meta itemprop=\"height\" content=\"387\"> <img data-attachment-id=\"4504\" data-orig-file=\"http:\/\/www.kjv-harheim.de\/wp-content\/uploads\/2016\/07\/Fasching-2015-76.jpg\" data-orig-size=\"1024,682\" data-comments-opened=\"\" data-image-meta=\"{&quot;aperture&quot;:&quot;0&quot;,&quot;credit&quot;:&quot;&quot;,&quot;camera&quot;:&quot;&quot;,&quot;caption&quot;:&quot;&quot;,&quot;created_timestamp&quot;:&quot;0&quot;,&quot;copyright&quot;:&quot;&quot;,&quot;focal_length&quot;:&quot;0&quot;,&quot;iso&quot;:&quot;0&quot;,&quot;shutter_speed&quot;:&quot;0&quot;,&quot;title&quot;:&quot;&quot;,&quot;orientation&quot;:&quot;0&quot;}\" data-image-title=\"Fasching-2015 (76)\" data-image-description=\"\" data-medium-file=\"http:\/\/www.kjv-harheim.de\/wp-content\/uploads\/2016\/07\/Fasching-2015-76-300x200.jpg\" data-large-file=\"http:\/\/www.kjv-harheim.de\/wp-content\/uploads\/2016\/07\/Fasching-2015-76-1024x682.jpg\" src=\"https:\/\/i0.wp.com\/www.kjv-harheim.de\/wp-content\/uploads\/2016\/07\/Fasching-2015-76.jpg?w=581&#038;h=387\" width=\"581\" height=\"387\" data-original-width=\"581\" data-original-height=\"387\" itemprop=\"http:\/\/schema.org\/image\" title=\"Fasching-2015 (76)\" alt=\"Fasching-2015 (76)\" style=\"width: 581px; height: 387px;\" \/> <\/a> <\/div> <\/div> <!-- close group --> <div class=\"gallery-group images-1\" style=\"width: 585px; height: 391px;\" data-original-width=\"585\" data-original-height=\"391\" > <div class=\"tiled-gallery-item tiled-gallery-item-large\" itemprop=\"associatedMedia\" itemscope itemtype=\"http:\/\/schema.org\/ImageObject\"> <a href=\"http:\/\/www.kjv-harheim.de\/index.php\/2016\/07\/14\/bilder-fastnacht-2015\/fasching-2015-77\/\" border=\"0\" itemprop=\"url\"> <meta itemprop=\"width\" content=\"581\"> <meta itemprop=\"height\" content=\"387\"> <img data-attachment-id=\"4505\" data-orig-file=\"http:\/\/www.kjv-harheim.de\/wp-content\/uploads\/2016\/07\/Fasching-2015-77.jpg\" data-orig-size=\"1024,682\" data-comments-opened=\"\" data-image-meta=\"{&quot;aperture&quot;:&quot;0&quot;,&quot;credit&quot;:&quot;&quot;,&quot;camera&quot;:&quot;&quot;,&quot;caption&quot;:&quot;&quot;,&quot;created_timestamp&quot;:&quot;0&quot;,&quot;copyright&quot;:&quot;&quot;,&quot;focal_length&quot;:&quot;0&quot;,&quot;iso&quot;:&quot;0&quot;,&quot;shutter_speed&quot;:&quot;0&quot;,&quot;title&quot;:&quot;&quot;,&quot;orientation&quot;:&quot;0&quot;}\" data-image-title=\"Fasching-2015 (77)\" data-image-description=\"\" data-medium-file=\"http:\/\/www.kjv-harheim.de\/wp-content\/uploads\/2016\/07\/Fasching-2015-77-300x200.jpg\" data-large-file=\"http:\/\/www.kjv-harheim.de\/wp-content\/uploads\/2016\/07\/Fasching-2015-77-1024x682.jpg\" src=\"https:\/\/i0.wp.com\/www.kjv-harheim.de\/wp-content\/uploads\/2016\/07\/Fasching-2015-77.jpg?w=581&#038;h=387\" width=\"581\" height=\"387\" data-original-width=\"581\" data-original-height=\"387\" itemprop=\"http:\/\/schema.org\/image\" title=\"Fasching-2015 (77)\" alt=\"Fasching-2015 (77)\" style=\"width: 581px; height: 387px;\" \/> <\/a> <\/div> <\/div> <!-- close group --> <\/div> <!-- close row --> <div class=\"gallery-row\" style=\"width: 1170px; height: 521px;\" data-original-width=\"1170\" data-original-height=\"521\" > <div class=\"gallery-group images-1\" style=\"width: 781px; height: 521px;\" data-original-width=\"781\" data-original-height=\"521\" > <div class=\"tiled-gallery-item tiled-gallery-item-large\" itemprop=\"associatedMedia\" itemscope itemtype=\"http:\/\/schema.org\/ImageObject\"> <a href=\"http:\/\/www.kjv-harheim.de\/index.php\/2016\/07\/14\/bilder-fastnacht-2015\/fasching-2015-78\/\" border=\"0\" itemprop=\"url\"> <meta itemprop=\"width\" content=\"777\"> <meta itemprop=\"height\" content=\"517\"> <img data-attachment-id=\"4506\" data-orig-file=\"http:\/\/www.kjv-harheim.de\/wp-content\/uploads\/2016\/07\/Fasching-2015-78.jpg\" data-orig-size=\"1024,682\" data-comments-opened=\"\" data-image-meta=\"{&quot;aperture&quot;:&quot;0&quot;,&quot;credit&quot;:&quot;&quot;,&quot;camera&quot;:&quot;&quot;,&quot;caption&quot;:&quot;&quot;,&quot;created_timestamp&quot;:&quot;0&quot;,&quot;copyright&quot;:&quot;&quot;,&quot;focal_length&quot;:&quot;0&quot;,&quot;iso&quot;:&quot;0&quot;,&quot;shutter_speed&quot;:&quot;0&quot;,&quot;title&quot;:&quot;&quot;,&quot;orientation&quot;:&quot;0&quot;}\" data-image-title=\"Fasching-2015 (78)\" data-image-description=\"\" data-medium-file=\"http:\/\/www.kjv-harheim.de\/wp-content\/uploads\/2016\/07\/Fasching-2015-78-300x200.jpg\" data-large-file=\"http:\/\/www.kjv-harheim.de\/wp-content\/uploads\/2016\/07\/Fasching-2015-78-1024x682.jpg\" src=\"https:\/\/i0.wp.com\/www.kjv-harheim.de\/wp-content\/uploads\/2016\/07\/Fasching-2015-78.jpg?w=777&#038;h=517\" width=\"777\" height=\"517\" data-original-width=\"777\" data-original-height=\"517\" itemprop=\"http:\/\/schema.org\/image\" title=\"Fasching-2015 (78)\" alt=\"Fasching-2015 (78)\" style=\"width: 777px; height: 517px;\" \/> <\/a> <\/div> <\/div> <!-- close group --> <div class=\"gallery-group images-2\" style=\"width: 389px; height: 521px;\" data-original-width=\"389\" data-original-height=\"521\" > <div class=\"tiled-gallery-item tiled-gallery-item-large\" itemprop=\"associatedMedia\" itemscope itemtype=\"http:\/\/schema.org\/ImageObject\"> <a href=\"http:\/\/www.kjv-harheim.de\/index.php\/2016\/07\/14\/bilder-fastnacht-2015\/fasching-2015-79\/\" border=\"0\" itemprop=\"url\"> <meta itemprop=\"width\" content=\"385\"> <meta itemprop=\"height\" content=\"256\"> <img data-attachment-id=\"4507\" data-orig-file=\"http:\/\/www.kjv-harheim.de\/wp-content\/uploads\/2016\/07\/Fasching-2015-79.jpg\" data-orig-size=\"1024,682\" data-comments-opened=\"\" data-image-meta=\"{&quot;aperture&quot;:&quot;0&quot;,&quot;credit&quot;:&quot;&quot;,&quot;camera&quot;:&quot;&quot;,&quot;caption&quot;:&quot;&quot;,&quot;created_timestamp&quot;:&quot;0&quot;,&quot;copyright&quot;:&quot;&quot;,&quot;focal_length&quot;:&quot;0&quot;,&quot;iso&quot;:&quot;0&quot;,&quot;shutter_speed&quot;:&quot;0&quot;,&quot;title&quot;:&quot;&quot;,&quot;orientation&quot;:&quot;0&quot;}\" data-image-title=\"Fasching-2015 (79)\" data-image-description=\"\" data-medium-file=\"http:\/\/www.kjv-harheim.de\/wp-content\/uploads\/2016\/07\/Fasching-2015-79-300x200.jpg\" data-large-file=\"http:\/\/www.kjv-harheim.de\/wp-content\/uploads\/2016\/07\/Fasching-2015-79-1024x682.jpg\" src=\"https:\/\/i0.wp.com\/www.kjv-harheim.de\/wp-content\/uploads\/2016\/07\/Fasching-2015-79.jpg?w=385&#038;h=256\" width=\"385\" height=\"256\" data-original-width=\"385\" data-original-height=\"256\" itemprop=\"http:\/\/schema.org\/image\" title=\"Fasching-2015 (79)\" alt=\"Fasching-2015 (79)\" style=\"width: 385px; height: 256px;\" \/> <\/a> <\/div> <div class=\"tiled-gallery-item tiled-gallery-item-large\" itemprop=\"associatedMedia\" itemscope itemtype=\"http:\/\/schema.org\/ImageObject\"> <a href=\"http:\/\/www.kjv-harheim.de\/index.php\/2016\/07\/14\/bilder-fastnacht-2015\/fasching-2015-80\/\" border=\"0\" itemprop=\"url\"> <meta itemprop=\"width\" content=\"385\"> <meta itemprop=\"height\" content=\"257\"> <img data-attachment-id=\"4508\" data-orig-file=\"http:\/\/www.kjv-harheim.de\/wp-content\/uploads\/2016\/07\/Fasching-2015-80.jpg\" data-orig-size=\"1024,682\" data-comments-opened=\"\" data-image-meta=\"{&quot;aperture&quot;:&quot;0&quot;,&quot;credit&quot;:&quot;&quot;,&quot;camera&quot;:&quot;&quot;,&quot;caption&quot;:&quot;&quot;,&quot;created_timestamp&quot;:&quot;0&quot;,&quot;copyright&quot;:&quot;&quot;,&quot;focal_length&quot;:&quot;0&quot;,&quot;iso&quot;:&quot;0&quot;,&quot;shutter_speed&quot;:&quot;0&quot;,&quot;title&quot;:&quot;&quot;,&quot;orientation&quot;:&quot;0&quot;}\" data-image-title=\"Fasching-2015 (80)\" data-image-description=\"\" data-medium-file=\"http:\/\/www.kjv-harheim.de\/wp-content\/uploads\/2016\/07\/Fasching-2015-80-300x200.jpg\" data-large-file=\"http:\/\/www.kjv-harheim.de\/wp-content\/uploads\/2016\/07\/Fasching-2015-80-1024x682.jpg\" src=\"https:\/\/i0.wp.com\/www.kjv-harheim.de\/wp-content\/uploads\/2016\/07\/Fasching-2015-80.jpg?w=385&#038;h=257\" width=\"385\" height=\"257\" data-original-width=\"385\" data-original-height=\"257\" itemprop=\"http:\/\/schema.org\/image\" title=\"Fasching-2015 (80)\" alt=\"Fasching-2015 (80)\" style=\"width: 385px; height: 257px;\" \/> <\/a> <\/div> <\/div> <!-- close group --> <\/div> <!-- close row --> <div class=\"gallery-row\" style=\"width: 1170px; height: 261px;\" data-original-width=\"1170\" data-original-height=\"261\" > <div class=\"gallery-group images-1\" style=\"width: 390px; height: 261px;\" data-original-width=\"390\" data-original-height=\"261\" > <div class=\"tiled-gallery-item tiled-gallery-item-large\" itemprop=\"associatedMedia\" itemscope itemtype=\"http:\/\/schema.org\/ImageObject\"> <a href=\"http:\/\/www.kjv-harheim.de\/index.php\/2016\/07\/14\/bilder-fastnacht-2015\/fasching-2015-81\/\" border=\"0\" itemprop=\"url\"> <meta itemprop=\"width\" content=\"386\"> <meta itemprop=\"height\" content=\"257\"> <img data-attachment-id=\"4509\" data-orig-file=\"http:\/\/www.kjv-harheim.de\/wp-content\/uploads\/2016\/07\/Fasching-2015-81.jpg\" data-orig-size=\"1024,682\" data-comments-opened=\"\" data-image-meta=\"{&quot;aperture&quot;:&quot;0&quot;,&quot;credit&quot;:&quot;&quot;,&quot;camera&quot;:&quot;&quot;,&quot;caption&quot;:&quot;&quot;,&quot;created_timestamp&quot;:&quot;0&quot;,&quot;copyright&quot;:&quot;&quot;,&quot;focal_length&quot;:&quot;0&quot;,&quot;iso&quot;:&quot;0&quot;,&quot;shutter_speed&quot;:&quot;0&quot;,&quot;title&quot;:&quot;&quot;,&quot;orientation&quot;:&quot;0&quot;}\" data-image-title=\"Fasching-2015 (81)\" data-image-description=\"\" data-medium-file=\"http:\/\/www.kjv-harheim.de\/wp-content\/uploads\/2016\/07\/Fasching-2015-81-300x200.jpg\" data-large-file=\"http:\/\/www.kjv-harheim.de\/wp-content\/uploads\/2016\/07\/Fasching-2015-81-1024x682.jpg\" src=\"https:\/\/i0.wp.com\/www.kjv-harheim.de\/wp-content\/uploads\/2016\/07\/Fasching-2015-81.jpg?w=386&#038;h=257\" width=\"386\" height=\"257\" data-original-width=\"386\" data-original-height=\"257\" itemprop=\"http:\/\/schema.org\/image\" title=\"Fasching-2015 (81)\" alt=\"Fasching-2015 (81)\" style=\"width: 386px; height: 257px;\" \/> <\/a> <\/div> <\/div> <!-- close group --> <div class=\"gallery-group images-1\" style=\"width: 390px; height: 261px;\" data-original-width=\"390\" data-original-height=\"261\" > <div class=\"tiled-gallery-item tiled-gallery-item-large\" itemprop=\"associatedMedia\" itemscope itemtype=\"http:\/\/schema.org\/ImageObject\"> <a href=\"http:\/\/www.kjv-harheim.de\/index.php\/2016\/07\/14\/bilder-fastnacht-2015\/fasching-2015-82\/\" border=\"0\" itemprop=\"url\"> <meta itemprop=\"width\" content=\"386\"> <meta itemprop=\"height\" content=\"257\"> <img data-attachment-id=\"4510\" data-orig-file=\"http:\/\/www.kjv-harheim.de\/wp-content\/uploads\/2016\/07\/Fasching-2015-82.jpg\" data-orig-size=\"1024,682\" data-comments-opened=\"\" data-image-meta=\"{&quot;aperture&quot;:&quot;0&quot;,&quot;credit&quot;:&quot;&quot;,&quot;camera&quot;:&quot;&quot;,&quot;caption&quot;:&quot;&quot;,&quot;created_timestamp&quot;:&quot;0&quot;,&quot;copyright&quot;:&quot;&quot;,&quot;focal_length&quot;:&quot;0&quot;,&quot;iso&quot;:&quot;0&quot;,&quot;shutter_speed&quot;:&quot;0&quot;,&quot;title&quot;:&quot;&quot;,&quot;orientation&quot;:&quot;0&quot;}\" data-image-title=\"Fasching-2015 (82)\" data-image-description=\"\" data-medium-file=\"http:\/\/www.kjv-harheim.de\/wp-content\/uploads\/2016\/07\/Fasching-2015-82-300x200.jpg\" data-large-file=\"http:\/\/www.kjv-harheim.de\/wp-content\/uploads\/2016\/07\/Fasching-2015-82-1024x682.jpg\" src=\"https:\/\/i0.wp.com\/www.kjv-harheim.de\/wp-content\/uploads\/2016\/07\/Fasching-2015-82.jpg?w=386&#038;h=257\" width=\"386\" height=\"257\" data-original-width=\"386\" data-original-height=\"257\" itemprop=\"http:\/\/schema.org\/image\" title=\"Fasching-2015 (82)\" alt=\"Fasching-2015 (82)\" style=\"width: 386px; height: 257px;\" \/> <\/a> <\/div> <\/div> <!-- close group --> <div class=\"gallery-group images-1\" style=\"width: 390px; height: 261px;\" data-original-width=\"390\" data-original-height=\"261\" > <div class=\"tiled-gallery-item tiled-gallery-item-large\" itemprop=\"associatedMedia\" itemscope itemtype=\"http:\/\/schema.org\/ImageObject\"> <a href=\"http:\/\/www.kjv-harheim.de\/index.php\/2016\/07\/14\/bilder-fastnacht-2015\/fasching-2015-83\/\" border=\"0\" itemprop=\"url\"> <meta itemprop=\"width\" content=\"386\"> <meta itemprop=\"height\" content=\"257\"> <img data-attachment-id=\"4511\" data-orig-file=\"http:\/\/www.kjv-harheim.de\/wp-content\/uploads\/2016\/07\/Fasching-2015-83.jpg\" data-orig-size=\"1024,682\" data-comments-opened=\"\" data-image-meta=\"{&quot;aperture&quot;:&quot;0&quot;,&quot;credit&quot;:&quot;&quot;,&quot;camera&quot;:&quot;&quot;,&quot;caption&quot;:&quot;&quot;,&quot;created_timestamp&quot;:&quot;0&quot;,&quot;copyright&quot;:&quot;&quot;,&quot;focal_length&quot;:&quot;0&quot;,&quot;iso&quot;:&quot;0&quot;,&quot;shutter_speed&quot;:&quot;0&quot;,&quot;title&quot;:&quot;&quot;,&quot;orientation&quot;:&quot;0&quot;}\" data-image-title=\"Fasching-2015 (83)\" data-image-description=\"\" data-medium-file=\"http:\/\/www.kjv-harheim.de\/wp-content\/uploads\/2016\/07\/Fasching-2015-83-300x200.jpg\" data-large-file=\"http:\/\/www.kjv-harheim.de\/wp-content\/uploads\/2016\/07\/Fasching-2015-83-1024x682.jpg\" src=\"https:\/\/i0.wp.com\/www.kjv-harheim.de\/wp-content\/uploads\/2016\/07\/Fasching-2015-83.jpg?w=386&#038;h=257\" width=\"386\" height=\"257\" data-original-width=\"386\" data-original-height=\"257\" itemprop=\"http:\/\/schema.org\/image\" title=\"Fasching-2015 (83)\" alt=\"Fasching-2015 (83)\" style=\"width: 386px; height: 257px;\" \/> <\/a> <\/div> <\/div> <!-- close group --> <\/div> <!-- close row --> <div class=\"gallery-row\" style=\"width: 1170px; height: 521px;\" data-original-width=\"1170\" data-original-height=\"521\" > <div class=\"gallery-group images-2\" style=\"width: 389px; height: 521px;\" data-original-width=\"389\" data-original-height=\"521\" > <div class=\"tiled-gallery-item tiled-gallery-item-large\" itemprop=\"associatedMedia\" itemscope itemtype=\"http:\/\/schema.org\/ImageObject\"> <a href=\"http:\/\/www.kjv-harheim.de\/index.php\/2016\/07\/14\/bilder-fastnacht-2015\/fasching-2015-84\/\" border=\"0\" itemprop=\"url\"> <meta itemprop=\"width\" content=\"385\"> <meta itemprop=\"height\" content=\"256\"> <img data-attachment-id=\"4512\" data-orig-file=\"http:\/\/www.kjv-harheim.de\/wp-content\/uploads\/2016\/07\/Fasching-2015-84.jpg\" data-orig-size=\"1024,682\" data-comments-opened=\"\" data-image-meta=\"{&quot;aperture&quot;:&quot;0&quot;,&quot;credit&quot;:&quot;&quot;,&quot;camera&quot;:&quot;&quot;,&quot;caption&quot;:&quot;&quot;,&quot;created_timestamp&quot;:&quot;0&quot;,&quot;copyright&quot;:&quot;&quot;,&quot;focal_length&quot;:&quot;0&quot;,&quot;iso&quot;:&quot;0&quot;,&quot;shutter_speed&quot;:&quot;0&quot;,&quot;title&quot;:&quot;&quot;,&quot;orientation&quot;:&quot;0&quot;}\" data-image-title=\"Fasching-2015 (84)\" data-image-description=\"\" data-medium-file=\"http:\/\/www.kjv-harheim.de\/wp-content\/uploads\/2016\/07\/Fasching-2015-84-300x200.jpg\" data-large-file=\"http:\/\/www.kjv-harheim.de\/wp-content\/uploads\/2016\/07\/Fasching-2015-84-1024x682.jpg\" src=\"https:\/\/i0.wp.com\/www.kjv-harheim.de\/wp-content\/uploads\/2016\/07\/Fasching-2015-84.jpg?w=385&#038;h=256\" width=\"385\" height=\"256\" data-original-width=\"385\" data-original-height=\"256\" itemprop=\"http:\/\/schema.org\/image\" title=\"Fasching-2015 (84)\" alt=\"Fasching-2015 (84)\" style=\"width: 385px; height: 256px;\" \/> <\/a> <\/div> <div class=\"tiled-gallery-item tiled-gallery-item-large\" itemprop=\"associatedMedia\" itemscope itemtype=\"http:\/\/schema.org\/ImageObject\"> <a href=\"http:\/\/www.kjv-harheim.de\/index.php\/2016\/07\/14\/bilder-fastnacht-2015\/fasching-2015-85\/\" border=\"0\" itemprop=\"url\"> <meta itemprop=\"width\" content=\"385\"> <meta itemprop=\"height\" content=\"257\"> <img data-attachment-id=\"4513\" data-orig-file=\"http:\/\/www.kjv-harheim.de\/wp-content\/uploads\/2016\/07\/Fasching-2015-85.jpg\" data-orig-size=\"1024,682\" data-comments-opened=\"\" data-image-meta=\"{&quot;aperture&quot;:&quot;0&quot;,&quot;credit&quot;:&quot;&quot;,&quot;camera&quot;:&quot;&quot;,&quot;caption&quot;:&quot;&quot;,&quot;created_timestamp&quot;:&quot;0&quot;,&quot;copyright&quot;:&quot;&quot;,&quot;focal_length&quot;:&quot;0&quot;,&quot;iso&quot;:&quot;0&quot;,&quot;shutter_speed&quot;:&quot;0&quot;,&quot;title&quot;:&quot;&quot;,&quot;orientation&quot;:&quot;0&quot;}\" data-image-title=\"Fasching-2015 (85)\" data-image-description=\"\" data-medium-file=\"http:\/\/www.kjv-harheim.de\/wp-content\/uploads\/2016\/07\/Fasching-2015-85-300x200.jpg\" data-large-file=\"http:\/\/www.kjv-harheim.de\/wp-content\/uploads\/2016\/07\/Fasching-2015-85-1024x682.jpg\" src=\"https:\/\/i0.wp.com\/www.kjv-harheim.de\/wp-content\/uploads\/2016\/07\/Fasching-2015-85.jpg?w=385&#038;h=257\" width=\"385\" height=\"257\" data-original-width=\"385\" data-original-height=\"257\" itemprop=\"http:\/\/schema.org\/image\" title=\"Fasching-2015 (85)\" alt=\"Fasching-2015 (85)\" style=\"width: 385px; height: 257px;\" \/> <\/a> <\/div> <\/div> <!-- close group --> <div class=\"gallery-group images-1\" style=\"width: 781px; height: 521px;\" data-original-width=\"781\" data-original-height=\"521\" > <div class=\"tiled-gallery-item tiled-gallery-item-large\" itemprop=\"associatedMedia\" itemscope itemtype=\"http:\/\/schema.org\/ImageObject\"> <a href=\"http:\/\/www.kjv-harheim.de\/index.php\/2016\/07\/14\/bilder-fastnacht-2015\/fasching-2015-86\/\" border=\"0\" itemprop=\"url\"> <meta itemprop=\"width\" content=\"777\"> <meta itemprop=\"height\" content=\"517\"> <img data-attachment-id=\"4514\" data-orig-file=\"http:\/\/www.kjv-harheim.de\/wp-content\/uploads\/2016\/07\/Fasching-2015-86.jpg\" data-orig-size=\"1024,682\" data-comments-opened=\"\" data-image-meta=\"{&quot;aperture&quot;:&quot;0&quot;,&quot;credit&quot;:&quot;&quot;,&quot;camera&quot;:&quot;&quot;,&quot;caption&quot;:&quot;&quot;,&quot;created_timestamp&quot;:&quot;0&quot;,&quot;copyright&quot;:&quot;&quot;,&quot;focal_length&quot;:&quot;0&quot;,&quot;iso&quot;:&quot;0&quot;,&quot;shutter_speed&quot;:&quot;0&quot;,&quot;title&quot;:&quot;&quot;,&quot;orientation&quot;:&quot;0&quot;}\" data-image-title=\"Fasching-2015 (86)\" data-image-description=\"\" data-medium-file=\"http:\/\/www.kjv-harheim.de\/wp-content\/uploads\/2016\/07\/Fasching-2015-86-300x200.jpg\" data-large-file=\"http:\/\/www.kjv-harheim.de\/wp-content\/uploads\/2016\/07\/Fasching-2015-86-1024x682.jpg\" src=\"https:\/\/i0.wp.com\/www.kjv-harheim.de\/wp-content\/uploads\/2016\/07\/Fasching-2015-86.jpg?w=777&#038;h=517\" width=\"777\" height=\"517\" data-original-width=\"777\" data-original-height=\"517\" itemprop=\"http:\/\/schema.org\/image\" title=\"Fasching-2015 (86)\" alt=\"Fasching-2015 (86)\" style=\"width: 777px; height: 517px;\" \/> <\/a> <\/div> <\/div> <!-- close group --> <\/div> <!-- close row --> <div class=\"gallery-row\" style=\"width: 1170px; height: 391px;\" data-original-width=\"1170\" data-original-height=\"391\" > <div class=\"gallery-group images-1\" style=\"width: 585px; height: 391px;\" data-original-width=\"585\" data-original-height=\"391\" > <div class=\"tiled-gallery-item tiled-gallery-item-large\" itemprop=\"associatedMedia\" itemscope itemtype=\"http:\/\/schema.org\/ImageObject\"> <a href=\"http:\/\/www.kjv-harheim.de\/index.php\/2016\/07\/14\/bilder-fastnacht-2015\/fasching-2015-87\/\" border=\"0\" itemprop=\"url\"> <meta itemprop=\"width\" content=\"581\"> <meta itemprop=\"height\" content=\"387\"> <img data-attachment-id=\"4515\" data-orig-file=\"http:\/\/www.kjv-harheim.de\/wp-content\/uploads\/2016\/07\/Fasching-2015-87.jpg\" data-orig-size=\"1024,682\" data-comments-opened=\"\" data-image-meta=\"{&quot;aperture&quot;:&quot;0&quot;,&quot;credit&quot;:&quot;&quot;,&quot;camera&quot;:&quot;&quot;,&quot;caption&quot;:&quot;&quot;,&quot;created_timestamp&quot;:&quot;0&quot;,&quot;copyright&quot;:&quot;&quot;,&quot;focal_length&quot;:&quot;0&quot;,&quot;iso&quot;:&quot;0&quot;,&quot;shutter_speed&quot;:&quot;0&quot;,&quot;title&quot;:&quot;&quot;,&quot;orientation&quot;:&quot;0&quot;}\" data-image-title=\"Fasching-2015 (87)\" data-image-description=\"\" data-medium-file=\"http:\/\/www.kjv-harheim.de\/wp-content\/uploads\/2016\/07\/Fasching-2015-87-300x200.jpg\" data-large-file=\"http:\/\/www.kjv-harheim.de\/wp-content\/uploads\/2016\/07\/Fasching-2015-87-1024x682.jpg\" src=\"https:\/\/i0.wp.com\/www.kjv-harheim.de\/wp-content\/uploads\/2016\/07\/Fasching-2015-87.jpg?w=581&#038;h=387\" width=\"581\" height=\"387\" data-original-width=\"581\" data-original-height=\"387\" itemprop=\"http:\/\/schema.org\/image\" title=\"Fasching-2015 (87)\" alt=\"Fasching-2015 (87)\" style=\"width: 581px; height: 387px;\" \/> <\/a> <\/div> <\/div> <!-- close group --> <div class=\"gallery-group images-1\" style=\"width: 585px; height: 391px;\" data-original-width=\"585\" data-original-height=\"391\" > <div class=\"tiled-gallery-item tiled-gallery-item-large\" itemprop=\"associatedMedia\" itemscope itemtype=\"http:\/\/schema.org\/ImageObject\"> <a href=\"http:\/\/www.kjv-harheim.de\/index.php\/2016\/07\/14\/bilder-fastnacht-2015\/fasching-2015-88\/\" border=\"0\" itemprop=\"url\"> <meta itemprop=\"width\" content=\"581\"> <meta itemprop=\"height\" content=\"387\"> <img data-attachment-id=\"4516\" data-orig-file=\"http:\/\/www.kjv-harheim.de\/wp-content\/uploads\/2016\/07\/Fasching-2015-88.jpg\" data-orig-size=\"1024,682\" data-comments-opened=\"\" data-image-meta=\"{&quot;aperture&quot;:&quot;0&quot;,&quot;credit&quot;:&quot;&quot;,&quot;camera&quot;:&quot;&quot;,&quot;caption&quot;:&quot;&quot;,&quot;created_timestamp&quot;:&quot;0&quot;,&quot;copyright&quot;:&quot;&quot;,&quot;focal_length&quot;:&quot;0&quot;,&quot;iso&quot;:&quot;0&quot;,&quot;shutter_speed&quot;:&quot;0&quot;,&quot;title&quot;:&quot;&quot;,&quot;orientation&quot;:&quot;0&quot;}\" data-image-title=\"Fasching-2015 (88)\" data-image-description=\"\" data-medium-file=\"http:\/\/www.kjv-harheim.de\/wp-content\/uploads\/2016\/07\/Fasching-2015-88-300x200.jpg\" data-large-file=\"http:\/\/www.kjv-harheim.de\/wp-content\/uploads\/2016\/07\/Fasching-2015-88-1024x682.jpg\" src=\"https:\/\/i0.wp.com\/www.kjv-harheim.de\/wp-content\/uploads\/2016\/07\/Fasching-2015-88.jpg?w=581&#038;h=387\" width=\"581\" height=\"387\" data-original-width=\"581\" data-original-height=\"387\" itemprop=\"http:\/\/schema.org\/image\" title=\"Fasching-2015 (88)\" alt=\"Fasching-2015 (88)\" style=\"width: 581px; height: 387px;\" \/> <\/a> <\/div> <\/div> <!-- close group --> <\/div> <!-- close row --> <div class=\"gallery-row\" style=\"width: 1170px; height: 521px;\" data-original-width=\"1170\" data-original-height=\"521\" > <div class=\"gallery-group images-1\" style=\"width: 781px; height: 521px;\" data-original-width=\"781\" data-original-height=\"521\" > <div class=\"tiled-gallery-item tiled-gallery-item-large\" itemprop=\"associatedMedia\" itemscope itemtype=\"http:\/\/schema.org\/ImageObject\"> <a href=\"http:\/\/www.kjv-harheim.de\/index.php\/2016\/07\/14\/bilder-fastnacht-2015\/fasching-2015-89\/\" border=\"0\" itemprop=\"url\"> <meta itemprop=\"width\" content=\"777\"> <meta itemprop=\"height\" content=\"517\"> <img data-attachment-id=\"4517\" data-orig-file=\"http:\/\/www.kjv-harheim.de\/wp-content\/uploads\/2016\/07\/Fasching-2015-89.jpg\" data-orig-size=\"1024,682\" data-comments-opened=\"\" data-image-meta=\"{&quot;aperture&quot;:&quot;0&quot;,&quot;credit&quot;:&quot;&quot;,&quot;camera&quot;:&quot;&quot;,&quot;caption&quot;:&quot;&quot;,&quot;created_timestamp&quot;:&quot;0&quot;,&quot;copyright&quot;:&quot;&quot;,&quot;focal_length&quot;:&quot;0&quot;,&quot;iso&quot;:&quot;0&quot;,&quot;shutter_speed&quot;:&quot;0&quot;,&quot;title&quot;:&quot;&quot;,&quot;orientation&quot;:&quot;0&quot;}\" data-image-title=\"Fasching-2015 (89)\" data-image-description=\"\" data-medium-file=\"http:\/\/www.kjv-harheim.de\/wp-content\/uploads\/2016\/07\/Fasching-2015-89-300x200.jpg\" data-large-file=\"http:\/\/www.kjv-harheim.de\/wp-content\/uploads\/2016\/07\/Fasching-2015-89-1024x682.jpg\" src=\"https:\/\/i0.wp.com\/www.kjv-harheim.de\/wp-content\/uploads\/2016\/07\/Fasching-2015-89.jpg?w=777&#038;h=517\" width=\"777\" height=\"517\" data-original-width=\"777\" data-original-height=\"517\" itemprop=\"http:\/\/schema.org\/image\" title=\"Fasching-2015 (89)\" alt=\"Fasching-2015 (89)\" style=\"width: 777px; height: 517px;\" \/> <\/a> <\/div> <\/div> <!-- close group --> <div class=\"gallery-group images-2\" style=\"width: 389px; height: 521px;\" data-original-width=\"389\" data-original-height=\"521\" > <div class=\"tiled-gallery-item tiled-gallery-item-large\" itemprop=\"associatedMedia\" itemscope itemtype=\"http:\/\/schema.org\/ImageObject\"> <a href=\"http:\/\/www.kjv-harheim.de\/index.php\/2016\/07\/14\/bilder-fastnacht-2015\/fasching-2015-90\/\" border=\"0\" itemprop=\"url\"> <meta itemprop=\"width\" content=\"385\"> <meta itemprop=\"height\" content=\"256\"> <img data-attachment-id=\"4518\" data-orig-file=\"http:\/\/www.kjv-harheim.de\/wp-content\/uploads\/2016\/07\/Fasching-2015-90.jpg\" data-orig-size=\"1024,682\" data-comments-opened=\"\" data-image-meta=\"{&quot;aperture&quot;:&quot;0&quot;,&quot;credit&quot;:&quot;&quot;,&quot;camera&quot;:&quot;&quot;,&quot;caption&quot;:&quot;&quot;,&quot;created_timestamp&quot;:&quot;0&quot;,&quot;copyright&quot;:&quot;&quot;,&quot;focal_length&quot;:&quot;0&quot;,&quot;iso&quot;:&quot;0&quot;,&quot;shutter_speed&quot;:&quot;0&quot;,&quot;title&quot;:&quot;&quot;,&quot;orientation&quot;:&quot;0&quot;}\" data-image-title=\"Fasching-2015 (90)\" data-image-description=\"\" data-medium-file=\"http:\/\/www.kjv-harheim.de\/wp-content\/uploads\/2016\/07\/Fasching-2015-90-300x200.jpg\" data-large-file=\"http:\/\/www.kjv-harheim.de\/wp-content\/uploads\/2016\/07\/Fasching-2015-90-1024x682.jpg\" src=\"https:\/\/i0.wp.com\/www.kjv-harheim.de\/wp-content\/uploads\/2016\/07\/Fasching-2015-90.jpg?w=385&#038;h=256\" width=\"385\" height=\"256\" data-original-width=\"385\" data-original-height=\"256\" itemprop=\"http:\/\/schema.org\/image\" title=\"Fasching-2015 (90)\" alt=\"Fasching-2015 (90)\" style=\"width: 385px; height: 256px;\" \/> <\/a> <\/div> <div class=\"tiled-gallery-item tiled-gallery-item-large\" itemprop=\"associatedMedia\" itemscope itemtype=\"http:\/\/schema.org\/ImageObject\"> <a href=\"http:\/\/www.kjv-harheim.de\/index.php\/2016\/07\/14\/bilder-fastnacht-2015\/fasching-2015-91\/\" border=\"0\" itemprop=\"url\"> <meta itemprop=\"width\" content=\"385\"> <meta itemprop=\"height\" content=\"257\"> <img data-attachment-id=\"4519\" data-orig-file=\"http:\/\/www.kjv-harheim.de\/wp-content\/uploads\/2016\/07\/Fasching-2015-91.jpg\" data-orig-size=\"1024,682\" data-comments-opened=\"\" data-image-meta=\"{&quot;aperture&quot;:&quot;0&quot;,&quot;credit&quot;:&quot;&quot;,&quot;camera&quot;:&quot;&quot;,&quot;caption&quot;:&quot;&quot;,&quot;created_timestamp&quot;:&quot;0&quot;,&quot;copyright&quot;:&quot;&quot;,&quot;focal_length&quot;:&quot;0&quot;,&quot;iso&quot;:&quot;0&quot;,&quot;shutter_speed&quot;:&quot;0&quot;,&quot;title&quot;:&quot;&quot;,&quot;orientation&quot;:&quot;0&quot;}\" data-image-title=\"Fasching-2015 (91)\" data-image-description=\"\" data-medium-file=\"http:\/\/www.kjv-harheim.de\/wp-content\/uploads\/2016\/07\/Fasching-2015-91-300x200.jpg\" data-large-file=\"http:\/\/www.kjv-harheim.de\/wp-content\/uploads\/2016\/07\/Fasching-2015-91-1024x682.jpg\" src=\"https:\/\/i0.wp.com\/www.kjv-harheim.de\/wp-content\/uploads\/2016\/07\/Fasching-2015-91.jpg?w=385&#038;h=257\" width=\"385\" height=\"257\" data-original-width=\"385\" data-original-height=\"257\" itemprop=\"http:\/\/schema.org\/image\" title=\"Fasching-2015 (91)\" alt=\"Fasching-2015 (91)\" style=\"width: 385px; height: 257px;\" \/> <\/a> <\/div> <\/div> <!-- close group --> <\/div> <!-- close row --> <div class=\"gallery-row\" style=\"width: 1170px; height: 261px;\" data-original-width=\"1170\" data-original-height=\"261\" > <div class=\"gallery-group images-1\" style=\"width: 390px; height: 261px;\" data-original-width=\"390\" data-original-height=\"261\" > <div class=\"tiled-gallery-item tiled-gallery-item-large\" itemprop=\"associatedMedia\" itemscope itemtype=\"http:\/\/schema.org\/ImageObject\"> <a href=\"http:\/\/www.kjv-harheim.de\/index.php\/2016\/07\/14\/bilder-fastnacht-2015\/fasching-2015-92\/\" border=\"0\" itemprop=\"url\"> <meta itemprop=\"width\" content=\"386\"> <meta itemprop=\"height\" content=\"257\"> <img data-attachment-id=\"4520\" data-orig-file=\"http:\/\/www.kjv-harheim.de\/wp-content\/uploads\/2016\/07\/Fasching-2015-92.jpg\" data-orig-size=\"1024,682\" data-comments-opened=\"\" data-image-meta=\"{&quot;aperture&quot;:&quot;0&quot;,&quot;credit&quot;:&quot;&quot;,&quot;camera&quot;:&quot;&quot;,&quot;caption&quot;:&quot;&quot;,&quot;created_timestamp&quot;:&quot;0&quot;,&quot;copyright&quot;:&quot;&quot;,&quot;focal_length&quot;:&quot;0&quot;,&quot;iso&quot;:&quot;0&quot;,&quot;shutter_speed&quot;:&quot;0&quot;,&quot;title&quot;:&quot;&quot;,&quot;orientation&quot;:&quot;0&quot;}\" data-image-title=\"Fasching-2015 (92)\" data-image-description=\"\" data-medium-file=\"http:\/\/www.kjv-harheim.de\/wp-content\/uploads\/2016\/07\/Fasching-2015-92-300x200.jpg\" data-large-file=\"http:\/\/www.kjv-harheim.de\/wp-content\/uploads\/2016\/07\/Fasching-2015-92-1024x682.jpg\" src=\"https:\/\/i0.wp.com\/www.kjv-harheim.de\/wp-content\/uploads\/2016\/07\/Fasching-2015-92.jpg?w=386&#038;h=257\" width=\"386\" height=\"257\" data-original-width=\"386\" data-original-height=\"257\" itemprop=\"http:\/\/schema.org\/image\" title=\"Fasching-2015 (92)\" alt=\"Fasching-2015 (92)\" style=\"width: 386px; height: 257px;\" \/> <\/a> <\/div> <\/div> <!-- close group --> <div class=\"gallery-group images-1\" style=\"width: 390px; height: 261px;\" data-original-width=\"390\" data-original-height=\"261\" > <div class=\"tiled-gallery-item tiled-gallery-item-large\" itemprop=\"associatedMedia\" itemscope itemtype=\"http:\/\/schema.org\/ImageObject\"> <a href=\"http:\/\/www.kjv-harheim.de\/index.php\/2016\/07\/14\/bilder-fastnacht-2015\/fasching-2015-93\/\" border=\"0\" itemprop=\"url\"> <meta itemprop=\"width\" content=\"386\"> <meta itemprop=\"height\" content=\"257\"> <img data-attachment-id=\"4521\" data-orig-file=\"http:\/\/www.kjv-harheim.de\/wp-content\/uploads\/2016\/07\/Fasching-2015-93.jpg\" data-orig-size=\"1024,682\" data-comments-opened=\"\" data-image-meta=\"{&quot;aperture&quot;:&quot;0&quot;,&quot;credit&quot;:&quot;&quot;,&quot;camera&quot;:&quot;&quot;,&quot;caption&quot;:&quot;&quot;,&quot;created_timestamp&quot;:&quot;0&quot;,&quot;copyright&quot;:&quot;&quot;,&quot;focal_length&quot;:&quot;0&quot;,&quot;iso&quot;:&quot;0&quot;,&quot;shutter_speed&quot;:&quot;0&quot;,&quot;title&quot;:&quot;&quot;,&quot;orientation&quot;:&quot;0&quot;}\" data-image-title=\"Fasching-2015 (93)\" data-image-description=\"\" data-medium-file=\"http:\/\/www.kjv-harheim.de\/wp-content\/uploads\/2016\/07\/Fasching-2015-93-300x200.jpg\" data-large-file=\"http:\/\/www.kjv-harheim.de\/wp-content\/uploads\/2016\/07\/Fasching-2015-93-1024x682.jpg\" src=\"https:\/\/i0.wp.com\/www.kjv-harheim.de\/wp-content\/uploads\/2016\/07\/Fasching-2015-93.jpg?w=386&#038;h=257\" width=\"386\" height=\"257\" data-original-width=\"386\" data-original-height=\"257\" itemprop=\"http:\/\/schema.org\/image\" title=\"Fasching-2015 (93)\" alt=\"Fasching-2015 (93)\" style=\"width: 386px; height: 257px;\" \/> <\/a> <\/div> <\/div> <!-- close group --> <div class=\"gallery-group images-1\" style=\"width: 390px; height: 261px;\" data-original-width=\"390\" data-original-height=\"261\" > <div class=\"tiled-gallery-item tiled-gallery-item-large\" itemprop=\"associatedMedia\" itemscope itemtype=\"http:\/\/schema.org\/ImageObject\"> <a href=\"http:\/\/www.kjv-harheim.de\/index.php\/2016\/07\/14\/bilder-fastnacht-2015\/fasching-2015-94\/\" border=\"0\" itemprop=\"url\"> <meta itemprop=\"width\" content=\"386\"> <meta itemprop=\"height\" content=\"257\"> <img data-attachment-id=\"4522\" data-orig-file=\"http:\/\/www.kjv-harheim.de\/wp-content\/uploads\/2016\/07\/Fasching-2015-94.jpg\" data-orig-size=\"1024,682\" data-comments-opened=\"\" data-image-meta=\"{&quot;aperture&quot;:&quot;0&quot;,&quot;credit&quot;:&quot;&quot;,&quot;camera&quot;:&quot;&quot;,&quot;caption&quot;:&quot;&quot;,&quot;created_timestamp&quot;:&quot;0&quot;,&quot;copyright&quot;:&quot;&quot;,&quot;focal_length&quot;:&quot;0&quot;,&quot;iso&quot;:&quot;0&quot;,&quot;shutter_speed&quot;:&quot;0&quot;,&quot;title&quot;:&quot;&quot;,&quot;orientation&quot;:&quot;0&quot;}\" data-image-title=\"Fasching-2015 (94)\" data-image-description=\"\" data-medium-file=\"http:\/\/www.kjv-harheim.de\/wp-content\/uploads\/2016\/07\/Fasching-2015-94-300x200.jpg\" data-large-file=\"http:\/\/www.kjv-harheim.de\/wp-content\/uploads\/2016\/07\/Fasching-2015-94-1024x682.jpg\" src=\"https:\/\/i0.wp.com\/www.kjv-harheim.de\/wp-content\/uploads\/2016\/07\/Fasching-2015-94.jpg?w=386&#038;h=257\" width=\"386\" height=\"257\" data-original-width=\"386\" data-original-height=\"257\" itemprop=\"http:\/\/schema.org\/image\" title=\"Fasching-2015 (94)\" alt=\"Fasching-2015 (94)\" style=\"width: 386px; height: 257px;\" \/> <\/a> <\/div> <\/div> <!-- close group --> <\/div> <!-- close row --> <div class=\"gallery-row\" style=\"width: 1170px; height: 521px;\" data-original-width=\"1170\" data-original-height=\"521\" > <div class=\"gallery-group images-2\" style=\"width: 389px; height: 521px;\" data-original-width=\"389\" data-original-height=\"521\" > <div class=\"tiled-gallery-item tiled-gallery-item-large\" itemprop=\"associatedMedia\" itemscope itemtype=\"http:\/\/schema.org\/ImageObject\"> <a href=\"http:\/\/www.kjv-harheim.de\/index.php\/2016\/07\/14\/bilder-fastnacht-2015\/fasching-2015-95\/\" border=\"0\" itemprop=\"url\"> <meta itemprop=\"width\" content=\"385\"> <meta itemprop=\"height\" content=\"256\"> <img data-attachment-id=\"4523\" data-orig-file=\"http:\/\/www.kjv-harheim.de\/wp-content\/uploads\/2016\/07\/Fasching-2015-95.jpg\" data-orig-size=\"1024,682\" data-comments-opened=\"\" data-image-meta=\"{&quot;aperture&quot;:&quot;0&quot;,&quot;credit&quot;:&quot;&quot;,&quot;camera&quot;:&quot;&quot;,&quot;caption&quot;:&quot;&quot;,&quot;created_timestamp&quot;:&quot;0&quot;,&quot;copyright&quot;:&quot;&quot;,&quot;focal_length&quot;:&quot;0&quot;,&quot;iso&quot;:&quot;0&quot;,&quot;shutter_speed&quot;:&quot;0&quot;,&quot;title&quot;:&quot;&quot;,&quot;orientation&quot;:&quot;0&quot;}\" data-image-title=\"Fasching-2015 (95)\" data-image-description=\"\" data-medium-file=\"http:\/\/www.kjv-harheim.de\/wp-content\/uploads\/2016\/07\/Fasching-2015-95-300x200.jpg\" data-large-file=\"http:\/\/www.kjv-harheim.de\/wp-content\/uploads\/2016\/07\/Fasching-2015-95-1024x682.jpg\" src=\"https:\/\/i0.wp.com\/www.kjv-harheim.de\/wp-content\/uploads\/2016\/07\/Fasching-2015-95.jpg?w=385&#038;h=256\" width=\"385\" height=\"256\" data-original-width=\"385\" data-original-height=\"256\" itemprop=\"http:\/\/schema.org\/image\" title=\"Fasching-2015 (95)\" alt=\"Fasching-2015 (95)\" style=\"width: 385px; height: 256px;\" \/> <\/a> <\/div> <div class=\"tiled-gallery-item tiled-gallery-item-large\" itemprop=\"associatedMedia\" itemscope itemtype=\"http:\/\/schema.org\/ImageObject\"> <a href=\"http:\/\/www.kjv-harheim.de\/index.php\/2016\/07\/14\/bilder-fastnacht-2015\/fasching-2015-96\/\" border=\"0\" itemprop=\"url\"> <meta itemprop=\"width\" content=\"385\"> <meta itemprop=\"height\" content=\"257\"> <img data-attachment-id=\"4524\" data-orig-file=\"http:\/\/www.kjv-harheim.de\/wp-content\/uploads\/2016\/07\/Fasching-2015-96.jpg\" data-orig-size=\"1024,682\" data-comments-opened=\"\" data-image-meta=\"{&quot;aperture&quot;:&quot;0&quot;,&quot;credit&quot;:&quot;&quot;,&quot;camera&quot;:&quot;&quot;,&quot;caption&quot;:&quot;&quot;,&quot;created_timestamp&quot;:&quot;0&quot;,&quot;copyright&quot;:&quot;&quot;,&quot;focal_length&quot;:&quot;0&quot;,&quot;iso&quot;:&quot;0&quot;,&quot;shutter_speed&quot;:&quot;0&quot;,&quot;title&quot;:&quot;&quot;,&quot;orientation&quot;:&quot;0&quot;}\" data-image-title=\"Fasching-2015 (96)\" data-image-description=\"\" data-medium-file=\"http:\/\/www.kjv-harheim.de\/wp-content\/uploads\/2016\/07\/Fasching-2015-96-300x200.jpg\" data-large-file=\"http:\/\/www.kjv-harheim.de\/wp-content\/uploads\/2016\/07\/Fasching-2015-96-1024x682.jpg\" src=\"https:\/\/i0.wp.com\/www.kjv-harheim.de\/wp-content\/uploads\/2016\/07\/Fasching-2015-96.jpg?w=385&#038;h=257\" width=\"385\" height=\"257\" data-original-width=\"385\" data-original-height=\"257\" itemprop=\"http:\/\/schema.org\/image\" title=\"Fasching-2015 (96)\" alt=\"Fasching-2015 (96)\" style=\"width: 385px; height: 257px;\" \/> <\/a> <\/div> <\/div> <!-- close group --> <div class=\"gallery-group images-1\" style=\"width: 781px; height: 521px;\" data-original-width=\"781\" data-original-height=\"521\" > <div class=\"tiled-gallery-item tiled-gallery-item-large\" itemprop=\"associatedMedia\" itemscope itemtype=\"http:\/\/schema.org\/ImageObject\"> <a href=\"http:\/\/www.kjv-harheim.de\/index.php\/2016\/07\/14\/bilder-fastnacht-2015\/fasching-2015-97\/\" border=\"0\" itemprop=\"url\"> <meta itemprop=\"width\" content=\"777\"> <meta itemprop=\"height\" content=\"517\"> <img data-attachment-id=\"4525\" data-orig-file=\"http:\/\/www.kjv-harheim.de\/wp-content\/uploads\/2016\/07\/Fasching-2015-97.jpg\" data-orig-size=\"1024,682\" data-comments-opened=\"\" data-image-meta=\"{&quot;aperture&quot;:&quot;0&quot;,&quot;credit&quot;:&quot;&quot;,&quot;camera&quot;:&quot;&quot;,&quot;caption&quot;:&quot;&quot;,&quot;created_timestamp&quot;:&quot;0&quot;,&quot;copyright&quot;:&quot;&quot;,&quot;focal_length&quot;:&quot;0&quot;,&quot;iso&quot;:&quot;0&quot;,&quot;shutter_speed&quot;:&quot;0&quot;,&quot;title&quot;:&quot;&quot;,&quot;orientation&quot;:&quot;0&quot;}\" data-image-title=\"Fasching-2015 (97)\" data-image-description=\"\" data-medium-file=\"http:\/\/www.kjv-harheim.de\/wp-content\/uploads\/2016\/07\/Fasching-2015-97-300x200.jpg\" data-large-file=\"http:\/\/www.kjv-harheim.de\/wp-content\/uploads\/2016\/07\/Fasching-2015-97-1024x682.jpg\" src=\"https:\/\/i0.wp.com\/www.kjv-harheim.de\/wp-content\/uploads\/2016\/07\/Fasching-2015-97.jpg?w=777&#038;h=517\" width=\"777\" height=\"517\" data-original-width=\"777\" data-original-height=\"517\" itemprop=\"http:\/\/schema.org\/image\" title=\"Fasching-2015 (97)\" alt=\"Fasching-2015 (97)\" style=\"width: 777px; height: 517px;\" \/> <\/a> <\/div> <\/div> <!-- close group --> <\/div> <!-- close row --> <div class=\"gallery-row\" style=\"width: 1170px; height: 391px;\" data-original-width=\"1170\" data-original-height=\"391\" > <div class=\"gallery-group images-1\" style=\"width: 585px; height: 391px;\" data-original-width=\"585\" data-original-height=\"391\" > <div class=\"tiled-gallery-item tiled-gallery-item-large\" itemprop=\"associatedMedia\" itemscope itemtype=\"http:\/\/schema.org\/ImageObject\"> <a href=\"http:\/\/www.kjv-harheim.de\/index.php\/2016\/07\/14\/bilder-fastnacht-2015\/fasching-2015-98\/\" border=\"0\" itemprop=\"url\"> <meta itemprop=\"width\" content=\"581\"> <meta itemprop=\"height\" content=\"387\"> <img data-attachment-id=\"4526\" data-orig-file=\"http:\/\/www.kjv-harheim.de\/wp-content\/uploads\/2016\/07\/Fasching-2015-98.jpg\" data-orig-size=\"1024,682\" data-comments-opened=\"\" data-image-meta=\"{&quot;aperture&quot;:&quot;0&quot;,&quot;credit&quot;:&quot;&quot;,&quot;camera&quot;:&quot;&quot;,&quot;caption&quot;:&quot;&quot;,&quot;created_timestamp&quot;:&quot;0&quot;,&quot;copyright&quot;:&quot;&quot;,&quot;focal_length&quot;:&quot;0&quot;,&quot;iso&quot;:&quot;0&quot;,&quot;shutter_speed&quot;:&quot;0&quot;,&quot;title&quot;:&quot;&quot;,&quot;orientation&quot;:&quot;0&quot;}\" data-image-title=\"Fasching-2015 (98)\" data-image-description=\"\" data-medium-file=\"http:\/\/www.kjv-harheim.de\/wp-content\/uploads\/2016\/07\/Fasching-2015-98-300x200.jpg\" data-large-file=\"http:\/\/www.kjv-harheim.de\/wp-content\/uploads\/2016\/07\/Fasching-2015-98-1024x682.jpg\" src=\"https:\/\/i0.wp.com\/www.kjv-harheim.de\/wp-content\/uploads\/2016\/07\/Fasching-2015-98.jpg?w=581&#038;h=387\" width=\"581\" height=\"387\" data-original-width=\"581\" data-original-height=\"387\" itemprop=\"http:\/\/schema.org\/image\" title=\"Fasching-2015 (98)\" alt=\"Fasching-2015 (98)\" style=\"width: 581px; height: 387px;\" \/> <\/a> <\/div> <\/div> <!-- close group --> <div class=\"gallery-group images-1\" style=\"width: 585px; height: 391px;\" data-original-width=\"585\" data-original-height=\"391\" > <div class=\"tiled-gallery-item tiled-gallery-item-large\" itemprop=\"associatedMedia\" itemscope itemtype=\"http:\/\/schema.org\/ImageObject\"> <a href=\"http:\/\/www.kjv-harheim.de\/index.php\/2016\/07\/14\/bilder-fastnacht-2015\/fasching-2015-99\/\" border=\"0\" itemprop=\"url\"> <meta itemprop=\"width\" content=\"581\"> <meta itemprop=\"height\" content=\"387\"> <img data-attachment-id=\"4527\" data-orig-file=\"http:\/\/www.kjv-harheim.de\/wp-content\/uploads\/2016\/07\/Fasching-2015-99.jpg\" data-orig-size=\"1024,682\" data-comments-opened=\"\" data-image-meta=\"{&quot;aperture&quot;:&quot;0&quot;,&quot;credit&quot;:&quot;&quot;,&quot;camera&quot;:&quot;&quot;,&quot;caption&quot;:&quot;&quot;,&quot;created_timestamp&quot;:&quot;0&quot;,&quot;copyright&quot;:&quot;&quot;,&quot;focal_length&quot;:&quot;0&quot;,&quot;iso&quot;:&quot;0&quot;,&quot;shutter_speed&quot;:&quot;0&quot;,&quot;title&quot;:&quot;&quot;,&quot;orientation&quot;:&quot;0&quot;}\" data-image-title=\"Fasching-2015 (99)\" data-image-description=\"\" data-medium-file=\"http:\/\/www.kjv-harheim.de\/wp-content\/uploads\/2016\/07\/Fasching-2015-99-300x200.jpg\" data-large-file=\"http:\/\/www.kjv-harheim.de\/wp-content\/uploads\/2016\/07\/Fasching-2015-99-1024x682.jpg\" src=\"https:\/\/i0.wp.com\/www.kjv-harheim.de\/wp-content\/uploads\/2016\/07\/Fasching-2015-99.jpg?w=581&#038;h=387\" width=\"581\" height=\"387\" data-original-width=\"581\" data-original-height=\"387\" itemprop=\"http:\/\/schema.org\/image\" title=\"Fasching-2015 (99)\" alt=\"Fasching-2015 (99)\" style=\"width: 581px; height: 387px;\" \/> <\/a> <\/div> <\/div> <!-- close group --> <\/div> <!-- close row --> <div class=\"gallery-row\" style=\"width: 1170px; height: 521px;\" data-original-width=\"1170\" data-original-height=\"521\" > <div class=\"gallery-group images-1\" style=\"width: 781px; height: 521px;\" data-original-width=\"781\" data-original-height=\"521\" > <div class=\"tiled-gallery-item tiled-gallery-item-large\" itemprop=\"associatedMedia\" itemscope itemtype=\"http:\/\/schema.org\/ImageObject\"> <a href=\"http:\/\/www.kjv-harheim.de\/index.php\/2016\/07\/14\/bilder-fastnacht-2015\/fasching-2015-100\/\" border=\"0\" itemprop=\"url\"> <meta itemprop=\"width\" content=\"777\"> <meta itemprop=\"height\" content=\"517\"> <img data-attachment-id=\"4528\" data-orig-file=\"http:\/\/www.kjv-harheim.de\/wp-content\/uploads\/2016\/07\/Fasching-2015-100.jpg\" data-orig-size=\"1024,682\" data-comments-opened=\"\" data-image-meta=\"{&quot;aperture&quot;:&quot;0&quot;,&quot;credit&quot;:&quot;&quot;,&quot;camera&quot;:&quot;&quot;,&quot;caption&quot;:&quot;&quot;,&quot;created_timestamp&quot;:&quot;0&quot;,&quot;copyright&quot;:&quot;&quot;,&quot;focal_length&quot;:&quot;0&quot;,&quot;iso&quot;:&quot;0&quot;,&quot;shutter_speed&quot;:&quot;0&quot;,&quot;title&quot;:&quot;&quot;,&quot;orientation&quot;:&quot;0&quot;}\" data-image-title=\"Fasching-2015 (100)\" data-image-description=\"\" data-medium-file=\"http:\/\/www.kjv-harheim.de\/wp-content\/uploads\/2016\/07\/Fasching-2015-100-300x200.jpg\" data-large-file=\"http:\/\/www.kjv-harheim.de\/wp-content\/uploads\/2016\/07\/Fasching-2015-100-1024x682.jpg\" src=\"https:\/\/i0.wp.com\/www.kjv-harheim.de\/wp-content\/uploads\/2016\/07\/Fasching-2015-100.jpg?w=777&#038;h=517\" width=\"777\" height=\"517\" data-original-width=\"777\" data-original-height=\"517\" itemprop=\"http:\/\/schema.org\/image\" title=\"Fasching-2015 (100)\" alt=\"Fasching-2015 (100)\" style=\"width: 777px; height: 517px;\" \/> <\/a> <\/div> <\/div> <!-- close group --> <div class=\"gallery-group images-2\" style=\"width: 389px; height: 521px;\" data-original-width=\"389\" data-original-height=\"521\" > <div class=\"tiled-gallery-item tiled-gallery-item-large\" itemprop=\"associatedMedia\" itemscope itemtype=\"http:\/\/schema.org\/ImageObject\"> <a href=\"http:\/\/www.kjv-harheim.de\/index.php\/2016\/07\/14\/bilder-fastnacht-2015\/fasching-2015-101\/\" border=\"0\" itemprop=\"url\"> <meta itemprop=\"width\" content=\"385\"> <meta itemprop=\"height\" content=\"256\"> <img data-attachment-id=\"4529\" data-orig-file=\"http:\/\/www.kjv-harheim.de\/wp-content\/uploads\/2016\/07\/Fasching-2015-101.jpg\" data-orig-size=\"1024,682\" data-comments-opened=\"\" data-image-meta=\"{&quot;aperture&quot;:&quot;0&quot;,&quot;credit&quot;:&quot;&quot;,&quot;camera&quot;:&quot;&quot;,&quot;caption&quot;:&quot;&quot;,&quot;created_timestamp&quot;:&quot;0&quot;,&quot;copyright&quot;:&quot;&quot;,&quot;focal_length&quot;:&quot;0&quot;,&quot;iso&quot;:&quot;0&quot;,&quot;shutter_speed&quot;:&quot;0&quot;,&quot;title&quot;:&quot;&quot;,&quot;orientation&quot;:&quot;0&quot;}\" data-image-title=\"Fasching-2015 (101)\" data-image-description=\"\" data-medium-file=\"http:\/\/www.kjv-harheim.de\/wp-content\/uploads\/2016\/07\/Fasching-2015-101-300x200.jpg\" data-large-file=\"http:\/\/www.kjv-harheim.de\/wp-content\/uploads\/2016\/07\/Fasching-2015-101-1024x682.jpg\" src=\"https:\/\/i0.wp.com\/www.kjv-harheim.de\/wp-content\/uploads\/2016\/07\/Fasching-2015-101.jpg?w=385&#038;h=256\" width=\"385\" height=\"256\" data-original-width=\"385\" data-original-height=\"256\" itemprop=\"http:\/\/schema.org\/image\" title=\"Fasching-2015 (101)\" alt=\"Fasching-2015 (101)\" style=\"width: 385px; height: 256px;\" \/> <\/a> <\/div> <div class=\"tiled-gallery-item tiled-gallery-item-large\" itemprop=\"associatedMedia\" itemscope itemtype=\"http:\/\/schema.org\/ImageObject\"> <a href=\"http:\/\/www.kjv-harheim.de\/index.php\/2016\/07\/14\/bilder-fastnacht-2015\/fasching-2015-102\/\" border=\"0\" itemprop=\"url\"> <meta itemprop=\"width\" content=\"385\"> <meta itemprop=\"height\" content=\"257\"> <img data-attachment-id=\"4530\" data-orig-file=\"http:\/\/www.kjv-harheim.de\/wp-content\/uploads\/2016\/07\/Fasching-2015-102.jpg\" data-orig-size=\"1024,682\" data-comments-opened=\"\" data-image-meta=\"{&quot;aperture&quot;:&quot;0&quot;,&quot;credit&quot;:&quot;&quot;,&quot;camera&quot;:&quot;&quot;,&quot;caption&quot;:&quot;&quot;,&quot;created_timestamp&quot;:&quot;0&quot;,&quot;copyright&quot;:&quot;&quot;,&quot;focal_length&quot;:&quot;0&quot;,&quot;iso&quot;:&quot;0&quot;,&quot;shutter_speed&quot;:&quot;0&quot;,&quot;title&quot;:&quot;&quot;,&quot;orientation&quot;:&quot;0&quot;}\" data-image-title=\"Fasching-2015 (102)\" data-image-description=\"\" data-medium-file=\"http:\/\/www.kjv-harheim.de\/wp-content\/uploads\/2016\/07\/Fasching-2015-102-300x200.jpg\" data-large-file=\"http:\/\/www.kjv-harheim.de\/wp-content\/uploads\/2016\/07\/Fasching-2015-102-1024x682.jpg\" src=\"https:\/\/i0.wp.com\/www.kjv-harheim.de\/wp-content\/uploads\/2016\/07\/Fasching-2015-102.jpg?w=385&#038;h=257\" width=\"385\" height=\"257\" data-original-width=\"385\" data-original-height=\"257\" itemprop=\"http:\/\/schema.org\/image\" title=\"Fasching-2015 (102)\" alt=\"Fasching-2015 (102)\" style=\"width: 385px; height: 257px;\" \/> <\/a> <\/div> <\/div> <!-- close group --> <\/div> <!-- close row --> <div class=\"gallery-row\" style=\"width: 1170px; height: 261px;\" data-original-width=\"1170\" data-original-height=\"261\" > <div class=\"gallery-group images-1\" style=\"width: 390px; height: 261px;\" data-original-width=\"390\" data-original-height=\"261\" > <div class=\"tiled-gallery-item tiled-gallery-item-large\" itemprop=\"associatedMedia\" itemscope itemtype=\"http:\/\/schema.org\/ImageObject\"> <a href=\"http:\/\/www.kjv-harheim.de\/index.php\/2016\/07\/14\/bilder-fastnacht-2015\/fasching-2015-103\/\" border=\"0\" itemprop=\"url\"> <meta itemprop=\"width\" content=\"386\"> <meta itemprop=\"height\" content=\"257\"> <img data-attachment-id=\"4531\" data-orig-file=\"http:\/\/www.kjv-harheim.de\/wp-content\/uploads\/2016\/07\/Fasching-2015-103.jpg\" data-orig-size=\"1024,682\" data-comments-opened=\"\" data-image-meta=\"{&quot;aperture&quot;:&quot;0&quot;,&quot;credit&quot;:&quot;&quot;,&quot;camera&quot;:&quot;&quot;,&quot;caption&quot;:&quot;&quot;,&quot;created_timestamp&quot;:&quot;0&quot;,&quot;copyright&quot;:&quot;&quot;,&quot;focal_length&quot;:&quot;0&quot;,&quot;iso&quot;:&quot;0&quot;,&quot;shutter_speed&quot;:&quot;0&quot;,&quot;title&quot;:&quot;&quot;,&quot;orientation&quot;:&quot;0&quot;}\" data-image-title=\"Fasching-2015 (103)\" data-image-description=\"\" data-medium-file=\"http:\/\/www.kjv-harheim.de\/wp-content\/uploads\/2016\/07\/Fasching-2015-103-300x200.jpg\" data-large-file=\"http:\/\/www.kjv-harheim.de\/wp-content\/uploads\/2016\/07\/Fasching-2015-103-1024x682.jpg\" src=\"https:\/\/i0.wp.com\/www.kjv-harheim.de\/wp-content\/uploads\/2016\/07\/Fasching-2015-103.jpg?w=386&#038;h=257\" width=\"386\" height=\"257\" data-original-width=\"386\" data-original-height=\"257\" itemprop=\"http:\/\/schema.org\/image\" title=\"Fasching-2015 (103)\" alt=\"Fasching-2015 (103)\" style=\"width: 386px; height: 257px;\" \/> <\/a> <\/div> <\/div> <!-- close group --> <div class=\"gallery-group images-1\" style=\"width: 390px; height: 261px;\" data-original-width=\"390\" data-original-height=\"261\" > <div class=\"tiled-gallery-item tiled-gallery-item-large\" itemprop=\"associatedMedia\" itemscope itemtype=\"http:\/\/schema.org\/ImageObject\"> <a href=\"http:\/\/www.kjv-harheim.de\/index.php\/2016\/07\/14\/bilder-fastnacht-2015\/fasching-2015-104\/\" border=\"0\" itemprop=\"url\"> <meta itemprop=\"width\" content=\"386\"> <meta itemprop=\"height\" content=\"257\"> <img data-attachment-id=\"4532\" data-orig-file=\"http:\/\/www.kjv-harheim.de\/wp-content\/uploads\/2016\/07\/Fasching-2015-104.jpg\" data-orig-size=\"1024,682\" data-comments-opened=\"\" data-image-meta=\"{&quot;aperture&quot;:&quot;0&quot;,&quot;credit&quot;:&quot;&quot;,&quot;camera&quot;:&quot;&quot;,&quot;caption&quot;:&quot;&quot;,&quot;created_timestamp&quot;:&quot;0&quot;,&quot;copyright&quot;:&quot;&quot;,&quot;focal_length&quot;:&quot;0&quot;,&quot;iso&quot;:&quot;0&quot;,&quot;shutter_speed&quot;:&quot;0&quot;,&quot;title&quot;:&quot;&quot;,&quot;orientation&quot;:&quot;0&quot;}\" data-image-title=\"Fasching-2015 (104)\" data-image-description=\"\" data-medium-file=\"http:\/\/www.kjv-harheim.de\/wp-content\/uploads\/2016\/07\/Fasching-2015-104-300x200.jpg\" data-large-file=\"http:\/\/www.kjv-harheim.de\/wp-content\/uploads\/2016\/07\/Fasching-2015-104-1024x682.jpg\" src=\"https:\/\/i0.wp.com\/www.kjv-harheim.de\/wp-content\/uploads\/2016\/07\/Fasching-2015-104.jpg?w=386&#038;h=257\" width=\"386\" height=\"257\" data-original-width=\"386\" data-original-height=\"257\" itemprop=\"http:\/\/schema.org\/image\" title=\"Fasching-2015 (104)\" alt=\"Fasching-2015 (104)\" style=\"width: 386px; height: 257px;\" \/> <\/a> <\/div> <\/div> <!-- close group --> <div class=\"gallery-group images-1\" style=\"width: 390px; height: 261px;\" data-original-width=\"390\" data-original-height=\"261\" > <div class=\"tiled-gallery-item tiled-gallery-item-large\" itemprop=\"associatedMedia\" itemscope itemtype=\"http:\/\/schema.org\/ImageObject\"> <a href=\"http:\/\/www.kjv-harheim.de\/index.php\/2016\/07\/14\/bilder-fastnacht-2015\/fasching-2015-105\/\" border=\"0\" itemprop=\"url\"> <meta itemprop=\"width\" content=\"386\"> <meta itemprop=\"height\" content=\"257\"> <img data-attachment-id=\"4533\" data-orig-file=\"http:\/\/www.kjv-harheim.de\/wp-content\/uploads\/2016\/07\/Fasching-2015-105.jpg\" data-orig-size=\"1024,682\" data-comments-opened=\"\" data-image-meta=\"{&quot;aperture&quot;:&quot;0&quot;,&quot;credit&quot;:&quot;&quot;,&quot;camera&quot;:&quot;&quot;,&quot;caption&quot;:&quot;&quot;,&quot;created_timestamp&quot;:&quot;0&quot;,&quot;copyright&quot;:&quot;&quot;,&quot;focal_length&quot;:&quot;0&quot;,&quot;iso&quot;:&quot;0&quot;,&quot;shutter_speed&quot;:&quot;0&quot;,&quot;title&quot;:&quot;&quot;,&quot;orientation&quot;:&quot;0&quot;}\" data-image-title=\"Fasching-2015 (105)\" data-image-description=\"\" data-medium-file=\"http:\/\/www.kjv-harheim.de\/wp-content\/uploads\/2016\/07\/Fasching-2015-105-300x200.jpg\" data-large-file=\"http:\/\/www.kjv-harheim.de\/wp-content\/uploads\/2016\/07\/Fasching-2015-105-1024x682.jpg\" src=\"https:\/\/i0.wp.com\/www.kjv-harheim.de\/wp-content\/uploads\/2016\/07\/Fasching-2015-105.jpg?w=386&#038;h=257\" width=\"386\" height=\"257\" data-original-width=\"386\" data-original-height=\"257\" itemprop=\"http:\/\/schema.org\/image\" title=\"Fasching-2015 (105)\" alt=\"Fasching-2015 (105)\" style=\"width: 386px; height: 257px;\" \/> <\/a> <\/div> <\/div> <!-- close group --> <\/div> <!-- close row --> <div class=\"gallery-row\" style=\"width: 1170px; height: 521px;\" data-original-width=\"1170\" data-original-height=\"521\" > <div class=\"gallery-group images-2\" style=\"width: 389px; height: 521px;\" data-original-width=\"389\" data-original-height=\"521\" > <div class=\"tiled-gallery-item tiled-gallery-item-large\" itemprop=\"associatedMedia\" itemscope itemtype=\"http:\/\/schema.org\/ImageObject\"> <a href=\"http:\/\/www.kjv-harheim.de\/index.php\/2016\/07\/14\/bilder-fastnacht-2015\/fasching-2015-106\/\" border=\"0\" itemprop=\"url\"> <meta itemprop=\"width\" content=\"385\"> <meta itemprop=\"height\" content=\"256\"> <img data-attachment-id=\"4534\" data-orig-file=\"http:\/\/www.kjv-harheim.de\/wp-content\/uploads\/2016\/07\/Fasching-2015-106.jpg\" data-orig-size=\"1024,682\" data-comments-opened=\"\" data-image-meta=\"{&quot;aperture&quot;:&quot;0&quot;,&quot;credit&quot;:&quot;&quot;,&quot;camera&quot;:&quot;&quot;,&quot;caption&quot;:&quot;&quot;,&quot;created_timestamp&quot;:&quot;0&quot;,&quot;copyright&quot;:&quot;&quot;,&quot;focal_length&quot;:&quot;0&quot;,&quot;iso&quot;:&quot;0&quot;,&quot;shutter_speed&quot;:&quot;0&quot;,&quot;title&quot;:&quot;&quot;,&quot;orientation&quot;:&quot;0&quot;}\" data-image-title=\"Fasching-2015 (106)\" data-image-description=\"\" data-medium-file=\"http:\/\/www.kjv-harheim.de\/wp-content\/uploads\/2016\/07\/Fasching-2015-106-300x200.jpg\" data-large-file=\"http:\/\/www.kjv-harheim.de\/wp-content\/uploads\/2016\/07\/Fasching-2015-106-1024x682.jpg\" src=\"https:\/\/i0.wp.com\/www.kjv-harheim.de\/wp-content\/uploads\/2016\/07\/Fasching-2015-106.jpg?w=385&#038;h=256\" width=\"385\" height=\"256\" data-original-width=\"385\" data-original-height=\"256\" itemprop=\"http:\/\/schema.org\/image\" title=\"Fasching-2015 (106)\" alt=\"Fasching-2015 (106)\" style=\"width: 385px; height: 256px;\" \/> <\/a> <\/div> <div class=\"tiled-gallery-item tiled-gallery-item-large\" itemprop=\"associatedMedia\" itemscope itemtype=\"http:\/\/schema.org\/ImageObject\"> <a href=\"http:\/\/www.kjv-harheim.de\/index.php\/2016\/07\/14\/bilder-fastnacht-2015\/fasching-2015-107\/\" border=\"0\" itemprop=\"url\"> <meta itemprop=\"width\" content=\"385\"> <meta itemprop=\"height\" content=\"257\"> <img data-attachment-id=\"4535\" data-orig-file=\"http:\/\/www.kjv-harheim.de\/wp-content\/uploads\/2016\/07\/Fasching-2015-107.jpg\" data-orig-size=\"1024,682\" data-comments-opened=\"\" data-image-meta=\"{&quot;aperture&quot;:&quot;0&quot;,&quot;credit&quot;:&quot;&quot;,&quot;camera&quot;:&quot;&quot;,&quot;caption&quot;:&quot;&quot;,&quot;created_timestamp&quot;:&quot;0&quot;,&quot;copyright&quot;:&quot;&quot;,&quot;focal_length&quot;:&quot;0&quot;,&quot;iso&quot;:&quot;0&quot;,&quot;shutter_speed&quot;:&quot;0&quot;,&quot;title&quot;:&quot;&quot;,&quot;orientation&quot;:&quot;0&quot;}\" data-image-title=\"Fasching-2015 (107)\" data-image-description=\"\" data-medium-file=\"http:\/\/www.kjv-harheim.de\/wp-content\/uploads\/2016\/07\/Fasching-2015-107-300x200.jpg\" data-large-file=\"http:\/\/www.kjv-harheim.de\/wp-content\/uploads\/2016\/07\/Fasching-2015-107-1024x682.jpg\" src=\"https:\/\/i0.wp.com\/www.kjv-harheim.de\/wp-content\/uploads\/2016\/07\/Fasching-2015-107.jpg?w=385&#038;h=257\" width=\"385\" height=\"257\" data-original-width=\"385\" data-original-height=\"257\" itemprop=\"http:\/\/schema.org\/image\" title=\"Fasching-2015 (107)\" alt=\"Fasching-2015 (107)\" style=\"width: 385px; height: 257px;\" \/> <\/a> <\/div> <\/div> <!-- close group --> <div class=\"gallery-group images-1\" style=\"width: 781px; height: 521px;\" data-original-width=\"781\" data-original-height=\"521\" > <div class=\"tiled-gallery-item tiled-gallery-item-large\" itemprop=\"associatedMedia\" itemscope itemtype=\"http:\/\/schema.org\/ImageObject\"> <a href=\"http:\/\/www.kjv-harheim.de\/index.php\/2016\/07\/14\/bilder-fastnacht-2015\/fasching-2015-108\/\" border=\"0\" itemprop=\"url\"> <meta itemprop=\"width\" content=\"777\"> <meta itemprop=\"height\" content=\"517\"> <img data-attachment-id=\"4536\" data-orig-file=\"http:\/\/www.kjv-harheim.de\/wp-content\/uploads\/2016\/07\/Fasching-2015-108.jpg\" data-orig-size=\"1024,682\" data-comments-opened=\"\" data-image-meta=\"{&quot;aperture&quot;:&quot;0&quot;,&quot;credit&quot;:&quot;&quot;,&quot;camera&quot;:&quot;&quot;,&quot;caption&quot;:&quot;&quot;,&quot;created_timestamp&quot;:&quot;0&quot;,&quot;copyright&quot;:&quot;&quot;,&quot;focal_length&quot;:&quot;0&quot;,&quot;iso&quot;:&quot;0&quot;,&quot;shutter_speed&quot;:&quot;0&quot;,&quot;title&quot;:&quot;&quot;,&quot;orientation&quot;:&quot;0&quot;}\" data-image-title=\"Fasching-2015 (108)\" data-image-description=\"\" data-medium-file=\"http:\/\/www.kjv-harheim.de\/wp-content\/uploads\/2016\/07\/Fasching-2015-108-300x200.jpg\" data-large-file=\"http:\/\/www.kjv-harheim.de\/wp-content\/uploads\/2016\/07\/Fasching-2015-108-1024x682.jpg\" src=\"https:\/\/i0.wp.com\/www.kjv-harheim.de\/wp-content\/uploads\/2016\/07\/Fasching-2015-108.jpg?w=777&#038;h=517\" width=\"777\" height=\"517\" data-original-width=\"777\" data-original-height=\"517\" itemprop=\"http:\/\/schema.org\/image\" title=\"Fasching-2015 (108)\" alt=\"Fasching-2015 (108)\" style=\"width: 777px; height: 517px;\" \/> <\/a> <\/div> <\/div> <!-- close group --> <\/div> <!-- close row --> <div class=\"gallery-row\" style=\"width: 1170px; height: 391px;\" data-original-width=\"1170\" data-original-height=\"391\" > <div class=\"gallery-group images-1\" style=\"width: 585px; height: 391px;\" data-original-width=\"585\" data-original-height=\"391\" > <div class=\"tiled-gallery-item tiled-gallery-item-large\" itemprop=\"associatedMedia\" itemscope itemtype=\"http:\/\/schema.org\/ImageObject\"> <a href=\"http:\/\/www.kjv-harheim.de\/index.php\/2016\/07\/14\/bilder-fastnacht-2015\/fasching-2015-109\/\" border=\"0\" itemprop=\"url\"> <meta itemprop=\"width\" content=\"581\"> <meta itemprop=\"height\" content=\"387\"> <img data-attachment-id=\"4537\" data-orig-file=\"http:\/\/www.kjv-harheim.de\/wp-content\/uploads\/2016\/07\/Fasching-2015-109.jpg\" data-orig-size=\"1024,682\" data-comments-opened=\"\" data-image-meta=\"{&quot;aperture&quot;:&quot;0&quot;,&quot;credit&quot;:&quot;&quot;,&quot;camera&quot;:&quot;&quot;,&quot;caption&quot;:&quot;&quot;,&quot;created_timestamp&quot;:&quot;0&quot;,&quot;copyright&quot;:&quot;&quot;,&quot;focal_length&quot;:&quot;0&quot;,&quot;iso&quot;:&quot;0&quot;,&quot;shutter_speed&quot;:&quot;0&quot;,&quot;title&quot;:&quot;&quot;,&quot;orientation&quot;:&quot;0&quot;}\" data-image-title=\"Fasching-2015 (109)\" data-image-description=\"\" data-medium-file=\"http:\/\/www.kjv-harheim.de\/wp-content\/uploads\/2016\/07\/Fasching-2015-109-300x200.jpg\" data-large-file=\"http:\/\/www.kjv-harheim.de\/wp-content\/uploads\/2016\/07\/Fasching-2015-109-1024x682.jpg\" src=\"https:\/\/i0.wp.com\/www.kjv-harheim.de\/wp-content\/uploads\/2016\/07\/Fasching-2015-109.jpg?w=581&#038;h=387\" width=\"581\" height=\"387\" data-original-width=\"581\" data-original-height=\"387\" itemprop=\"http:\/\/schema.org\/image\" title=\"Fasching-2015 (109)\" alt=\"Fasching-2015 (109)\" style=\"width: 581px; height: 387px;\" \/> <\/a> <\/div> <\/div> <!-- close group --> <div class=\"gallery-group images-1\" style=\"width: 585px; height: 391px;\" data-original-width=\"585\" data-original-height=\"391\" > <div class=\"tiled-gallery-item tiled-gallery-item-large\" itemprop=\"associatedMedia\" itemscope itemtype=\"http:\/\/schema.org\/ImageObject\"> <a href=\"http:\/\/www.kjv-harheim.de\/index.php\/2016\/07\/14\/bilder-fastnacht-2015\/fasching-2015-110\/\" border=\"0\" itemprop=\"url\"> <meta itemprop=\"width\" content=\"581\"> <meta itemprop=\"height\" content=\"387\"> <img data-attachment-id=\"4538\" data-orig-file=\"http:\/\/www.kjv-harheim.de\/wp-content\/uploads\/2016\/07\/Fasching-2015-110.jpg\" data-orig-size=\"1024,682\" data-comments-opened=\"\" data-image-meta=\"{&quot;aperture&quot;:&quot;0&quot;,&quot;credit&quot;:&quot;&quot;,&quot;camera&quot;:&quot;&quot;,&quot;caption&quot;:&quot;&quot;,&quot;created_timestamp&quot;:&quot;0&quot;,&quot;copyright&quot;:&quot;&quot;,&quot;focal_length&quot;:&quot;0&quot;,&quot;iso&quot;:&quot;0&quot;,&quot;shutter_speed&quot;:&quot;0&quot;,&quot;title&quot;:&quot;&quot;,&quot;orientation&quot;:&quot;0&quot;}\" data-image-title=\"Fasching-2015 (110)\" data-image-description=\"\" data-medium-file=\"http:\/\/www.kjv-harheim.de\/wp-content\/uploads\/2016\/07\/Fasching-2015-110-300x200.jpg\" data-large-file=\"http:\/\/www.kjv-harheim.de\/wp-content\/uploads\/2016\/07\/Fasching-2015-110-1024x682.jpg\" src=\"https:\/\/i0.wp.com\/www.kjv-harheim.de\/wp-content\/uploads\/2016\/07\/Fasching-2015-110.jpg?w=581&#038;h=387\" width=\"581\" height=\"387\" data-original-width=\"581\" data-original-height=\"387\" itemprop=\"http:\/\/schema.org\/image\" title=\"Fasching-2015 (110)\" alt=\"Fasching-2015 (110)\" style=\"width: 581px; height: 387px;\" \/> <\/a> <\/div> <\/div> <!-- close group --> <\/div> <!-- close row --> <div class=\"gallery-row\" style=\"width: 1170px; height: 521px;\" data-original-width=\"1170\" data-original-height=\"521\" > <div class=\"gallery-group images-1\" style=\"width: 781px; height: 521px;\" data-original-width=\"781\" data-original-height=\"521\" > <div class=\"tiled-gallery-item tiled-gallery-item-large\" itemprop=\"associatedMedia\" itemscope itemtype=\"http:\/\/schema.org\/ImageObject\"> <a href=\"http:\/\/www.kjv-harheim.de\/index.php\/2016\/07\/14\/bilder-fastnacht-2015\/fasching-2015-111\/\" border=\"0\" itemprop=\"url\"> <meta itemprop=\"width\" content=\"777\"> <meta itemprop=\"height\" content=\"517\"> <img data-attachment-id=\"4539\" data-orig-file=\"http:\/\/www.kjv-harheim.de\/wp-content\/uploads\/2016\/07\/Fasching-2015-111.jpg\" data-orig-size=\"1024,682\" data-comments-opened=\"\" data-image-meta=\"{&quot;aperture&quot;:&quot;0&quot;,&quot;credit&quot;:&quot;&quot;,&quot;camera&quot;:&quot;&quot;,&quot;caption&quot;:&quot;&quot;,&quot;created_timestamp&quot;:&quot;0&quot;,&quot;copyright&quot;:&quot;&quot;,&quot;focal_length&quot;:&quot;0&quot;,&quot;iso&quot;:&quot;0&quot;,&quot;shutter_speed&quot;:&quot;0&quot;,&quot;title&quot;:&quot;&quot;,&quot;orientation&quot;:&quot;0&quot;}\" data-image-title=\"Fasching-2015 (111)\" data-image-description=\"\" data-medium-file=\"http:\/\/www.kjv-harheim.de\/wp-content\/uploads\/2016\/07\/Fasching-2015-111-300x200.jpg\" data-large-file=\"http:\/\/www.kjv-harheim.de\/wp-content\/uploads\/2016\/07\/Fasching-2015-111-1024x682.jpg\" src=\"https:\/\/i0.wp.com\/www.kjv-harheim.de\/wp-content\/uploads\/2016\/07\/Fasching-2015-111.jpg?w=777&#038;h=517\" width=\"777\" height=\"517\" data-original-width=\"777\" data-original-height=\"517\" itemprop=\"http:\/\/schema.org\/image\" title=\"Fasching-2015 (111)\" alt=\"Fasching-2015 (111)\" style=\"width: 777px; height: 517px;\" \/> <\/a> <\/div> <\/div> <!-- close group --> <div class=\"gallery-group images-2\" style=\"width: 389px; height: 521px;\" data-original-width=\"389\" data-original-height=\"521\" > <div class=\"tiled-gallery-item tiled-gallery-item-large\" itemprop=\"associatedMedia\" itemscope itemtype=\"http:\/\/schema.org\/ImageObject\"> <a href=\"http:\/\/www.kjv-harheim.de\/index.php\/2016\/07\/14\/bilder-fastnacht-2015\/fasching-2015-112\/\" border=\"0\" itemprop=\"url\"> <meta itemprop=\"width\" content=\"385\"> <meta itemprop=\"height\" content=\"256\"> <img data-attachment-id=\"4540\" data-orig-file=\"http:\/\/www.kjv-harheim.de\/wp-content\/uploads\/2016\/07\/Fasching-2015-112.jpg\" data-orig-size=\"1024,682\" data-comments-opened=\"\" data-image-meta=\"{&quot;aperture&quot;:&quot;0&quot;,&quot;credit&quot;:&quot;&quot;,&quot;camera&quot;:&quot;&quot;,&quot;caption&quot;:&quot;&quot;,&quot;created_timestamp&quot;:&quot;0&quot;,&quot;copyright&quot;:&quot;&quot;,&quot;focal_length&quot;:&quot;0&quot;,&quot;iso&quot;:&quot;0&quot;,&quot;shutter_speed&quot;:&quot;0&quot;,&quot;title&quot;:&quot;&quot;,&quot;orientation&quot;:&quot;0&quot;}\" data-image-title=\"Fasching-2015 (112)\" data-image-description=\"\" data-medium-file=\"http:\/\/www.kjv-harheim.de\/wp-content\/uploads\/2016\/07\/Fasching-2015-112-300x200.jpg\" data-large-file=\"http:\/\/www.kjv-harheim.de\/wp-content\/uploads\/2016\/07\/Fasching-2015-112-1024x682.jpg\" src=\"https:\/\/i0.wp.com\/www.kjv-harheim.de\/wp-content\/uploads\/2016\/07\/Fasching-2015-112.jpg?w=385&#038;h=256\" width=\"385\" height=\"256\" data-original-width=\"385\" data-original-height=\"256\" itemprop=\"http:\/\/schema.org\/image\" title=\"Fasching-2015 (112)\" alt=\"Fasching-2015 (112)\" style=\"width: 385px; height: 256px;\" \/> <\/a> <\/div> <div class=\"tiled-gallery-item tiled-gallery-item-large\" itemprop=\"associatedMedia\" itemscope itemtype=\"http:\/\/schema.org\/ImageObject\"> <a href=\"http:\/\/www.kjv-harheim.de\/index.php\/2016\/07\/14\/bilder-fastnacht-2015\/fasching-2015-113\/\" border=\"0\" itemprop=\"url\"> <meta itemprop=\"width\" content=\"385\"> <meta itemprop=\"height\" content=\"257\"> <img data-attachment-id=\"4541\" data-orig-file=\"http:\/\/www.kjv-harheim.de\/wp-content\/uploads\/2016\/07\/Fasching-2015-113.jpg\" data-orig-size=\"1024,682\" data-comments-opened=\"\" data-image-meta=\"{&quot;aperture&quot;:&quot;0&quot;,&quot;credit&quot;:&quot;&quot;,&quot;camera&quot;:&quot;&quot;,&quot;caption&quot;:&quot;&quot;,&quot;created_timestamp&quot;:&quot;0&quot;,&quot;copyright&quot;:&quot;&quot;,&quot;focal_length&quot;:&quot;0&quot;,&quot;iso&quot;:&quot;0&quot;,&quot;shutter_speed&quot;:&quot;0&quot;,&quot;title&quot;:&quot;&quot;,&quot;orientation&quot;:&quot;0&quot;}\" data-image-title=\"Fasching-2015 (113)\" data-image-description=\"\" data-medium-file=\"http:\/\/www.kjv-harheim.de\/wp-content\/uploads\/2016\/07\/Fasching-2015-113-300x200.jpg\" data-large-file=\"http:\/\/www.kjv-harheim.de\/wp-content\/uploads\/2016\/07\/Fasching-2015-113-1024x682.jpg\" src=\"https:\/\/i0.wp.com\/www.kjv-harheim.de\/wp-content\/uploads\/2016\/07\/Fasching-2015-113.jpg?w=385&#038;h=257\" width=\"385\" height=\"257\" data-original-width=\"385\" data-original-height=\"257\" itemprop=\"http:\/\/schema.org\/image\" title=\"Fasching-2015 (113)\" alt=\"Fasching-2015 (113)\" style=\"width: 385px; height: 257px;\" \/> <\/a> <\/div> <\/div> <!-- close group --> <\/div> <!-- close row --> <div class=\"gallery-row\" style=\"width: 1170px; height: 261px;\" data-original-width=\"1170\" data-original-height=\"261\" > <div class=\"gallery-group images-1\" style=\"width: 390px; height: 261px;\" data-original-width=\"390\" data-original-height=\"261\" > <div class=\"tiled-gallery-item tiled-gallery-item-large\" itemprop=\"associatedMedia\" itemscope itemtype=\"http:\/\/schema.org\/ImageObject\"> <a href=\"http:\/\/www.kjv-harheim.de\/index.php\/2016\/07\/14\/bilder-fastnacht-2015\/fasching-2015-114\/\" border=\"0\" itemprop=\"url\"> <meta itemprop=\"width\" content=\"386\"> <meta itemprop=\"height\" content=\"257\"> <img data-attachment-id=\"4542\" data-orig-file=\"http:\/\/www.kjv-harheim.de\/wp-content\/uploads\/2016\/07\/Fasching-2015-114.jpg\" data-orig-size=\"1024,682\" data-comments-opened=\"\" data-image-meta=\"{&quot;aperture&quot;:&quot;0&quot;,&quot;credit&quot;:&quot;&quot;,&quot;camera&quot;:&quot;&quot;,&quot;caption&quot;:&quot;&quot;,&quot;created_timestamp&quot;:&quot;0&quot;,&quot;copyright&quot;:&quot;&quot;,&quot;focal_length&quot;:&quot;0&quot;,&quot;iso&quot;:&quot;0&quot;,&quot;shutter_speed&quot;:&quot;0&quot;,&quot;title&quot;:&quot;&quot;,&quot;orientation&quot;:&quot;0&quot;}\" data-image-title=\"Fasching-2015 (114)\" data-image-description=\"\" data-medium-file=\"http:\/\/www.kjv-harheim.de\/wp-content\/uploads\/2016\/07\/Fasching-2015-114-300x200.jpg\" data-large-file=\"http:\/\/www.kjv-harheim.de\/wp-content\/uploads\/2016\/07\/Fasching-2015-114-1024x682.jpg\" src=\"https:\/\/i0.wp.com\/www.kjv-harheim.de\/wp-content\/uploads\/2016\/07\/Fasching-2015-114.jpg?w=386&#038;h=257\" width=\"386\" height=\"257\" data-original-width=\"386\" data-original-height=\"257\" itemprop=\"http:\/\/schema.org\/image\" title=\"Fasching-2015 (114)\" alt=\"Fasching-2015 (114)\" style=\"width: 386px; height: 257px;\" \/> <\/a> <\/div> <\/div> <!-- close group --> <div class=\"gallery-group images-1\" style=\"width: 390px; height: 261px;\" data-original-width=\"390\" data-original-height=\"261\" > <div class=\"tiled-gallery-item tiled-gallery-item-large\" itemprop=\"associatedMedia\" itemscope itemtype=\"http:\/\/schema.org\/ImageObject\"> <a href=\"http:\/\/www.kjv-harheim.de\/index.php\/2016\/07\/14\/bilder-fastnacht-2015\/fasching-2015-115\/\" border=\"0\" itemprop=\"url\"> <meta itemprop=\"width\" content=\"386\"> <meta itemprop=\"height\" content=\"257\"> <img data-attachment-id=\"4543\" data-orig-file=\"http:\/\/www.kjv-harheim.de\/wp-content\/uploads\/2016\/07\/Fasching-2015-115.jpg\" data-orig-size=\"1024,682\" data-comments-opened=\"\" data-image-meta=\"{&quot;aperture&quot;:&quot;0&quot;,&quot;credit&quot;:&quot;&quot;,&quot;camera&quot;:&quot;&quot;,&quot;caption&quot;:&quot;&quot;,&quot;created_timestamp&quot;:&quot;0&quot;,&quot;copyright&quot;:&quot;&quot;,&quot;focal_length&quot;:&quot;0&quot;,&quot;iso&quot;:&quot;0&quot;,&quot;shutter_speed&quot;:&quot;0&quot;,&quot;title&quot;:&quot;&quot;,&quot;orientation&quot;:&quot;0&quot;}\" data-image-title=\"Fasching-2015 (115)\" data-image-description=\"\" data-medium-file=\"http:\/\/www.kjv-harheim.de\/wp-content\/uploads\/2016\/07\/Fasching-2015-115-300x200.jpg\" data-large-file=\"http:\/\/www.kjv-harheim.de\/wp-content\/uploads\/2016\/07\/Fasching-2015-115-1024x682.jpg\" src=\"https:\/\/i0.wp.com\/www.kjv-harheim.de\/wp-content\/uploads\/2016\/07\/Fasching-2015-115.jpg?w=386&#038;h=257\" width=\"386\" height=\"257\" data-original-width=\"386\" data-original-height=\"257\" itemprop=\"http:\/\/schema.org\/image\" title=\"Fasching-2015 (115)\" alt=\"Fasching-2015 (115)\" style=\"width: 386px; height: 257px;\" \/> <\/a> <\/div> <\/div> <!-- close group --> <div class=\"gallery-group images-1\" style=\"width: 390px; height: 261px;\" data-original-width=\"390\" data-original-height=\"261\" > <div class=\"tiled-gallery-item tiled-gallery-item-large\" itemprop=\"associatedMedia\" itemscope itemtype=\"http:\/\/schema.org\/ImageObject\"> <a href=\"http:\/\/www.kjv-harheim.de\/index.php\/2016\/07\/14\/bilder-fastnacht-2015\/fasching-2015-116\/\" border=\"0\" itemprop=\"url\"> <meta itemprop=\"width\" content=\"386\"> <meta itemprop=\"height\" content=\"257\"> <img data-attachment-id=\"4544\" data-orig-file=\"http:\/\/www.kjv-harheim.de\/wp-content\/uploads\/2016\/07\/Fasching-2015-116.jpg\" data-orig-size=\"1024,682\" data-comments-opened=\"\" data-image-meta=\"{&quot;aperture&quot;:&quot;0&quot;,&quot;credit&quot;:&quot;&quot;,&quot;camera&quot;:&quot;&quot;,&quot;caption&quot;:&quot;&quot;,&quot;created_timestamp&quot;:&quot;0&quot;,&quot;copyright&quot;:&quot;&quot;,&quot;focal_length&quot;:&quot;0&quot;,&quot;iso&quot;:&quot;0&quot;,&quot;shutter_speed&quot;:&quot;0&quot;,&quot;title&quot;:&quot;&quot;,&quot;orientation&quot;:&quot;0&quot;}\" data-image-title=\"Fasching-2015 (116)\" data-image-description=\"\" data-medium-file=\"http:\/\/www.kjv-harheim.de\/wp-content\/uploads\/2016\/07\/Fasching-2015-116-300x200.jpg\" data-large-file=\"http:\/\/www.kjv-harheim.de\/wp-content\/uploads\/2016\/07\/Fasching-2015-116-1024x682.jpg\" src=\"https:\/\/i0.wp.com\/www.kjv-harheim.de\/wp-content\/uploads\/2016\/07\/Fasching-2015-116.jpg?w=386&#038;h=257\" width=\"386\" height=\"257\" data-original-width=\"386\" data-original-height=\"257\" itemprop=\"http:\/\/schema.org\/image\" title=\"Fasching-2015 (116)\" alt=\"Fasching-2015 (116)\" style=\"width: 386px; height: 257px;\" \/> <\/a> <\/div> <\/div> <!-- close group --> <\/div> <!-- close row --> <div class=\"gallery-row\" style=\"width: 1170px; height: 521px;\" data-original-width=\"1170\" data-original-height=\"521\" > <div class=\"gallery-group images-2\" style=\"width: 389px; height: 521px;\" data-original-width=\"389\" data-original-height=\"521\" > <div class=\"tiled-gallery-item tiled-gallery-item-large\" itemprop=\"associatedMedia\" itemscope itemtype=\"http:\/\/schema.org\/ImageObject\"> <a href=\"http:\/\/www.kjv-harheim.de\/index.php\/2016\/07\/14\/bilder-fastnacht-2015\/fasching-2015-117\/\" border=\"0\" itemprop=\"url\"> <meta itemprop=\"width\" content=\"385\"> <meta itemprop=\"height\" content=\"256\"> <img data-attachment-id=\"4545\" data-orig-file=\"http:\/\/www.kjv-harheim.de\/wp-content\/uploads\/2016\/07\/Fasching-2015-117.jpg\" data-orig-size=\"1024,682\" data-comments-opened=\"\" data-image-meta=\"{&quot;aperture&quot;:&quot;0&quot;,&quot;credit&quot;:&quot;&quot;,&quot;camera&quot;:&quot;&quot;,&quot;caption&quot;:&quot;&quot;,&quot;created_timestamp&quot;:&quot;0&quot;,&quot;copyright&quot;:&quot;&quot;,&quot;focal_length&quot;:&quot;0&quot;,&quot;iso&quot;:&quot;0&quot;,&quot;shutter_speed&quot;:&quot;0&quot;,&quot;title&quot;:&quot;&quot;,&quot;orientation&quot;:&quot;0&quot;}\" data-image-title=\"Fasching-2015 (117)\" data-image-description=\"\" data-medium-file=\"http:\/\/www.kjv-harheim.de\/wp-content\/uploads\/2016\/07\/Fasching-2015-117-300x200.jpg\" data-large-file=\"http:\/\/www.kjv-harheim.de\/wp-content\/uploads\/2016\/07\/Fasching-2015-117-1024x682.jpg\" src=\"https:\/\/i0.wp.com\/www.kjv-harheim.de\/wp-content\/uploads\/2016\/07\/Fasching-2015-117.jpg?w=385&#038;h=256\" width=\"385\" height=\"256\" data-original-width=\"385\" data-original-height=\"256\" itemprop=\"http:\/\/schema.org\/image\" title=\"Fasching-2015 (117)\" alt=\"Fasching-2015 (117)\" style=\"width: 385px; height: 256px;\" \/> <\/a> <\/div> <div class=\"tiled-gallery-item tiled-gallery-item-large\" itemprop=\"associatedMedia\" itemscope itemtype=\"http:\/\/schema.org\/ImageObject\"> <a href=\"http:\/\/www.kjv-harheim.de\/index.php\/2016\/07\/14\/bilder-fastnacht-2015\/fasching-2015-118\/\" border=\"0\" itemprop=\"url\"> <meta itemprop=\"width\" content=\"385\"> <meta itemprop=\"height\" content=\"257\"> <img data-attachment-id=\"4546\" data-orig-file=\"http:\/\/www.kjv-harheim.de\/wp-content\/uploads\/2016\/07\/Fasching-2015-118.jpg\" data-orig-size=\"1024,682\" data-comments-opened=\"\" data-image-meta=\"{&quot;aperture&quot;:&quot;0&quot;,&quot;credit&quot;:&quot;&quot;,&quot;camera&quot;:&quot;&quot;,&quot;caption&quot;:&quot;&quot;,&quot;created_timestamp&quot;:&quot;0&quot;,&quot;copyright&quot;:&quot;&quot;,&quot;focal_length&quot;:&quot;0&quot;,&quot;iso&quot;:&quot;0&quot;,&quot;shutter_speed&quot;:&quot;0&quot;,&quot;title&quot;:&quot;&quot;,&quot;orientation&quot;:&quot;0&quot;}\" data-image-title=\"Fasching-2015 (118)\" data-image-description=\"\" data-medium-file=\"http:\/\/www.kjv-harheim.de\/wp-content\/uploads\/2016\/07\/Fasching-2015-118-300x200.jpg\" data-large-file=\"http:\/\/www.kjv-harheim.de\/wp-content\/uploads\/2016\/07\/Fasching-2015-118-1024x682.jpg\" src=\"https:\/\/i0.wp.com\/www.kjv-harheim.de\/wp-content\/uploads\/2016\/07\/Fasching-2015-118.jpg?w=385&#038;h=257\" width=\"385\" height=\"257\" data-original-width=\"385\" data-original-height=\"257\" itemprop=\"http:\/\/schema.org\/image\" title=\"Fasching-2015 (118)\" alt=\"Fasching-2015 (118)\" style=\"width: 385px; height: 257px;\" \/> <\/a> <\/div> <\/div> <!-- close group --> <div class=\"gallery-group images-1\" style=\"width: 781px; height: 521px;\" data-original-width=\"781\" data-original-height=\"521\" > <div class=\"tiled-gallery-item tiled-gallery-item-large\" itemprop=\"associatedMedia\" itemscope itemtype=\"http:\/\/schema.org\/ImageObject\"> <a href=\"http:\/\/www.kjv-harheim.de\/index.php\/2016\/07\/14\/bilder-fastnacht-2015\/fasching-2015-119\/\" border=\"0\" itemprop=\"url\"> <meta itemprop=\"width\" content=\"777\"> <meta itemprop=\"height\" content=\"517\"> <img data-attachment-id=\"4547\" data-orig-file=\"http:\/\/www.kjv-harheim.de\/wp-content\/uploads\/2016\/07\/Fasching-2015-119.jpg\" data-orig-size=\"1024,682\" data-comments-opened=\"\" data-image-meta=\"{&quot;aperture&quot;:&quot;0&quot;,&quot;credit&quot;:&quot;&quot;,&quot;camera&quot;:&quot;&quot;,&quot;caption&quot;:&quot;&quot;,&quot;created_timestamp&quot;:&quot;0&quot;,&quot;copyright&quot;:&quot;&quot;,&quot;focal_length&quot;:&quot;0&quot;,&quot;iso&quot;:&quot;0&quot;,&quot;shutter_speed&quot;:&quot;0&quot;,&quot;title&quot;:&quot;&quot;,&quot;orientation&quot;:&quot;0&quot;}\" data-image-title=\"Fasching-2015 (119)\" data-image-description=\"\" data-medium-file=\"http:\/\/www.kjv-harheim.de\/wp-content\/uploads\/2016\/07\/Fasching-2015-119-300x200.jpg\" data-large-file=\"http:\/\/www.kjv-harheim.de\/wp-content\/uploads\/2016\/07\/Fasching-2015-119-1024x682.jpg\" src=\"https:\/\/i0.wp.com\/www.kjv-harheim.de\/wp-content\/uploads\/2016\/07\/Fasching-2015-119.jpg?w=777&#038;h=517\" width=\"777\" height=\"517\" data-original-width=\"777\" data-original-height=\"517\" itemprop=\"http:\/\/schema.org\/image\" title=\"Fasching-2015 (119)\" alt=\"Fasching-2015 (119)\" style=\"width: 777px; height: 517px;\" \/> <\/a> <\/div> <\/div> <!-- close group --> <\/div> <!-- close row --> <div class=\"gallery-row\" style=\"width: 1170px; height: 391px;\" data-original-width=\"1170\" data-original-height=\"391\" > <div class=\"gallery-group images-1\" style=\"width: 585px; height: 391px;\" data-original-width=\"585\" data-original-height=\"391\" > <div class=\"tiled-gallery-item tiled-gallery-item-large\" itemprop=\"associatedMedia\" itemscope itemtype=\"http:\/\/schema.org\/ImageObject\"> <a href=\"http:\/\/www.kjv-harheim.de\/index.php\/2016\/07\/14\/bilder-fastnacht-2015\/fasching-2015-120\/\" border=\"0\" itemprop=\"url\"> <meta itemprop=\"width\" content=\"581\"> <meta itemprop=\"height\" content=\"387\"> <img data-attachment-id=\"4548\" data-orig-file=\"http:\/\/www.kjv-harheim.de\/wp-content\/uploads\/2016\/07\/Fasching-2015-120.jpg\" data-orig-size=\"1024,682\" data-comments-opened=\"\" data-image-meta=\"{&quot;aperture&quot;:&quot;0&quot;,&quot;credit&quot;:&quot;&quot;,&quot;camera&quot;:&quot;&quot;,&quot;caption&quot;:&quot;&quot;,&quot;created_timestamp&quot;:&quot;0&quot;,&quot;copyright&quot;:&quot;&quot;,&quot;focal_length&quot;:&quot;0&quot;,&quot;iso&quot;:&quot;0&quot;,&quot;shutter_speed&quot;:&quot;0&quot;,&quot;title&quot;:&quot;&quot;,&quot;orientation&quot;:&quot;0&quot;}\" data-image-title=\"Fasching-2015 (120)\" data-image-description=\"\" data-medium-file=\"http:\/\/www.kjv-harheim.de\/wp-content\/uploads\/2016\/07\/Fasching-2015-120-300x200.jpg\" data-large-file=\"http:\/\/www.kjv-harheim.de\/wp-content\/uploads\/2016\/07\/Fasching-2015-120-1024x682.jpg\" src=\"https:\/\/i0.wp.com\/www.kjv-harheim.de\/wp-content\/uploads\/2016\/07\/Fasching-2015-120.jpg?w=581&#038;h=387\" width=\"581\" height=\"387\" data-original-width=\"581\" data-original-height=\"387\" itemprop=\"http:\/\/schema.org\/image\" title=\"Fasching-2015 (120)\" alt=\"Fasching-2015 (120)\" style=\"width: 581px; height: 387px;\" \/> <\/a> <\/div> <\/div> <!-- close group --> <div class=\"gallery-group images-1\" style=\"width: 585px; height: 391px;\" data-original-width=\"585\" data-original-height=\"391\" > <div class=\"tiled-gallery-item tiled-gallery-item-large\" itemprop=\"associatedMedia\" itemscope itemtype=\"http:\/\/schema.org\/ImageObject\"> <a href=\"http:\/\/www.kjv-harheim.de\/index.php\/2016\/07\/14\/bilder-fastnacht-2015\/fasching-2015-121\/\" border=\"0\" itemprop=\"url\"> <meta itemprop=\"width\" content=\"581\"> <meta itemprop=\"height\" content=\"387\"> <img data-attachment-id=\"4549\" data-orig-file=\"http:\/\/www.kjv-harheim.de\/wp-content\/uploads\/2016\/07\/Fasching-2015-121.jpg\" data-orig-size=\"1024,682\" data-comments-opened=\"\" data-image-meta=\"{&quot;aperture&quot;:&quot;0&quot;,&quot;credit&quot;:&quot;&quot;,&quot;camera&quot;:&quot;&quot;,&quot;caption&quot;:&quot;&quot;,&quot;created_timestamp&quot;:&quot;0&quot;,&quot;copyright&quot;:&quot;&quot;,&quot;focal_length&quot;:&quot;0&quot;,&quot;iso&quot;:&quot;0&quot;,&quot;shutter_speed&quot;:&quot;0&quot;,&quot;title&quot;:&quot;&quot;,&quot;orientation&quot;:&quot;0&quot;}\" data-image-title=\"Fasching-2015 (121)\" data-image-description=\"\" data-medium-file=\"http:\/\/www.kjv-harheim.de\/wp-content\/uploads\/2016\/07\/Fasching-2015-121-300x200.jpg\" data-large-file=\"http:\/\/www.kjv-harheim.de\/wp-content\/uploads\/2016\/07\/Fasching-2015-121-1024x682.jpg\" src=\"https:\/\/i0.wp.com\/www.kjv-harheim.de\/wp-content\/uploads\/2016\/07\/Fasching-2015-121.jpg?w=581&#038;h=387\" width=\"581\" height=\"387\" data-original-width=\"581\" data-original-height=\"387\" itemprop=\"http:\/\/schema.org\/image\" title=\"Fasching-2015 (121)\" alt=\"Fasching-2015 (121)\" style=\"width: 581px; height: 387px;\" \/> <\/a> <\/div> <\/div> <!-- close group --> <\/div> <!-- close row --> <div class=\"gallery-row\" style=\"width: 1170px; height: 521px;\" data-original-width=\"1170\" data-original-height=\"521\" > <div class=\"gallery-group images-1\" style=\"width: 781px; height: 521px;\" data-original-width=\"781\" data-original-height=\"521\" > <div class=\"tiled-gallery-item tiled-gallery-item-large\" itemprop=\"associatedMedia\" itemscope itemtype=\"http:\/\/schema.org\/ImageObject\"> <a href=\"http:\/\/www.kjv-harheim.de\/index.php\/2016\/07\/14\/bilder-fastnacht-2015\/fasching-2015-122\/\" border=\"0\" itemprop=\"url\"> <meta itemprop=\"width\" content=\"777\"> <meta itemprop=\"height\" content=\"517\"> <img data-attachment-id=\"4550\" data-orig-file=\"http:\/\/www.kjv-harheim.de\/wp-content\/uploads\/2016\/07\/Fasching-2015-122.jpg\" data-orig-size=\"1024,682\" data-comments-opened=\"\" data-image-meta=\"{&quot;aperture&quot;:&quot;0&quot;,&quot;credit&quot;:&quot;&quot;,&quot;camera&quot;:&quot;&quot;,&quot;caption&quot;:&quot;&quot;,&quot;created_timestamp&quot;:&quot;0&quot;,&quot;copyright&quot;:&quot;&quot;,&quot;focal_length&quot;:&quot;0&quot;,&quot;iso&quot;:&quot;0&quot;,&quot;shutter_speed&quot;:&quot;0&quot;,&quot;title&quot;:&quot;&quot;,&quot;orientation&quot;:&quot;0&quot;}\" data-image-title=\"Fasching-2015 (122)\" data-image-description=\"\" data-medium-file=\"http:\/\/www.kjv-harheim.de\/wp-content\/uploads\/2016\/07\/Fasching-2015-122-300x200.jpg\" data-large-file=\"http:\/\/www.kjv-harheim.de\/wp-content\/uploads\/2016\/07\/Fasching-2015-122-1024x682.jpg\" src=\"https:\/\/i0.wp.com\/www.kjv-harheim.de\/wp-content\/uploads\/2016\/07\/Fasching-2015-122.jpg?w=777&#038;h=517\" width=\"777\" height=\"517\" data-original-width=\"777\" data-original-height=\"517\" itemprop=\"http:\/\/schema.org\/image\" title=\"Fasching-2015 (122)\" alt=\"Fasching-2015 (122)\" style=\"width: 777px; height: 517px;\" \/> <\/a> <\/div> <\/div> <!-- close group --> <div class=\"gallery-group images-2\" style=\"width: 389px; height: 521px;\" data-original-width=\"389\" data-original-height=\"521\" > <div class=\"tiled-gallery-item tiled-gallery-item-large\" itemprop=\"associatedMedia\" itemscope itemtype=\"http:\/\/schema.org\/ImageObject\"> <a href=\"http:\/\/www.kjv-harheim.de\/index.php\/2016\/07\/14\/bilder-fastnacht-2015\/fasching-2015-123\/\" border=\"0\" itemprop=\"url\"> <meta itemprop=\"width\" content=\"385\"> <meta itemprop=\"height\" content=\"256\"> <img data-attachment-id=\"4551\" data-orig-file=\"http:\/\/www.kjv-harheim.de\/wp-content\/uploads\/2016\/07\/Fasching-2015-123.jpg\" data-orig-size=\"1024,682\" data-comments-opened=\"\" data-image-meta=\"{&quot;aperture&quot;:&quot;0&quot;,&quot;credit&quot;:&quot;&quot;,&quot;camera&quot;:&quot;&quot;,&quot;caption&quot;:&quot;&quot;,&quot;created_timestamp&quot;:&quot;0&quot;,&quot;copyright&quot;:&quot;&quot;,&quot;focal_length&quot;:&quot;0&quot;,&quot;iso&quot;:&quot;0&quot;,&quot;shutter_speed&quot;:&quot;0&quot;,&quot;title&quot;:&quot;&quot;,&quot;orientation&quot;:&quot;0&quot;}\" data-image-title=\"Fasching-2015 (123)\" data-image-description=\"\" data-medium-file=\"http:\/\/www.kjv-harheim.de\/wp-content\/uploads\/2016\/07\/Fasching-2015-123-300x200.jpg\" data-large-file=\"http:\/\/www.kjv-harheim.de\/wp-content\/uploads\/2016\/07\/Fasching-2015-123-1024x682.jpg\" src=\"https:\/\/i0.wp.com\/www.kjv-harheim.de\/wp-content\/uploads\/2016\/07\/Fasching-2015-123.jpg?w=385&#038;h=256\" width=\"385\" height=\"256\" data-original-width=\"385\" data-original-height=\"256\" itemprop=\"http:\/\/schema.org\/image\" title=\"Fasching-2015 (123)\" alt=\"Fasching-2015 (123)\" style=\"width: 385px; height: 256px;\" \/> <\/a> <\/div> <div class=\"tiled-gallery-item tiled-gallery-item-large\" itemprop=\"associatedMedia\" itemscope itemtype=\"http:\/\/schema.org\/ImageObject\"> <a href=\"http:\/\/www.kjv-harheim.de\/index.php\/2016\/07\/14\/bilder-fastnacht-2015\/fasching-2015-124\/\" border=\"0\" itemprop=\"url\"> <meta itemprop=\"width\" content=\"385\"> <meta itemprop=\"height\" content=\"257\"> <img data-attachment-id=\"4552\" data-orig-file=\"http:\/\/www.kjv-harheim.de\/wp-content\/uploads\/2016\/07\/Fasching-2015-124.jpg\" data-orig-size=\"1024,682\" data-comments-opened=\"\" data-image-meta=\"{&quot;aperture&quot;:&quot;0&quot;,&quot;credit&quot;:&quot;&quot;,&quot;camera&quot;:&quot;&quot;,&quot;caption&quot;:&quot;&quot;,&quot;created_timestamp&quot;:&quot;0&quot;,&quot;copyright&quot;:&quot;&quot;,&quot;focal_length&quot;:&quot;0&quot;,&quot;iso&quot;:&quot;0&quot;,&quot;shutter_speed&quot;:&quot;0&quot;,&quot;title&quot;:&quot;&quot;,&quot;orientation&quot;:&quot;0&quot;}\" data-image-title=\"Fasching-2015 (124)\" data-image-description=\"\" data-medium-file=\"http:\/\/www.kjv-harheim.de\/wp-content\/uploads\/2016\/07\/Fasching-2015-124-300x200.jpg\" data-large-file=\"http:\/\/www.kjv-harheim.de\/wp-content\/uploads\/2016\/07\/Fasching-2015-124-1024x682.jpg\" src=\"https:\/\/i0.wp.com\/www.kjv-harheim.de\/wp-content\/uploads\/2016\/07\/Fasching-2015-124.jpg?w=385&#038;h=257\" width=\"385\" height=\"257\" data-original-width=\"385\" data-original-height=\"257\" itemprop=\"http:\/\/schema.org\/image\" title=\"Fasching-2015 (124)\" alt=\"Fasching-2015 (124)\" style=\"width: 385px; height: 257px;\" \/> <\/a> <\/div> <\/div> <!-- close group --> <\/div> <!-- close row --> <div class=\"gallery-row\" style=\"width: 1170px; height: 261px;\" data-original-width=\"1170\" data-original-height=\"261\" > <div class=\"gallery-group images-1\" style=\"width: 390px; height: 261px;\" data-original-width=\"390\" data-original-height=\"261\" > <div class=\"tiled-gallery-item tiled-gallery-item-large\" itemprop=\"associatedMedia\" itemscope itemtype=\"http:\/\/schema.org\/ImageObject\"> <a href=\"http:\/\/www.kjv-harheim.de\/index.php\/2016\/07\/14\/bilder-fastnacht-2015\/fasching-2015-125\/\" border=\"0\" itemprop=\"url\"> <meta itemprop=\"width\" content=\"386\"> <meta itemprop=\"height\" content=\"257\"> <img data-attachment-id=\"4553\" data-orig-file=\"http:\/\/www.kjv-harheim.de\/wp-content\/uploads\/2016\/07\/Fasching-2015-125.jpg\" data-orig-size=\"1024,682\" data-comments-opened=\"\" data-image-meta=\"{&quot;aperture&quot;:&quot;0&quot;,&quot;credit&quot;:&quot;&quot;,&quot;camera&quot;:&quot;&quot;,&quot;caption&quot;:&quot;&quot;,&quot;created_timestamp&quot;:&quot;0&quot;,&quot;copyright&quot;:&quot;&quot;,&quot;focal_length&quot;:&quot;0&quot;,&quot;iso&quot;:&quot;0&quot;,&quot;shutter_speed&quot;:&quot;0&quot;,&quot;title&quot;:&quot;&quot;,&quot;orientation&quot;:&quot;0&quot;}\" data-image-title=\"Fasching-2015 (125)\" data-image-description=\"\" data-medium-file=\"http:\/\/www.kjv-harheim.de\/wp-content\/uploads\/2016\/07\/Fasching-2015-125-300x200.jpg\" data-large-file=\"http:\/\/www.kjv-harheim.de\/wp-content\/uploads\/2016\/07\/Fasching-2015-125-1024x682.jpg\" src=\"https:\/\/i0.wp.com\/www.kjv-harheim.de\/wp-content\/uploads\/2016\/07\/Fasching-2015-125.jpg?w=386&#038;h=257\" width=\"386\" height=\"257\" data-original-width=\"386\" data-original-height=\"257\" itemprop=\"http:\/\/schema.org\/image\" title=\"Fasching-2015 (125)\" alt=\"Fasching-2015 (125)\" style=\"width: 386px; height: 257px;\" \/> <\/a> <\/div> <\/div> <!-- close group --> <div class=\"gallery-group images-1\" style=\"width: 390px; height: 261px;\" data-original-width=\"390\" data-original-height=\"261\" > <div class=\"tiled-gallery-item tiled-gallery-item-large\" itemprop=\"associatedMedia\" itemscope itemtype=\"http:\/\/schema.org\/ImageObject\"> <a href=\"http:\/\/www.kjv-harheim.de\/index.php\/2016\/07\/14\/bilder-fastnacht-2015\/fasching-2015-126\/\" border=\"0\" itemprop=\"url\"> <meta itemprop=\"width\" content=\"386\"> <meta itemprop=\"height\" content=\"257\"> <img data-attachment-id=\"4554\" data-orig-file=\"http:\/\/www.kjv-harheim.de\/wp-content\/uploads\/2016\/07\/Fasching-2015-126.jpg\" data-orig-size=\"1024,682\" data-comments-opened=\"\" data-image-meta=\"{&quot;aperture&quot;:&quot;0&quot;,&quot;credit&quot;:&quot;&quot;,&quot;camera&quot;:&quot;&quot;,&quot;caption&quot;:&quot;&quot;,&quot;created_timestamp&quot;:&quot;0&quot;,&quot;copyright&quot;:&quot;&quot;,&quot;focal_length&quot;:&quot;0&quot;,&quot;iso&quot;:&quot;0&quot;,&quot;shutter_speed&quot;:&quot;0&quot;,&quot;title&quot;:&quot;&quot;,&quot;orientation&quot;:&quot;0&quot;}\" data-image-title=\"Fasching-2015 (126)\" data-image-description=\"\" data-medium-file=\"http:\/\/www.kjv-harheim.de\/wp-content\/uploads\/2016\/07\/Fasching-2015-126-300x200.jpg\" data-large-file=\"http:\/\/www.kjv-harheim.de\/wp-content\/uploads\/2016\/07\/Fasching-2015-126-1024x682.jpg\" src=\"https:\/\/i0.wp.com\/www.kjv-harheim.de\/wp-content\/uploads\/2016\/07\/Fasching-2015-126.jpg?w=386&#038;h=257\" width=\"386\" height=\"257\" data-original-width=\"386\" data-original-height=\"257\" itemprop=\"http:\/\/schema.org\/image\" title=\"Fasching-2015 (126)\" alt=\"Fasching-2015 (126)\" style=\"width: 386px; height: 257px;\" \/> <\/a> <\/div> <\/div> <!-- close group --> <div class=\"gallery-group images-1\" style=\"width: 390px; height: 261px;\" data-original-width=\"390\" data-original-height=\"261\" > <div class=\"tiled-gallery-item tiled-gallery-item-large\" itemprop=\"associatedMedia\" itemscope itemtype=\"http:\/\/schema.org\/ImageObject\"> <a href=\"http:\/\/www.kjv-harheim.de\/index.php\/2016\/07\/14\/bilder-fastnacht-2015\/fasching-2015-127\/\" border=\"0\" itemprop=\"url\"> <meta itemprop=\"width\" content=\"386\"> <meta itemprop=\"height\" content=\"257\"> <img data-attachment-id=\"4555\" data-orig-file=\"http:\/\/www.kjv-harheim.de\/wp-content\/uploads\/2016\/07\/Fasching-2015-127.jpg\" data-orig-size=\"1024,682\" data-comments-opened=\"\" data-image-meta=\"{&quot;aperture&quot;:&quot;0&quot;,&quot;credit&quot;:&quot;&quot;,&quot;camera&quot;:&quot;&quot;,&quot;caption&quot;:&quot;&quot;,&quot;created_timestamp&quot;:&quot;0&quot;,&quot;copyright&quot;:&quot;&quot;,&quot;focal_length&quot;:&quot;0&quot;,&quot;iso&quot;:&quot;0&quot;,&quot;shutter_speed&quot;:&quot;0&quot;,&quot;title&quot;:&quot;&quot;,&quot;orientation&quot;:&quot;0&quot;}\" data-image-title=\"Fasching-2015 (127)\" data-image-description=\"\" data-medium-file=\"http:\/\/www.kjv-harheim.de\/wp-content\/uploads\/2016\/07\/Fasching-2015-127-300x200.jpg\" data-large-file=\"http:\/\/www.kjv-harheim.de\/wp-content\/uploads\/2016\/07\/Fasching-2015-127-1024x682.jpg\" src=\"https:\/\/i0.wp.com\/www.kjv-harheim.de\/wp-content\/uploads\/2016\/07\/Fasching-2015-127.jpg?w=386&#038;h=257\" width=\"386\" height=\"257\" data-original-width=\"386\" data-original-height=\"257\" itemprop=\"http:\/\/schema.org\/image\" title=\"Fasching-2015 (127)\" alt=\"Fasching-2015 (127)\" style=\"width: 386px; height: 257px;\" \/> <\/a> <\/div> <\/div> <!-- close group --> <\/div> <!-- close row --> <\/div>\n","protected":false},"excerpt":{"rendered":"","protected":false},"author":1,"featured_media":4503,"comment_status":"closed","ping_status":"open","sticky":false,"template":"","format":"gallery","meta":{"jetpack_post_was_ever_published":false,"jetpack_publicize_message":"","jetpack_is_tweetstorm":false,"jetpack_publicize_feature_enabled":true,"jetpack_social_post_already_shared":true,"jetpack_social_options":{"image_generator_settings":{"template":"highway","enabled":false}}},"categories":[47],"tags":[63,60,79],"jetpack_publicize_connections":[],"jetpack_featured_media_url":"http:\/\/www.kjv-harheim.de\/wp-content\/uploads\/2016\/07\/Fasching-2015-75.jpg","jetpack_sharing_enabled":true,"jetpack_shortlink":"https:\/\/wp.me\/p7HeFu-19q","jetpack-related-posts":[{"id":6364,"url":"http:\/\/www.kjv-harheim.de\/index.php\/2020\/02\/26\/fastnacht-bilder-2020\/","url_meta":{"origin":4428,"position":0},"title":"Fastnacht Bilder 2020","date":"26. Februar 2020","format":"gallery","excerpt":"","rel":"","context":"In &quot;+++ NEWS +++&quot;","img":{"alt_text":"","src":"https:\/\/i0.wp.com\/www.kjv-harheim.de\/wp-content\/uploads\/2020\/02\/IMG_6984-scaled.jpg?resize=350%2C200","width":350,"height":200},"classes":[]},{"id":3937,"url":"http:\/\/www.kjv-harheim.de\/index.php\/2016\/07\/05\/bilder-fastnacht-2016\/","url_meta":{"origin":4428,"position":1},"title":"Bilder Fastnacht 2016","date":"5. Juli 2016","format":"gallery","excerpt":"","rel":"","context":"In &quot;Bildergalerie&quot;","img":{"alt_text":"","src":"https:\/\/i0.wp.com\/www.kjv-harheim.de\/wp-content\/uploads\/2016\/07\/bilderhaufen.png?resize=350%2C200","width":350,"height":200},"classes":[]},{"id":6025,"url":"http:\/\/www.kjv-harheim.de\/index.php\/2019\/03\/09\/fastnacht-2019-bilder\/","url_meta":{"origin":4428,"position":2},"title":"Fastnacht 2019 Bilder","date":"9. M\u00e4rz 2019","format":"gallery","excerpt":"","rel":"","context":"In &quot;+++ NEWS +++&quot;","img":{"alt_text":"","src":"https:\/\/i0.wp.com\/www.kjv-harheim.de\/wp-content\/uploads\/2019\/03\/Aufbau-1.jpg?resize=350%2C200","width":350,"height":200},"classes":[]},{"id":5229,"url":"http:\/\/www.kjv-harheim.de\/index.php\/2017\/03\/01\/bilder-fastnacht-2017\/","url_meta":{"origin":4428,"position":3},"title":"Bilder Fastnacht 2017","date":"1. M\u00e4rz 2017","format":"gallery","excerpt":"Bilder k\u00f6nnen nur zum Teil die tolle Stimmung in den n\u00e4rrischen Tagen wiedergeben. Aber als sch\u00f6ne Erinnerung m\u00f6chten wir hier dennoch eine kleine Auswahl anbieten. Ein besonderen Dank geht an Daniel Gaulrapp und nat\u00fcrlich auch die anderen flei\u00dfigen\u00a0Fotografen, die uns immer mit tollen Fotos versorgen.","rel":"","context":"In &quot;Bildergalerie&quot;","img":{"alt_text":"","src":"https:\/\/i0.wp.com\/www.kjv-harheim.de\/wp-content\/uploads\/2017\/03\/K1600_Weiberfasching-20.jpg?resize=350%2C200","width":350,"height":200},"classes":[]},{"id":8284,"url":"http:\/\/www.kjv-harheim.de\/index.php\/2025\/03\/31\/so-bunt-feiert-harheim-fastnacht\/","url_meta":{"origin":4428,"position":4},"title":"So bunt feiert Harheim Fastnacht!","date":"31. M\u00e4rz 2025","format":false,"excerpt":"","rel":"","context":"In &quot;Bildergalerie&quot;","img":{"alt_text":"","src":"https:\/\/i0.wp.com\/www.kjv-harheim.de\/wp-content\/uploads\/2025\/03\/IMG_3370-scaled.jpg?resize=350%2C200","width":350,"height":200},"classes":[]},{"id":5631,"url":"http:\/\/www.kjv-harheim.de\/index.php\/2018\/02\/17\/bilder-fasching-2018\/","url_meta":{"origin":4428,"position":5},"title":"Bilder Fastnacht 2018","date":"17. Februar 2018","format":"gallery","excerpt":"Hier nun wieder eine Bilderauswahl der diesj\u00e4hrigen Faschingssaison. Einen herzlichen Dank auch an Daniel G. f\u00fcr die Bereitstellung seiner tollen Fotos.","rel":"","context":"In &quot;Bildergalerie&quot;","img":{"alt_text":"","src":"https:\/\/i0.wp.com\/www.kjv-harheim.de\/wp-content\/uploads\/2018\/02\/Fasching-2018-1.jpg?resize=350%2C200","width":350,"height":200},"classes":[]}],"_links":{"self":[{"href":"http:\/\/www.kjv-harheim.de\/index.php\/wp-json\/wp\/v2\/posts\/4428"}],"collection":[{"href":"http:\/\/www.kjv-harheim.de\/index.php\/wp-json\/wp\/v2\/posts"}],"about":[{"href":"http:\/\/www.kjv-harheim.de\/index.php\/wp-json\/wp\/v2\/types\/post"}],"author":[{"embeddable":true,"href":"http:\/\/www.kjv-harheim.de\/index.php\/wp-json\/wp\/v2\/users\/1"}],"replies":[{"embeddable":true,"href":"http:\/\/www.kjv-harheim.de\/index.php\/wp-json\/wp\/v2\/comments?post=4428"}],"version-history":[{"count":2,"href":"http:\/\/www.kjv-harheim.de\/index.php\/wp-json\/wp\/v2\/posts\/4428\/revisions"}],"predecessor-version":[{"id":7224,"href":"http:\/\/www.kjv-harheim.de\/index.php\/wp-json\/wp\/v2\/posts\/4428\/revisions\/7224"}],"wp:featuredmedia":[{"embeddable":true,"href":"http:\/\/www.kjv-harheim.de\/index.php\/wp-json\/wp\/v2\/media\/4503"}],"wp:attachment":[{"href":"http:\/\/www.kjv-harheim.de\/index.php\/wp-json\/wp\/v2\/media?parent=4428"}],"wp:term":[{"taxonomy":"category","embeddable":true,"href":"http:\/\/www.kjv-harheim.de\/index.php\/wp-json\/wp\/v2\/categories?post=4428"},{"taxonomy":"post_tag","embeddable":true,"href":"http:\/\/www.kjv-harheim.de\/index.php\/wp-json\/wp\/v2\/tags?post=4428"}],"curies":[{"name":"wp","href":"https:\/\/api.w.org\/{rel}","templated":true}]}}