{"id":5433,"date":"2017-06-13T07:01:08","date_gmt":"2017-06-13T05:01:08","guid":{"rendered":"http:\/\/www.kjv-harheim.de\/?p=5433"},"modified":"2017-06-13T07:09:17","modified_gmt":"2017-06-13T05:09:17","slug":"besichtigung-der-maria-mutter-gottes-kirche-in-bad-vilbel-massenheim-am-11-06-2017-bericht-und-informationen","status":"publish","type":"post","link":"http:\/\/www.kjv-harheim.de\/index.php\/2017\/06\/13\/besichtigung-der-maria-mutter-gottes-kirche-in-bad-vilbel-massenheim-am-11-06-2017-bericht-und-informationen\/","title":{"rendered":"Besichtigung der Maria-Mutter-Gottes-Kirche in Bad Vilbel Massenheim am 11.06.2017 &#8211; Bericht und Informationen"},"content":{"rendered":"<p>Am vergangenen Sonntag war es nun also soweit: Kirchgang und Kirchenbesichtigung der neu erbauten syrisch-orthodoxen Maria-Mutter-Gottes-Kirche in Bad Vilbel Massenheim standen auf dem Plan. Die Kurzversion lautet uneingeschr\u00e4nkt: was war das sch\u00f6n! Wir wurden mit so viel Wissenswertem und mit einer unglaublichen Gastfreundschaft empfangen. Es war einfach toll!<\/p>\n<p>F\u00fcr alle, die nun sagen &#8222;ja, gut, aber gehts vielleicht auch etwas ausf\u00fchrlicher?&#8220; &#8211; denen seien der beiliegende <a href=\"http:\/\/www.kjv-harheim.de\/wp-content\/uploads\/2017\/06\/Besichtigungsbericht.pdf\">Erfahrungsbericht<\/a> incl. einiger Fotos und die zahlreichen Informationsbrosch\u00fcren \u00fcber die <a href=\"http:\/\/www.kjv-harheim.de\/wp-content\/uploads\/2017\/06\/Flyer_zur_syr_orth_Kirche.pdf\">syr.-orth. Kirche im Allgemeinen<\/a>, die Vilbeler <a href=\"http:\/\/www.kjv-harheim.de\/wp-content\/uploads\/2017\/06\/Info_Gemeinde_stellt_sich_vor.pdf\">Gemeinde<\/a>, den <a href=\"http:\/\/www.kjv-harheim.de\/wp-content\/uploads\/2017\/06\/Info_wir_bauen_eine_Kirche.pdf\">Kirchenneubau<\/a> und \u00fcber die <a href=\"http:\/\/www.kjv-harheim.de\/wp-content\/uploads\/2017\/06\/Info_Messdiener.pdf\">Messdiener und Messdienerinnen<\/a> in der syr.-orth. Kirche ans Herz gelegt, die ich als PDF&#8217;s beigepackt habe. :o)<\/p>\n<p>Viel Spa\u00df beim Schm\u00f6kern!<\/p>\n<p>&nbsp;<\/p>\n","protected":false},"excerpt":{"rendered":"<p>Am vergangenen Sonntag war es nun also soweit: Kirchgang und Kirchenbesichtigung der neu erbauten syrisch-orthodoxen Maria-Mutter-Gottes-Kirche in Bad Vilbel Massenheim standen auf dem Plan. Die Kurzversion lautet uneingeschr\u00e4nkt: was war das sch\u00f6n! Wir wurden mit so viel Wissenswertem und mit einer unglaublichen Gastfreundschaft empfangen. Es war einfach toll! F\u00fcr alle, die nun sagen &#8222;ja, gut, [&hellip;]<\/p>\n","protected":false},"author":2,"featured_media":0,"comment_status":"closed","ping_status":"open","sticky":false,"template":"","format":"standard","meta":{"jetpack_post_was_ever_published":false,"jetpack_publicize_message":"","jetpack_is_tweetstorm":false,"jetpack_publicize_feature_enabled":true,"jetpack_social_post_already_shared":true,"jetpack_social_options":{"image_generator_settings":{"template":"highway","enabled":false}}},"categories":[1],"tags":[],"jetpack_publicize_connections":[],"jetpack_featured_media_url":"","jetpack_sharing_enabled":true,"jetpack_shortlink":"https:\/\/wp.me\/p7HeFu-1pD","jetpack-related-posts":[{"id":5423,"url":"http:\/\/www.kjv-harheim.de\/index.php\/2017\/05\/16\/besichtigungsmoeglichkeit-der-syrisch-orthodoxen-kirche-in-bad-vilbel-am-11-06-2017-interesse\/","url_meta":{"origin":5433,"position":0},"title":"Besichtigung der syrisch-orthodoxen Kirche in Bad Vilbel am 11.06. &#8211; Interesse?","date":"16. Mai 2017","format":false,"excerpt":"Liebe Mitglieder, k\u00fcrzlich wurde in Bad Vilbel Massenheim die syrisch-orthodoxe Maria Mutter Gottes Kirche feierlich geweiht. Es kam die Idee auf, die Kirche zu besichtigen und bei der dortigen Kirchengemeinde nach einer F\u00fchrung zu fragen. Ergebnis: wir haben einen exklusiven Besichtigungstermin am Sonntag, den 11. Juni 2017 um 11:45 Uhr\u2026","rel":"","context":"In &quot;+++ NEWS +++&quot;","img":{"alt_text":"","src":"","width":0,"height":0},"classes":[]},{"id":3702,"url":"http:\/\/www.kjv-harheim.de\/index.php\/2010\/07\/05\/rom-2010\/","url_meta":{"origin":5433,"position":1},"title":"Rom 2010","date":"5. Juli 2010","format":false,"excerpt":"Unsere Fahrt nach Rom 09.-13.10.2010 Samstag Ein Blick in den Kalender verr\u00e4t: 09. Oktober 2010, 3 Uhr in der Fr\u00fch, der Wecker klingelt - na bravo. Heute hei\u00dft es f\u00fcr alle Romreisenden \u201efr\u00fch aufstehen\", denn um 5 Uhr f\u00e4hrt der Bus zum Frankfurter Flughafen in Harheim ab. Als Gruppe bekommen\u2026","rel":"","context":"In &quot;Ausfl\u00fcge&quot;","img":{"alt_text":"","src":"https:\/\/i0.wp.com\/www.kjv-harheim.de\/wp-content\/uploads\/2010\/07\/Rom-2010-53.jpg?resize=350%2C200","width":350,"height":200},"classes":[]},{"id":3686,"url":"http:\/\/www.kjv-harheim.de\/index.php\/2013\/07\/05\/einmal-bad-hersfeld-und-zurueck\/","url_meta":{"origin":5433,"position":2},"title":"Einmal Bad Hersfeld und zur\u00fcck","date":"5. Juli 2013","format":false,"excerpt":"Auch in diesem Jahr organisierte Der KJV-Musikzug wieder einen Wochenendausflug. Diesmal war das Ziel Bad Hersfeld. Los ging es am Freitagnachmittag an der Bleiche. Die ca. 32 Teilnehmer standen p\u00fcnktlich um 15:00 Uhr mit mehr oder weniger \"handlichem\" Gep\u00e4ck zur Abfahrt bereit. Schnell waren Gep\u00e4ck, Instrumente Kids und Fahrer auf\u2026","rel":"","context":"In &quot;Ausfl\u00fcge&quot;","img":{"alt_text":"","src":"","width":0,"height":0},"classes":[]},{"id":123,"url":"http:\/\/www.kjv-harheim.de\/index.php\/2010\/04\/20\/gedanken-zur-100-jahr-feier\/","url_meta":{"origin":5433,"position":3},"title":"Gedanken zur 100 Jahre Feier","date":"20. April 2010","format":false,"excerpt":"Einf\u00fchrung 3 K\u00f6nige, 100 Jahre KJV Liebe Schwestern und Br\u00fcder, liebe Kinder, Erscheinung des Herrn, Hl. 3 K\u00f6nige, Weise aus dem Morgenland, wie wir dieses Fest auch nennen. 3 Menschen sind aufgebrochen, haben Sturm, Sonnenschein, K\u00e4lte und Hitze erduldet, um nach dem neugeborenen K\u00f6nig zu suchen. Nichts hat sie aufgehalten,\u2026","rel":"","context":"In &quot;Feste&quot;","img":{"alt_text":"","src":"","width":0,"height":0},"classes":[]},{"id":5823,"url":"http:\/\/www.kjv-harheim.de\/index.php\/2018\/04\/14\/tag-der-offenen-kirche-am-21-04-der-kjv-ist-dabei\/","url_meta":{"origin":5433,"position":4},"title":"Tag der offenen Kirche am 21.04. &#8211; der KJV ist dabei","date":"14. April 2018","format":false,"excerpt":"Am 21.04.2018 findet in Harheim ein Tag der offenen Kirche statt. Zahlreiche Veranstaltungen, Infost\u00e4nde, Events,... haben die Kath. Pfarrgemeinde und ihre angeschlossenen Gruppen auf die Beine gestellt. Auch der KJV ist dabei. Der Musikzug spielt zum Beispiel zur Er\u00f6ffnung dieses besonderen Tages um 11 Uhr. Um auf einen Blick den\u2026","rel":"","context":"In &quot;Allgemein&quot;","img":{"alt_text":"","src":"","width":0,"height":0},"classes":[]},{"id":5888,"url":"http:\/\/www.kjv-harheim.de\/index.php\/2018\/09\/03\/vereinsausflug-2018-was-war-das-schoen\/","url_meta":{"origin":5433,"position":5},"title":"Vereinsausflug 2018: was-war-das-sch\u00f6n!","date":"3. September 2018","format":false,"excerpt":"Erst haben wir Wochen und Monate auf den KJV Vereinsausflug hin gefiebert \u2013 und nun ist er schon wieder Geschichte. Am gestrigen Sonntag haben wir uns um 08:30 Uhr an der Bleiche in Harheim getroffen. \u00dcber 50 Teilnehmer tummelten sich im eigens angemieteten Reisebus und in einigen privaten Fahrzeugen, um\u2026","rel":"","context":"In &quot;Allgemein&quot;","img":{"alt_text":"","src":"","width":0,"height":0},"classes":[]}],"_links":{"self":[{"href":"http:\/\/www.kjv-harheim.de\/index.php\/wp-json\/wp\/v2\/posts\/5433"}],"collection":[{"href":"http:\/\/www.kjv-harheim.de\/index.php\/wp-json\/wp\/v2\/posts"}],"about":[{"href":"http:\/\/www.kjv-harheim.de\/index.php\/wp-json\/wp\/v2\/types\/post"}],"author":[{"embeddable":true,"href":"http:\/\/www.kjv-harheim.de\/index.php\/wp-json\/wp\/v2\/users\/2"}],"replies":[{"embeddable":true,"href":"http:\/\/www.kjv-harheim.de\/index.php\/wp-json\/wp\/v2\/comments?post=5433"}],"version-history":[{"count":2,"href":"http:\/\/www.kjv-harheim.de\/index.php\/wp-json\/wp\/v2\/posts\/5433\/revisions"}],"predecessor-version":[{"id":5435,"href":"http:\/\/www.kjv-harheim.de\/index.php\/wp-json\/wp\/v2\/posts\/5433\/revisions\/5435"}],"wp:attachment":[{"href":"http:\/\/www.kjv-harheim.de\/index.php\/wp-json\/wp\/v2\/media?parent=5433"}],"wp:term":[{"taxonomy":"category","embeddable":true,"href":"http:\/\/www.kjv-harheim.de\/index.php\/wp-json\/wp\/v2\/categories?post=5433"},{"taxonomy":"post_tag","embeddable":true,"href":"http:\/\/www.kjv-harheim.de\/index.php\/wp-json\/wp\/v2\/tags?post=5433"}],"curies":[{"name":"wp","href":"https:\/\/api.w.org\/{rel}","templated":true}]}}