{"id":5491,"date":"2017-11-02T21:30:05","date_gmt":"2017-11-02T20:30:05","guid":{"rendered":"http:\/\/www.kjv-harheim.de\/?p=5491"},"modified":"2017-11-06T19:36:19","modified_gmt":"2017-11-06T18:36:19","slug":"bilder-der-kjv-musikzug-in-altleiningen","status":"publish","type":"post","link":"http:\/\/www.kjv-harheim.de\/index.php\/2017\/11\/02\/bilder-der-kjv-musikzug-in-altleiningen\/","title":{"rendered":"Bilder &#8211; Der KJV Musikzug in Altleiningen"},"content":{"rendered":"<div class=\"tiled-gallery type-rectangular tiled-gallery-unresized\" data-original-width=\"1170\" data-carousel-extra='{&quot;blog_id&quot;:1,&quot;permalink&quot;:&quot;http:\\\/\\\/www.kjv-harheim.de\\\/index.php\\\/2017\\\/11\\\/02\\\/bilder-der-kjv-musikzug-in-altleiningen\\\/&quot;,&quot;likes_blog_id&quot;:113738844}' itemscope itemtype=\"http:\/\/schema.org\/ImageGallery\" > <div class=\"gallery-row\" style=\"width: 1170px; height: 980px;\" data-original-width=\"1170\" data-original-height=\"980\" > <div class=\"gallery-group images-3\" style=\"width: 434px; height: 980px;\" data-original-width=\"434\" data-original-height=\"980\" > <div class=\"tiled-gallery-item tiled-gallery-item-large\" itemprop=\"associatedMedia\" itemscope itemtype=\"http:\/\/schema.org\/ImageObject\"> <a href=\"http:\/\/www.kjv-harheim.de\/index.php\/2017\/11\/02\/bilder-der-kjv-musikzug-in-altleiningen\/20171027_200952\/\" border=\"0\" itemprop=\"url\"> <meta itemprop=\"width\" content=\"430\"> <meta itemprop=\"height\" content=\"322\"> <img data-attachment-id=\"5492\" data-orig-file=\"http:\/\/www.kjv-harheim.de\/wp-content\/uploads\/2017\/11\/20171027_200952.jpg\" data-orig-size=\"1024,768\" data-comments-opened=\"\" data-image-meta=\"{&quot;aperture&quot;:&quot;0&quot;,&quot;credit&quot;:&quot;&quot;,&quot;camera&quot;:&quot;&quot;,&quot;caption&quot;:&quot;&quot;,&quot;created_timestamp&quot;:&quot;0&quot;,&quot;copyright&quot;:&quot;&quot;,&quot;focal_length&quot;:&quot;0&quot;,&quot;iso&quot;:&quot;0&quot;,&quot;shutter_speed&quot;:&quot;0&quot;,&quot;title&quot;:&quot;&quot;,&quot;orientation&quot;:&quot;0&quot;}\" data-image-title=\"20171027_200952\" data-image-description=\"\" data-medium-file=\"http:\/\/www.kjv-harheim.de\/wp-content\/uploads\/2017\/11\/20171027_200952-300x225.jpg\" data-large-file=\"http:\/\/www.kjv-harheim.de\/wp-content\/uploads\/2017\/11\/20171027_200952-1024x768.jpg\" src=\"https:\/\/i0.wp.com\/www.kjv-harheim.de\/wp-content\/uploads\/2017\/11\/20171027_200952.jpg?w=430&#038;h=322\" width=\"430\" height=\"322\" data-original-width=\"430\" data-original-height=\"322\" itemprop=\"http:\/\/schema.org\/image\" title=\"20171027_200952\" alt=\"20171027_200952\" style=\"width: 430px; height: 322px;\" \/> <\/a> <\/div> <div class=\"tiled-gallery-item tiled-gallery-item-large\" itemprop=\"associatedMedia\" itemscope itemtype=\"http:\/\/schema.org\/ImageObject\"> <a href=\"http:\/\/www.kjv-harheim.de\/index.php\/2017\/11\/02\/bilder-der-kjv-musikzug-in-altleiningen\/20171027_201016\/\" border=\"0\" itemprop=\"url\"> <meta itemprop=\"width\" content=\"430\"> <meta itemprop=\"height\" content=\"323\"> <img data-attachment-id=\"5493\" data-orig-file=\"http:\/\/www.kjv-harheim.de\/wp-content\/uploads\/2017\/11\/20171027_201016.jpg\" data-orig-size=\"1024,768\" data-comments-opened=\"\" data-image-meta=\"{&quot;aperture&quot;:&quot;0&quot;,&quot;credit&quot;:&quot;&quot;,&quot;camera&quot;:&quot;&quot;,&quot;caption&quot;:&quot;&quot;,&quot;created_timestamp&quot;:&quot;0&quot;,&quot;copyright&quot;:&quot;&quot;,&quot;focal_length&quot;:&quot;0&quot;,&quot;iso&quot;:&quot;0&quot;,&quot;shutter_speed&quot;:&quot;0&quot;,&quot;title&quot;:&quot;&quot;,&quot;orientation&quot;:&quot;0&quot;}\" data-image-title=\"20171027_201016\" data-image-description=\"\" data-medium-file=\"http:\/\/www.kjv-harheim.de\/wp-content\/uploads\/2017\/11\/20171027_201016-300x225.jpg\" data-large-file=\"http:\/\/www.kjv-harheim.de\/wp-content\/uploads\/2017\/11\/20171027_201016-1024x768.jpg\" src=\"https:\/\/i0.wp.com\/www.kjv-harheim.de\/wp-content\/uploads\/2017\/11\/20171027_201016.jpg?w=430&#038;h=323\" width=\"430\" height=\"323\" data-original-width=\"430\" data-original-height=\"323\" itemprop=\"http:\/\/schema.org\/image\" title=\"20171027_201016\" alt=\"20171027_201016\" style=\"width: 430px; height: 323px;\" \/> <\/a> <\/div> <div class=\"tiled-gallery-item tiled-gallery-item-large\" itemprop=\"associatedMedia\" itemscope itemtype=\"http:\/\/schema.org\/ImageObject\"> <a href=\"http:\/\/www.kjv-harheim.de\/index.php\/2017\/11\/02\/bilder-der-kjv-musikzug-in-altleiningen\/20171027_201024\/\" border=\"0\" itemprop=\"url\"> <meta itemprop=\"width\" content=\"430\"> <meta itemprop=\"height\" content=\"323\"> <img data-attachment-id=\"5494\" data-orig-file=\"http:\/\/www.kjv-harheim.de\/wp-content\/uploads\/2017\/11\/20171027_201024.jpg\" data-orig-size=\"1024,768\" data-comments-opened=\"\" data-image-meta=\"{&quot;aperture&quot;:&quot;0&quot;,&quot;credit&quot;:&quot;&quot;,&quot;camera&quot;:&quot;&quot;,&quot;caption&quot;:&quot;&quot;,&quot;created_timestamp&quot;:&quot;0&quot;,&quot;copyright&quot;:&quot;&quot;,&quot;focal_length&quot;:&quot;0&quot;,&quot;iso&quot;:&quot;0&quot;,&quot;shutter_speed&quot;:&quot;0&quot;,&quot;title&quot;:&quot;&quot;,&quot;orientation&quot;:&quot;0&quot;}\" data-image-title=\"20171027_201024\" data-image-description=\"\" data-medium-file=\"http:\/\/www.kjv-harheim.de\/wp-content\/uploads\/2017\/11\/20171027_201024-300x225.jpg\" data-large-file=\"http:\/\/www.kjv-harheim.de\/wp-content\/uploads\/2017\/11\/20171027_201024-1024x768.jpg\" src=\"https:\/\/i0.wp.com\/www.kjv-harheim.de\/wp-content\/uploads\/2017\/11\/20171027_201024.jpg?w=430&#038;h=323\" width=\"430\" height=\"323\" data-original-width=\"430\" data-original-height=\"323\" itemprop=\"http:\/\/schema.org\/image\" title=\"20171027_201024\" alt=\"20171027_201024\" style=\"width: 430px; height: 323px;\" \/> <\/a> <\/div> <\/div> <!-- close group --> <div class=\"gallery-group images-1\" style=\"width: 736px; height: 980px;\" data-original-width=\"736\" data-original-height=\"980\" > <div class=\"tiled-gallery-item tiled-gallery-item-large\" itemprop=\"associatedMedia\" itemscope itemtype=\"http:\/\/schema.org\/ImageObject\"> <a href=\"http:\/\/www.kjv-harheim.de\/index.php\/2017\/11\/02\/bilder-der-kjv-musikzug-in-altleiningen\/20171028_080940\/\" border=\"0\" itemprop=\"url\"> <meta itemprop=\"width\" content=\"732\"> <meta itemprop=\"height\" content=\"976\"> <img data-attachment-id=\"5495\" data-orig-file=\"http:\/\/www.kjv-harheim.de\/wp-content\/uploads\/2017\/11\/20171028_080940.jpg\" data-orig-size=\"576,768\" data-comments-opened=\"\" data-image-meta=\"{&quot;aperture&quot;:&quot;0&quot;,&quot;credit&quot;:&quot;&quot;,&quot;camera&quot;:&quot;&quot;,&quot;caption&quot;:&quot;&quot;,&quot;created_timestamp&quot;:&quot;0&quot;,&quot;copyright&quot;:&quot;&quot;,&quot;focal_length&quot;:&quot;0&quot;,&quot;iso&quot;:&quot;0&quot;,&quot;shutter_speed&quot;:&quot;0&quot;,&quot;title&quot;:&quot;&quot;,&quot;orientation&quot;:&quot;0&quot;}\" data-image-title=\"20171028_080940\" data-image-description=\"\" data-medium-file=\"http:\/\/www.kjv-harheim.de\/wp-content\/uploads\/2017\/11\/20171028_080940-225x300.jpg\" data-large-file=\"http:\/\/www.kjv-harheim.de\/wp-content\/uploads\/2017\/11\/20171028_080940.jpg\" src=\"https:\/\/i0.wp.com\/www.kjv-harheim.de\/wp-content\/uploads\/2017\/11\/20171028_080940.jpg?w=732&#038;h=976\" width=\"732\" height=\"976\" data-original-width=\"732\" data-original-height=\"976\" itemprop=\"http:\/\/schema.org\/image\" title=\"20171028_080940\" alt=\"20171028_080940\" style=\"width: 732px; height: 976px;\" \/> <\/a> <\/div> <\/div> <!-- close group --> <\/div> <!-- close row --> <div class=\"gallery-row\" style=\"width: 1170px; height: 343px;\" data-original-width=\"1170\" data-original-height=\"343\" > <div class=\"gallery-group images-1\" style=\"width: 456px; height: 343px;\" data-original-width=\"456\" data-original-height=\"343\" > <div class=\"tiled-gallery-item tiled-gallery-item-large\" itemprop=\"associatedMedia\" itemscope itemtype=\"http:\/\/schema.org\/ImageObject\"> <a href=\"http:\/\/www.kjv-harheim.de\/index.php\/2017\/11\/02\/bilder-der-kjv-musikzug-in-altleiningen\/20171028_092112\/\" border=\"0\" itemprop=\"url\"> <meta itemprop=\"width\" content=\"452\"> <meta itemprop=\"height\" content=\"339\"> <img data-attachment-id=\"5496\" data-orig-file=\"http:\/\/www.kjv-harheim.de\/wp-content\/uploads\/2017\/11\/20171028_092112.jpg\" data-orig-size=\"1024,768\" data-comments-opened=\"\" data-image-meta=\"{&quot;aperture&quot;:&quot;0&quot;,&quot;credit&quot;:&quot;&quot;,&quot;camera&quot;:&quot;&quot;,&quot;caption&quot;:&quot;&quot;,&quot;created_timestamp&quot;:&quot;0&quot;,&quot;copyright&quot;:&quot;&quot;,&quot;focal_length&quot;:&quot;0&quot;,&quot;iso&quot;:&quot;0&quot;,&quot;shutter_speed&quot;:&quot;0&quot;,&quot;title&quot;:&quot;&quot;,&quot;orientation&quot;:&quot;0&quot;}\" data-image-title=\"20171028_092112\" data-image-description=\"\" data-medium-file=\"http:\/\/www.kjv-harheim.de\/wp-content\/uploads\/2017\/11\/20171028_092112-300x225.jpg\" data-large-file=\"http:\/\/www.kjv-harheim.de\/wp-content\/uploads\/2017\/11\/20171028_092112-1024x768.jpg\" src=\"https:\/\/i0.wp.com\/www.kjv-harheim.de\/wp-content\/uploads\/2017\/11\/20171028_092112.jpg?w=452&#038;h=339\" width=\"452\" height=\"339\" data-original-width=\"452\" data-original-height=\"339\" itemprop=\"http:\/\/schema.org\/image\" title=\"20171028_092112\" alt=\"20171028_092112\" style=\"width: 452px; height: 339px;\" \/> <\/a> <\/div> <\/div> <!-- close group --> <div class=\"gallery-group images-1\" style=\"width: 258px; height: 343px;\" data-original-width=\"258\" data-original-height=\"343\" > <div class=\"tiled-gallery-item tiled-gallery-item-large\" itemprop=\"associatedMedia\" itemscope itemtype=\"http:\/\/schema.org\/ImageObject\"> <a href=\"http:\/\/www.kjv-harheim.de\/index.php\/2017\/11\/02\/bilder-der-kjv-musikzug-in-altleiningen\/20171028_102705\/\" border=\"0\" itemprop=\"url\"> <meta itemprop=\"width\" content=\"254\"> <meta itemprop=\"height\" content=\"339\"> <img data-attachment-id=\"5497\" data-orig-file=\"http:\/\/www.kjv-harheim.de\/wp-content\/uploads\/2017\/11\/20171028_102705.jpg\" data-orig-size=\"576,768\" data-comments-opened=\"\" data-image-meta=\"{&quot;aperture&quot;:&quot;0&quot;,&quot;credit&quot;:&quot;&quot;,&quot;camera&quot;:&quot;&quot;,&quot;caption&quot;:&quot;&quot;,&quot;created_timestamp&quot;:&quot;0&quot;,&quot;copyright&quot;:&quot;&quot;,&quot;focal_length&quot;:&quot;0&quot;,&quot;iso&quot;:&quot;0&quot;,&quot;shutter_speed&quot;:&quot;0&quot;,&quot;title&quot;:&quot;&quot;,&quot;orientation&quot;:&quot;0&quot;}\" data-image-title=\"20171028_102705\" data-image-description=\"\" data-medium-file=\"http:\/\/www.kjv-harheim.de\/wp-content\/uploads\/2017\/11\/20171028_102705-225x300.jpg\" data-large-file=\"http:\/\/www.kjv-harheim.de\/wp-content\/uploads\/2017\/11\/20171028_102705.jpg\" src=\"https:\/\/i0.wp.com\/www.kjv-harheim.de\/wp-content\/uploads\/2017\/11\/20171028_102705.jpg?w=254&#038;h=339\" width=\"254\" height=\"339\" data-original-width=\"254\" data-original-height=\"339\" itemprop=\"http:\/\/schema.org\/image\" title=\"20171028_102705\" alt=\"20171028_102705\" style=\"width: 254px; height: 339px;\" \/> <\/a> <\/div> <\/div> <!-- close group --> <div class=\"gallery-group images-1\" style=\"width: 456px; height: 343px;\" data-original-width=\"456\" data-original-height=\"343\" > <div class=\"tiled-gallery-item tiled-gallery-item-large\" itemprop=\"associatedMedia\" itemscope itemtype=\"http:\/\/schema.org\/ImageObject\"> <a href=\"http:\/\/www.kjv-harheim.de\/index.php\/2017\/11\/02\/bilder-der-kjv-musikzug-in-altleiningen\/20171028_112003\/\" border=\"0\" itemprop=\"url\"> <meta itemprop=\"width\" content=\"452\"> <meta itemprop=\"height\" content=\"339\"> <img data-attachment-id=\"5498\" data-orig-file=\"http:\/\/www.kjv-harheim.de\/wp-content\/uploads\/2017\/11\/20171028_112003.jpg\" data-orig-size=\"1024,768\" data-comments-opened=\"\" data-image-meta=\"{&quot;aperture&quot;:&quot;0&quot;,&quot;credit&quot;:&quot;&quot;,&quot;camera&quot;:&quot;&quot;,&quot;caption&quot;:&quot;&quot;,&quot;created_timestamp&quot;:&quot;0&quot;,&quot;copyright&quot;:&quot;&quot;,&quot;focal_length&quot;:&quot;0&quot;,&quot;iso&quot;:&quot;0&quot;,&quot;shutter_speed&quot;:&quot;0&quot;,&quot;title&quot;:&quot;&quot;,&quot;orientation&quot;:&quot;0&quot;}\" data-image-title=\"20171028_112003\" data-image-description=\"\" data-medium-file=\"http:\/\/www.kjv-harheim.de\/wp-content\/uploads\/2017\/11\/20171028_112003-300x225.jpg\" data-large-file=\"http:\/\/www.kjv-harheim.de\/wp-content\/uploads\/2017\/11\/20171028_112003-1024x768.jpg\" src=\"https:\/\/i0.wp.com\/www.kjv-harheim.de\/wp-content\/uploads\/2017\/11\/20171028_112003.jpg?w=452&#038;h=339\" width=\"452\" height=\"339\" data-original-width=\"452\" data-original-height=\"339\" itemprop=\"http:\/\/schema.org\/image\" title=\"20171028_112003\" alt=\"20171028_112003\" style=\"width: 452px; height: 339px;\" \/> <\/a> <\/div> <\/div> <!-- close group --> <\/div> <!-- close row --> <div class=\"gallery-row\" style=\"width: 1170px; height: 586px;\" data-original-width=\"1170\" data-original-height=\"586\" > <div class=\"gallery-group images-1\" style=\"width: 780px; height: 586px;\" data-original-width=\"780\" data-original-height=\"586\" > <div class=\"tiled-gallery-item tiled-gallery-item-large\" itemprop=\"associatedMedia\" itemscope itemtype=\"http:\/\/schema.org\/ImageObject\"> <a href=\"http:\/\/www.kjv-harheim.de\/index.php\/2017\/11\/02\/bilder-der-kjv-musikzug-in-altleiningen\/20171028_141345\/\" border=\"0\" itemprop=\"url\"> <meta itemprop=\"width\" content=\"776\"> <meta itemprop=\"height\" content=\"582\"> <img data-attachment-id=\"5499\" data-orig-file=\"http:\/\/www.kjv-harheim.de\/wp-content\/uploads\/2017\/11\/20171028_141345.jpg\" data-orig-size=\"1024,768\" data-comments-opened=\"\" data-image-meta=\"{&quot;aperture&quot;:&quot;0&quot;,&quot;credit&quot;:&quot;&quot;,&quot;camera&quot;:&quot;&quot;,&quot;caption&quot;:&quot;&quot;,&quot;created_timestamp&quot;:&quot;0&quot;,&quot;copyright&quot;:&quot;&quot;,&quot;focal_length&quot;:&quot;0&quot;,&quot;iso&quot;:&quot;0&quot;,&quot;shutter_speed&quot;:&quot;0&quot;,&quot;title&quot;:&quot;&quot;,&quot;orientation&quot;:&quot;0&quot;}\" data-image-title=\"20171028_141345\" data-image-description=\"\" data-medium-file=\"http:\/\/www.kjv-harheim.de\/wp-content\/uploads\/2017\/11\/20171028_141345-300x225.jpg\" data-large-file=\"http:\/\/www.kjv-harheim.de\/wp-content\/uploads\/2017\/11\/20171028_141345-1024x768.jpg\" src=\"https:\/\/i0.wp.com\/www.kjv-harheim.de\/wp-content\/uploads\/2017\/11\/20171028_141345.jpg?w=776&#038;h=582\" width=\"776\" height=\"582\" data-original-width=\"776\" data-original-height=\"582\" itemprop=\"http:\/\/schema.org\/image\" title=\"20171028_141345\" alt=\"20171028_141345\" style=\"width: 776px; height: 582px;\" \/> <\/a> <\/div> <\/div> <!-- close group --> <div class=\"gallery-group images-2\" style=\"width: 390px; height: 586px;\" data-original-width=\"390\" data-original-height=\"586\" > <div class=\"tiled-gallery-item tiled-gallery-item-large\" itemprop=\"associatedMedia\" itemscope itemtype=\"http:\/\/schema.org\/ImageObject\"> <a href=\"http:\/\/www.kjv-harheim.de\/index.php\/2017\/11\/02\/bilder-der-kjv-musikzug-in-altleiningen\/20171028_141354\/\" border=\"0\" itemprop=\"url\"> <meta itemprop=\"width\" content=\"386\"> <meta itemprop=\"height\" content=\"289\"> <img data-attachment-id=\"5500\" data-orig-file=\"http:\/\/www.kjv-harheim.de\/wp-content\/uploads\/2017\/11\/20171028_141354.jpg\" data-orig-size=\"1024,768\" data-comments-opened=\"\" data-image-meta=\"{&quot;aperture&quot;:&quot;0&quot;,&quot;credit&quot;:&quot;&quot;,&quot;camera&quot;:&quot;&quot;,&quot;caption&quot;:&quot;&quot;,&quot;created_timestamp&quot;:&quot;0&quot;,&quot;copyright&quot;:&quot;&quot;,&quot;focal_length&quot;:&quot;0&quot;,&quot;iso&quot;:&quot;0&quot;,&quot;shutter_speed&quot;:&quot;0&quot;,&quot;title&quot;:&quot;&quot;,&quot;orientation&quot;:&quot;0&quot;}\" data-image-title=\"20171028_141354\" data-image-description=\"\" data-medium-file=\"http:\/\/www.kjv-harheim.de\/wp-content\/uploads\/2017\/11\/20171028_141354-300x225.jpg\" data-large-file=\"http:\/\/www.kjv-harheim.de\/wp-content\/uploads\/2017\/11\/20171028_141354-1024x768.jpg\" src=\"https:\/\/i0.wp.com\/www.kjv-harheim.de\/wp-content\/uploads\/2017\/11\/20171028_141354.jpg?w=386&#038;h=289\" width=\"386\" height=\"289\" data-original-width=\"386\" data-original-height=\"289\" itemprop=\"http:\/\/schema.org\/image\" title=\"20171028_141354\" alt=\"20171028_141354\" style=\"width: 386px; height: 289px;\" \/> <\/a> <\/div> <div class=\"tiled-gallery-item tiled-gallery-item-large\" itemprop=\"associatedMedia\" itemscope itemtype=\"http:\/\/schema.org\/ImageObject\"> <a href=\"http:\/\/www.kjv-harheim.de\/index.php\/2017\/11\/02\/bilder-der-kjv-musikzug-in-altleiningen\/20171028_173550\/\" border=\"0\" itemprop=\"url\"> <meta itemprop=\"width\" content=\"386\"> <meta itemprop=\"height\" content=\"289\"> <img data-attachment-id=\"5501\" data-orig-file=\"http:\/\/www.kjv-harheim.de\/wp-content\/uploads\/2017\/11\/20171028_173550.jpg\" data-orig-size=\"1024,768\" data-comments-opened=\"\" data-image-meta=\"{&quot;aperture&quot;:&quot;0&quot;,&quot;credit&quot;:&quot;&quot;,&quot;camera&quot;:&quot;&quot;,&quot;caption&quot;:&quot;&quot;,&quot;created_timestamp&quot;:&quot;0&quot;,&quot;copyright&quot;:&quot;&quot;,&quot;focal_length&quot;:&quot;0&quot;,&quot;iso&quot;:&quot;0&quot;,&quot;shutter_speed&quot;:&quot;0&quot;,&quot;title&quot;:&quot;&quot;,&quot;orientation&quot;:&quot;0&quot;}\" data-image-title=\"20171028_173550\" data-image-description=\"\" data-medium-file=\"http:\/\/www.kjv-harheim.de\/wp-content\/uploads\/2017\/11\/20171028_173550-300x225.jpg\" data-large-file=\"http:\/\/www.kjv-harheim.de\/wp-content\/uploads\/2017\/11\/20171028_173550-1024x768.jpg\" src=\"https:\/\/i0.wp.com\/www.kjv-harheim.de\/wp-content\/uploads\/2017\/11\/20171028_173550.jpg?w=386&#038;h=289\" width=\"386\" height=\"289\" data-original-width=\"386\" data-original-height=\"289\" itemprop=\"http:\/\/schema.org\/image\" title=\"20171028_173550\" alt=\"20171028_173550\" style=\"width: 386px; height: 289px;\" \/> <\/a> <\/div> <\/div> <!-- close group --> <\/div> <!-- close row --> <div class=\"gallery-row\" style=\"width: 1170px; height: 269px;\" data-original-width=\"1170\" data-original-height=\"269\" > <div class=\"gallery-group images-1\" style=\"width: 203px; height: 269px;\" data-original-width=\"203\" data-original-height=\"269\" > <div class=\"tiled-gallery-item tiled-gallery-item-small\" itemprop=\"associatedMedia\" itemscope itemtype=\"http:\/\/schema.org\/ImageObject\"> <a href=\"http:\/\/www.kjv-harheim.de\/index.php\/2017\/11\/02\/bilder-der-kjv-musikzug-in-altleiningen\/img_0664\/\" border=\"0\" itemprop=\"url\"> <meta itemprop=\"width\" content=\"199\"> <meta itemprop=\"height\" content=\"265\"> <img data-attachment-id=\"5547\" data-orig-file=\"http:\/\/www.kjv-harheim.de\/wp-content\/uploads\/2017\/11\/IMG_0664-e1509993318574.jpg\" data-orig-size=\"2448,3264\" data-comments-opened=\"\" data-image-meta=\"{&quot;aperture&quot;:&quot;2.2&quot;,&quot;credit&quot;:&quot;&quot;,&quot;camera&quot;:&quot;iPhone 6&quot;,&quot;caption&quot;:&quot;&quot;,&quot;created_timestamp&quot;:&quot;1509176789&quot;,&quot;copyright&quot;:&quot;&quot;,&quot;focal_length&quot;:&quot;4.15&quot;,&quot;iso&quot;:&quot;80&quot;,&quot;shutter_speed&quot;:&quot;0.0588235294118&quot;,&quot;title&quot;:&quot;&quot;,&quot;orientation&quot;:&quot;6&quot;}\" data-image-title=\"IMG_0664\" data-image-description=\"\" data-medium-file=\"http:\/\/www.kjv-harheim.de\/wp-content\/uploads\/2017\/11\/IMG_0664-e1509993318574-225x300.jpg\" data-large-file=\"http:\/\/www.kjv-harheim.de\/wp-content\/uploads\/2017\/11\/IMG_0664-e1509993318574-768x1024.jpg\" src=\"https:\/\/i0.wp.com\/www.kjv-harheim.de\/wp-content\/uploads\/2017\/11\/IMG_0664-e1509993318574.jpg?w=199&#038;h=265\" width=\"199\" height=\"265\" data-original-width=\"199\" data-original-height=\"265\" itemprop=\"http:\/\/schema.org\/image\" title=\"IMG_0664\" alt=\"IMG_0664\" style=\"width: 199px; height: 265px;\" \/> <\/a> <\/div> <\/div> <!-- close group --> <div class=\"gallery-group images-1\" style=\"width: 203px; height: 269px;\" data-original-width=\"203\" data-original-height=\"269\" > <div class=\"tiled-gallery-item tiled-gallery-item-small\" itemprop=\"associatedMedia\" itemscope itemtype=\"http:\/\/schema.org\/ImageObject\"> <a href=\"http:\/\/www.kjv-harheim.de\/index.php\/2017\/11\/02\/bilder-der-kjv-musikzug-in-altleiningen\/img_0665\/\" border=\"0\" itemprop=\"url\"> <meta itemprop=\"width\" content=\"199\"> <meta itemprop=\"height\" content=\"265\"> <img data-attachment-id=\"5548\" data-orig-file=\"http:\/\/www.kjv-harheim.de\/wp-content\/uploads\/2017\/11\/IMG_0665-e1509993278766.jpg\" data-orig-size=\"2448,3264\" data-comments-opened=\"\" data-image-meta=\"{&quot;aperture&quot;:&quot;2.2&quot;,&quot;credit&quot;:&quot;&quot;,&quot;camera&quot;:&quot;iPhone 6&quot;,&quot;caption&quot;:&quot;&quot;,&quot;created_timestamp&quot;:&quot;1509179659&quot;,&quot;copyright&quot;:&quot;&quot;,&quot;focal_length&quot;:&quot;4.15&quot;,&quot;iso&quot;:&quot;320&quot;,&quot;shutter_speed&quot;:&quot;0.030303030303&quot;,&quot;title&quot;:&quot;&quot;,&quot;orientation&quot;:&quot;6&quot;}\" data-image-title=\"IMG_0665\" data-image-description=\"\" data-medium-file=\"http:\/\/www.kjv-harheim.de\/wp-content\/uploads\/2017\/11\/IMG_0665-e1509993278766-225x300.jpg\" data-large-file=\"http:\/\/www.kjv-harheim.de\/wp-content\/uploads\/2017\/11\/IMG_0665-e1509993278766-768x1024.jpg\" src=\"https:\/\/i0.wp.com\/www.kjv-harheim.de\/wp-content\/uploads\/2017\/11\/IMG_0665-e1509993278766.jpg?w=199&#038;h=265\" width=\"199\" height=\"265\" data-original-width=\"199\" data-original-height=\"265\" itemprop=\"http:\/\/schema.org\/image\" title=\"IMG_0665\" alt=\"IMG_0665\" style=\"width: 199px; height: 265px;\" \/> <\/a> <\/div> <\/div> <!-- close group --> <div class=\"gallery-group images-1\" style=\"width: 203px; height: 269px;\" data-original-width=\"203\" data-original-height=\"269\" > <div class=\"tiled-gallery-item tiled-gallery-item-small\" itemprop=\"associatedMedia\" itemscope itemtype=\"http:\/\/schema.org\/ImageObject\"> <a href=\"http:\/\/www.kjv-harheim.de\/index.php\/2017\/11\/02\/bilder-der-kjv-musikzug-in-altleiningen\/img_0666\/\" border=\"0\" itemprop=\"url\"> <meta itemprop=\"width\" content=\"199\"> <meta itemprop=\"height\" content=\"265\"> <img data-attachment-id=\"5549\" data-orig-file=\"http:\/\/www.kjv-harheim.de\/wp-content\/uploads\/2017\/11\/IMG_0666-e1509993259223.jpg\" data-orig-size=\"2448,3264\" data-comments-opened=\"\" data-image-meta=\"{&quot;aperture&quot;:&quot;2.2&quot;,&quot;credit&quot;:&quot;&quot;,&quot;camera&quot;:&quot;iPhone 6&quot;,&quot;caption&quot;:&quot;&quot;,&quot;created_timestamp&quot;:&quot;1509180072&quot;,&quot;copyright&quot;:&quot;&quot;,&quot;focal_length&quot;:&quot;4.15&quot;,&quot;iso&quot;:&quot;250&quot;,&quot;shutter_speed&quot;:&quot;0.05&quot;,&quot;title&quot;:&quot;&quot;,&quot;orientation&quot;:&quot;6&quot;}\" data-image-title=\"IMG_0666\" data-image-description=\"\" data-medium-file=\"http:\/\/www.kjv-harheim.de\/wp-content\/uploads\/2017\/11\/IMG_0666-e1509993259223-225x300.jpg\" data-large-file=\"http:\/\/www.kjv-harheim.de\/wp-content\/uploads\/2017\/11\/IMG_0666-e1509993259223-768x1024.jpg\" src=\"https:\/\/i0.wp.com\/www.kjv-harheim.de\/wp-content\/uploads\/2017\/11\/IMG_0666-e1509993259223.jpg?w=199&#038;h=265\" width=\"199\" height=\"265\" data-original-width=\"199\" data-original-height=\"265\" itemprop=\"http:\/\/schema.org\/image\" title=\"IMG_0666\" alt=\"IMG_0666\" style=\"width: 199px; height: 265px;\" \/> <\/a> <\/div> <\/div> <!-- close group --> <div class=\"gallery-group images-1\" style=\"width: 358px; height: 269px;\" data-original-width=\"358\" data-original-height=\"269\" > <div class=\"tiled-gallery-item tiled-gallery-item-large\" itemprop=\"associatedMedia\" itemscope itemtype=\"http:\/\/schema.org\/ImageObject\"> <a href=\"http:\/\/www.kjv-harheim.de\/index.php\/2017\/11\/02\/bilder-der-kjv-musikzug-in-altleiningen\/img_0670\/\" border=\"0\" itemprop=\"url\"> <meta itemprop=\"width\" content=\"354\"> <meta itemprop=\"height\" content=\"265\"> <img data-attachment-id=\"5550\" data-orig-file=\"http:\/\/www.kjv-harheim.de\/wp-content\/uploads\/2017\/11\/IMG_0670.jpg\" data-orig-size=\"1280,960\" data-comments-opened=\"\" data-image-meta=\"{&quot;aperture&quot;:&quot;2.2&quot;,&quot;credit&quot;:&quot;&quot;,&quot;camera&quot;:&quot;iPhone 6&quot;,&quot;caption&quot;:&quot;&quot;,&quot;created_timestamp&quot;:&quot;1509192240&quot;,&quot;copyright&quot;:&quot;&quot;,&quot;focal_length&quot;:&quot;2.65&quot;,&quot;iso&quot;:&quot;64&quot;,&quot;shutter_speed&quot;:&quot;0.01&quot;,&quot;title&quot;:&quot;&quot;,&quot;orientation&quot;:&quot;1&quot;}\" data-image-title=\"IMG_0670\" data-image-description=\"\" data-medium-file=\"http:\/\/www.kjv-harheim.de\/wp-content\/uploads\/2017\/11\/IMG_0670-300x225.jpg\" data-large-file=\"http:\/\/www.kjv-harheim.de\/wp-content\/uploads\/2017\/11\/IMG_0670-1024x768.jpg\" src=\"https:\/\/i0.wp.com\/www.kjv-harheim.de\/wp-content\/uploads\/2017\/11\/IMG_0670.jpg?w=354&#038;h=265\" width=\"354\" height=\"265\" data-original-width=\"354\" data-original-height=\"265\" itemprop=\"http:\/\/schema.org\/image\" title=\"IMG_0670\" alt=\"IMG_0670\" style=\"width: 354px; height: 265px;\" \/> <\/a> <\/div> <\/div> <!-- close group --> <div class=\"gallery-group images-1\" style=\"width: 203px; height: 269px;\" data-original-width=\"203\" data-original-height=\"269\" > <div class=\"tiled-gallery-item tiled-gallery-item-small\" itemprop=\"associatedMedia\" itemscope itemtype=\"http:\/\/schema.org\/ImageObject\"> <a href=\"http:\/\/www.kjv-harheim.de\/index.php\/2017\/11\/02\/bilder-der-kjv-musikzug-in-altleiningen\/img_0671\/\" border=\"0\" itemprop=\"url\"> <meta itemprop=\"width\" content=\"199\"> <meta itemprop=\"height\" content=\"265\"> <img data-attachment-id=\"5551\" data-orig-file=\"http:\/\/www.kjv-harheim.de\/wp-content\/uploads\/2017\/11\/IMG_0671-e1509993238574.jpg\" data-orig-size=\"960,1280\" data-comments-opened=\"\" data-image-meta=\"{&quot;aperture&quot;:&quot;2.2&quot;,&quot;credit&quot;:&quot;&quot;,&quot;camera&quot;:&quot;iPhone 6&quot;,&quot;caption&quot;:&quot;&quot;,&quot;created_timestamp&quot;:&quot;1509192273&quot;,&quot;copyright&quot;:&quot;&quot;,&quot;focal_length&quot;:&quot;2.65&quot;,&quot;iso&quot;:&quot;40&quot;,&quot;shutter_speed&quot;:&quot;0.02&quot;,&quot;title&quot;:&quot;&quot;,&quot;orientation&quot;:&quot;6&quot;}\" data-image-title=\"IMG_0671\" data-image-description=\"\" data-medium-file=\"http:\/\/www.kjv-harheim.de\/wp-content\/uploads\/2017\/11\/IMG_0671-e1509993238574-225x300.jpg\" data-large-file=\"http:\/\/www.kjv-harheim.de\/wp-content\/uploads\/2017\/11\/IMG_0671-e1509993238574-768x1024.jpg\" src=\"https:\/\/i0.wp.com\/www.kjv-harheim.de\/wp-content\/uploads\/2017\/11\/IMG_0671-e1509993238574.jpg?w=199&#038;h=265\" width=\"199\" height=\"265\" data-original-width=\"199\" data-original-height=\"265\" itemprop=\"http:\/\/schema.org\/image\" title=\"IMG_0671\" alt=\"IMG_0671\" style=\"width: 199px; height: 265px;\" \/> <\/a> <\/div> <\/div> <!-- close group --> <\/div> <!-- close row --> <div class=\"gallery-row\" style=\"width: 1170px; height: 389px;\" data-original-width=\"1170\" data-original-height=\"389\" > <div class=\"gallery-group images-1\" style=\"width: 292px; height: 389px;\" data-original-width=\"292\" data-original-height=\"389\" > <div class=\"tiled-gallery-item tiled-gallery-item-large\" itemprop=\"associatedMedia\" itemscope itemtype=\"http:\/\/schema.org\/ImageObject\"> <a href=\"http:\/\/www.kjv-harheim.de\/index.php\/2017\/11\/02\/bilder-der-kjv-musikzug-in-altleiningen\/img_0673\/\" border=\"0\" itemprop=\"url\"> <meta itemprop=\"width\" content=\"288\"> <meta itemprop=\"height\" content=\"385\"> <img data-attachment-id=\"5552\" data-orig-file=\"http:\/\/www.kjv-harheim.de\/wp-content\/uploads\/2017\/11\/IMG_0673-e1509993221355.jpg\" data-orig-size=\"2448,3264\" data-comments-opened=\"\" data-image-meta=\"{&quot;aperture&quot;:&quot;2.2&quot;,&quot;credit&quot;:&quot;&quot;,&quot;camera&quot;:&quot;iPhone 6&quot;,&quot;caption&quot;:&quot;&quot;,&quot;created_timestamp&quot;:&quot;1509200148&quot;,&quot;copyright&quot;:&quot;&quot;,&quot;focal_length&quot;:&quot;4.15&quot;,&quot;iso&quot;:&quot;160&quot;,&quot;shutter_speed&quot;:&quot;0.030303030303&quot;,&quot;title&quot;:&quot;&quot;,&quot;orientation&quot;:&quot;6&quot;}\" data-image-title=\"IMG_0673\" data-image-description=\"\" data-medium-file=\"http:\/\/www.kjv-harheim.de\/wp-content\/uploads\/2017\/11\/IMG_0673-e1509993221355-225x300.jpg\" data-large-file=\"http:\/\/www.kjv-harheim.de\/wp-content\/uploads\/2017\/11\/IMG_0673-e1509993221355-768x1024.jpg\" src=\"https:\/\/i0.wp.com\/www.kjv-harheim.de\/wp-content\/uploads\/2017\/11\/IMG_0673-e1509993221355.jpg?w=288&#038;h=385\" width=\"288\" height=\"385\" data-original-width=\"288\" data-original-height=\"385\" itemprop=\"http:\/\/schema.org\/image\" title=\"IMG_0673\" alt=\"IMG_0673\" style=\"width: 288px; height: 385px;\" \/> <\/a> <\/div> <\/div> <!-- close group --> <div class=\"gallery-group images-1\" style=\"width: 292px; height: 389px;\" data-original-width=\"292\" data-original-height=\"389\" > <div class=\"tiled-gallery-item tiled-gallery-item-large\" itemprop=\"associatedMedia\" itemscope itemtype=\"http:\/\/schema.org\/ImageObject\"> <a href=\"http:\/\/www.kjv-harheim.de\/index.php\/2017\/11\/02\/bilder-der-kjv-musikzug-in-altleiningen\/img_0680\/\" border=\"0\" itemprop=\"url\"> <meta itemprop=\"width\" content=\"288\"> <meta itemprop=\"height\" content=\"385\"> <img data-attachment-id=\"5553\" data-orig-file=\"http:\/\/www.kjv-harheim.de\/wp-content\/uploads\/2017\/11\/IMG_0680-e1509993203787.jpg\" data-orig-size=\"2448,3264\" data-comments-opened=\"\" data-image-meta=\"{&quot;aperture&quot;:&quot;2.2&quot;,&quot;credit&quot;:&quot;&quot;,&quot;camera&quot;:&quot;iPhone 6&quot;,&quot;caption&quot;:&quot;&quot;,&quot;created_timestamp&quot;:&quot;1509200367&quot;,&quot;copyright&quot;:&quot;&quot;,&quot;focal_length&quot;:&quot;4.15&quot;,&quot;iso&quot;:&quot;250&quot;,&quot;shutter_speed&quot;:&quot;0.030303030303&quot;,&quot;title&quot;:&quot;&quot;,&quot;orientation&quot;:&quot;6&quot;}\" data-image-title=\"IMG_0680\" data-image-description=\"\" data-medium-file=\"http:\/\/www.kjv-harheim.de\/wp-content\/uploads\/2017\/11\/IMG_0680-e1509993203787-225x300.jpg\" data-large-file=\"http:\/\/www.kjv-harheim.de\/wp-content\/uploads\/2017\/11\/IMG_0680-e1509993203787-768x1024.jpg\" src=\"https:\/\/i0.wp.com\/www.kjv-harheim.de\/wp-content\/uploads\/2017\/11\/IMG_0680-e1509993203787.jpg?w=288&#038;h=385\" width=\"288\" height=\"385\" data-original-width=\"288\" data-original-height=\"385\" itemprop=\"http:\/\/schema.org\/image\" title=\"IMG_0680\" alt=\"IMG_0680\" style=\"width: 288px; height: 385px;\" \/> <\/a> <\/div> <\/div> <!-- close group --> <div class=\"gallery-group images-1\" style=\"width: 293px; height: 389px;\" data-original-width=\"293\" data-original-height=\"389\" > <div class=\"tiled-gallery-item tiled-gallery-item-large\" itemprop=\"associatedMedia\" itemscope itemtype=\"http:\/\/schema.org\/ImageObject\"> <a href=\"http:\/\/www.kjv-harheim.de\/index.php\/2017\/11\/02\/bilder-der-kjv-musikzug-in-altleiningen\/img_0683\/\" border=\"0\" itemprop=\"url\"> <meta itemprop=\"width\" content=\"289\"> <meta itemprop=\"height\" content=\"385\"> <img data-attachment-id=\"5554\" data-orig-file=\"http:\/\/www.kjv-harheim.de\/wp-content\/uploads\/2017\/11\/IMG_0683-e1509993184317.jpg\" data-orig-size=\"2448,3264\" data-comments-opened=\"\" data-image-meta=\"{&quot;aperture&quot;:&quot;2.2&quot;,&quot;credit&quot;:&quot;&quot;,&quot;camera&quot;:&quot;iPhone 6&quot;,&quot;caption&quot;:&quot;&quot;,&quot;created_timestamp&quot;:&quot;1509200425&quot;,&quot;copyright&quot;:&quot;&quot;,&quot;focal_length&quot;:&quot;4.15&quot;,&quot;iso&quot;:&quot;250&quot;,&quot;shutter_speed&quot;:&quot;0.030303030303&quot;,&quot;title&quot;:&quot;&quot;,&quot;orientation&quot;:&quot;6&quot;}\" data-image-title=\"IMG_0683\" data-image-description=\"\" data-medium-file=\"http:\/\/www.kjv-harheim.de\/wp-content\/uploads\/2017\/11\/IMG_0683-e1509993184317-225x300.jpg\" data-large-file=\"http:\/\/www.kjv-harheim.de\/wp-content\/uploads\/2017\/11\/IMG_0683-e1509993184317-768x1024.jpg\" src=\"https:\/\/i0.wp.com\/www.kjv-harheim.de\/wp-content\/uploads\/2017\/11\/IMG_0683-e1509993184317.jpg?w=289&#038;h=385\" width=\"289\" height=\"385\" data-original-width=\"289\" data-original-height=\"385\" itemprop=\"http:\/\/schema.org\/image\" title=\"IMG_0683\" alt=\"IMG_0683\" style=\"width: 289px; height: 385px;\" \/> <\/a> <\/div> <\/div> <!-- close group --> <div class=\"gallery-group images-1\" style=\"width: 293px; height: 389px;\" data-original-width=\"293\" data-original-height=\"389\" > <div class=\"tiled-gallery-item tiled-gallery-item-large\" itemprop=\"associatedMedia\" itemscope itemtype=\"http:\/\/schema.org\/ImageObject\"> <a href=\"http:\/\/www.kjv-harheim.de\/index.php\/2017\/11\/02\/bilder-der-kjv-musikzug-in-altleiningen\/img_0684\/\" border=\"0\" itemprop=\"url\"> <meta itemprop=\"width\" content=\"289\"> <meta itemprop=\"height\" content=\"385\"> <img data-attachment-id=\"5555\" data-orig-file=\"http:\/\/www.kjv-harheim.de\/wp-content\/uploads\/2017\/11\/IMG_0684-e1509993163136.jpg\" data-orig-size=\"2448,3264\" data-comments-opened=\"\" data-image-meta=\"{&quot;aperture&quot;:&quot;2.2&quot;,&quot;credit&quot;:&quot;&quot;,&quot;camera&quot;:&quot;iPhone 6&quot;,&quot;caption&quot;:&quot;&quot;,&quot;created_timestamp&quot;:&quot;1509200430&quot;,&quot;copyright&quot;:&quot;&quot;,&quot;focal_length&quot;:&quot;4.15&quot;,&quot;iso&quot;:&quot;200&quot;,&quot;shutter_speed&quot;:&quot;0.030303030303&quot;,&quot;title&quot;:&quot;&quot;,&quot;orientation&quot;:&quot;6&quot;}\" data-image-title=\"IMG_0684\" data-image-description=\"\" data-medium-file=\"http:\/\/www.kjv-harheim.de\/wp-content\/uploads\/2017\/11\/IMG_0684-e1509993163136-225x300.jpg\" data-large-file=\"http:\/\/www.kjv-harheim.de\/wp-content\/uploads\/2017\/11\/IMG_0684-e1509993163136-768x1024.jpg\" src=\"https:\/\/i0.wp.com\/www.kjv-harheim.de\/wp-content\/uploads\/2017\/11\/IMG_0684-e1509993163136.jpg?w=289&#038;h=385\" width=\"289\" height=\"385\" data-original-width=\"289\" data-original-height=\"385\" itemprop=\"http:\/\/schema.org\/image\" title=\"IMG_0684\" alt=\"IMG_0684\" style=\"width: 289px; height: 385px;\" \/> <\/a> <\/div> <\/div> <!-- close group --> <\/div> <!-- close row --> <div class=\"gallery-row\" style=\"width: 1170px; height: 238px;\" data-original-width=\"1170\" data-original-height=\"238\" > <div class=\"gallery-group images-1\" style=\"width: 179px; height: 238px;\" data-original-width=\"179\" data-original-height=\"238\" > <div class=\"tiled-gallery-item tiled-gallery-item-small\" itemprop=\"associatedMedia\" itemscope itemtype=\"http:\/\/schema.org\/ImageObject\"> <a href=\"http:\/\/www.kjv-harheim.de\/index.php\/2017\/11\/02\/bilder-der-kjv-musikzug-in-altleiningen\/img_0689\/\" border=\"0\" itemprop=\"url\"> <meta itemprop=\"width\" content=\"175\"> <meta itemprop=\"height\" content=\"234\"> <img data-attachment-id=\"5556\" data-orig-file=\"http:\/\/www.kjv-harheim.de\/wp-content\/uploads\/2017\/11\/IMG_0689-e1509993143882.jpg\" data-orig-size=\"2448,3264\" data-comments-opened=\"\" data-image-meta=\"{&quot;aperture&quot;:&quot;2.2&quot;,&quot;credit&quot;:&quot;&quot;,&quot;camera&quot;:&quot;iPhone 6&quot;,&quot;caption&quot;:&quot;&quot;,&quot;created_timestamp&quot;:&quot;1509200546&quot;,&quot;copyright&quot;:&quot;&quot;,&quot;focal_length&quot;:&quot;4.15&quot;,&quot;iso&quot;:&quot;250&quot;,&quot;shutter_speed&quot;:&quot;0.04&quot;,&quot;title&quot;:&quot;&quot;,&quot;orientation&quot;:&quot;6&quot;}\" data-image-title=\"IMG_0689\" data-image-description=\"\" data-medium-file=\"http:\/\/www.kjv-harheim.de\/wp-content\/uploads\/2017\/11\/IMG_0689-e1509993143882-225x300.jpg\" data-large-file=\"http:\/\/www.kjv-harheim.de\/wp-content\/uploads\/2017\/11\/IMG_0689-e1509993143882-768x1024.jpg\" src=\"https:\/\/i0.wp.com\/www.kjv-harheim.de\/wp-content\/uploads\/2017\/11\/IMG_0689-e1509993143882.jpg?w=175&#038;h=234\" width=\"175\" height=\"234\" data-original-width=\"175\" data-original-height=\"234\" itemprop=\"http:\/\/schema.org\/image\" title=\"IMG_0689\" alt=\"IMG_0689\" style=\"width: 175px; height: 234px;\" \/> <\/a> <\/div> <\/div> <!-- close group --> <div class=\"gallery-group images-1\" style=\"width: 179px; height: 238px;\" data-original-width=\"179\" data-original-height=\"238\" > <div class=\"tiled-gallery-item tiled-gallery-item-small\" itemprop=\"associatedMedia\" itemscope itemtype=\"http:\/\/schema.org\/ImageObject\"> <a href=\"http:\/\/www.kjv-harheim.de\/index.php\/2017\/11\/02\/bilder-der-kjv-musikzug-in-altleiningen\/img_0691\/\" border=\"0\" itemprop=\"url\"> <meta itemprop=\"width\" content=\"175\"> <meta itemprop=\"height\" content=\"234\"> <img data-attachment-id=\"5557\" data-orig-file=\"http:\/\/www.kjv-harheim.de\/wp-content\/uploads\/2017\/11\/IMG_0691-e1509993128798.jpg\" data-orig-size=\"2448,3264\" data-comments-opened=\"\" data-image-meta=\"{&quot;aperture&quot;:&quot;2.2&quot;,&quot;credit&quot;:&quot;&quot;,&quot;camera&quot;:&quot;iPhone 6&quot;,&quot;caption&quot;:&quot;&quot;,&quot;created_timestamp&quot;:&quot;1509201172&quot;,&quot;copyright&quot;:&quot;&quot;,&quot;focal_length&quot;:&quot;4.15&quot;,&quot;iso&quot;:&quot;320&quot;,&quot;shutter_speed&quot;:&quot;0.030303030303&quot;,&quot;title&quot;:&quot;&quot;,&quot;orientation&quot;:&quot;6&quot;}\" data-image-title=\"IMG_0691\" data-image-description=\"\" data-medium-file=\"http:\/\/www.kjv-harheim.de\/wp-content\/uploads\/2017\/11\/IMG_0691-e1509993128798-225x300.jpg\" data-large-file=\"http:\/\/www.kjv-harheim.de\/wp-content\/uploads\/2017\/11\/IMG_0691-e1509993128798-768x1024.jpg\" src=\"https:\/\/i0.wp.com\/www.kjv-harheim.de\/wp-content\/uploads\/2017\/11\/IMG_0691-e1509993128798.jpg?w=175&#038;h=234\" width=\"175\" height=\"234\" data-original-width=\"175\" data-original-height=\"234\" itemprop=\"http:\/\/schema.org\/image\" title=\"IMG_0691\" alt=\"IMG_0691\" style=\"width: 175px; height: 234px;\" \/> <\/a> <\/div> <\/div> <!-- close group --> <div class=\"gallery-group images-1\" style=\"width: 180px; height: 238px;\" data-original-width=\"180\" data-original-height=\"238\" > <div class=\"tiled-gallery-item tiled-gallery-item-small\" itemprop=\"associatedMedia\" itemscope itemtype=\"http:\/\/schema.org\/ImageObject\"> <a href=\"http:\/\/www.kjv-harheim.de\/index.php\/2017\/11\/02\/bilder-der-kjv-musikzug-in-altleiningen\/img_0693\/\" border=\"0\" itemprop=\"url\"> <meta itemprop=\"width\" content=\"176\"> <meta itemprop=\"height\" content=\"234\"> <img data-attachment-id=\"5558\" data-orig-file=\"http:\/\/www.kjv-harheim.de\/wp-content\/uploads\/2017\/11\/IMG_0693-e1509993111779.jpg\" data-orig-size=\"2448,3264\" data-comments-opened=\"\" data-image-meta=\"{&quot;aperture&quot;:&quot;2.2&quot;,&quot;credit&quot;:&quot;&quot;,&quot;camera&quot;:&quot;iPhone 6&quot;,&quot;caption&quot;:&quot;&quot;,&quot;created_timestamp&quot;:&quot;1509222917&quot;,&quot;copyright&quot;:&quot;&quot;,&quot;focal_length&quot;:&quot;4.15&quot;,&quot;iso&quot;:&quot;160&quot;,&quot;shutter_speed&quot;:&quot;0.030303030303&quot;,&quot;title&quot;:&quot;&quot;,&quot;orientation&quot;:&quot;6&quot;}\" data-image-title=\"IMG_0693\" data-image-description=\"\" data-medium-file=\"http:\/\/www.kjv-harheim.de\/wp-content\/uploads\/2017\/11\/IMG_0693-e1509993111779-225x300.jpg\" data-large-file=\"http:\/\/www.kjv-harheim.de\/wp-content\/uploads\/2017\/11\/IMG_0693-e1509993111779-768x1024.jpg\" src=\"https:\/\/i0.wp.com\/www.kjv-harheim.de\/wp-content\/uploads\/2017\/11\/IMG_0693-e1509993111779.jpg?w=176&#038;h=234\" width=\"176\" height=\"234\" data-original-width=\"176\" data-original-height=\"234\" itemprop=\"http:\/\/schema.org\/image\" title=\"IMG_0693\" alt=\"IMG_0693\" style=\"width: 176px; height: 234px;\" \/> <\/a> <\/div> <\/div> <!-- close group --> <div class=\"gallery-group images-1\" style=\"width: 316px; height: 238px;\" data-original-width=\"316\" data-original-height=\"238\" > <div class=\"tiled-gallery-item tiled-gallery-item-large\" itemprop=\"associatedMedia\" itemscope itemtype=\"http:\/\/schema.org\/ImageObject\"> <a href=\"http:\/\/www.kjv-harheim.de\/index.php\/2017\/11\/02\/bilder-der-kjv-musikzug-in-altleiningen\/img_0694\/\" border=\"0\" itemprop=\"url\"> <meta itemprop=\"width\" content=\"312\"> <meta itemprop=\"height\" content=\"234\"> <img data-attachment-id=\"5559\" data-orig-file=\"http:\/\/www.kjv-harheim.de\/wp-content\/uploads\/2017\/11\/IMG_0694-e1509993090450.jpg\" data-orig-size=\"3264,2448\" data-comments-opened=\"\" data-image-meta=\"{&quot;aperture&quot;:&quot;2.2&quot;,&quot;credit&quot;:&quot;&quot;,&quot;camera&quot;:&quot;iPhone 6&quot;,&quot;caption&quot;:&quot;&quot;,&quot;created_timestamp&quot;:&quot;1509223083&quot;,&quot;copyright&quot;:&quot;&quot;,&quot;focal_length&quot;:&quot;4.15&quot;,&quot;iso&quot;:&quot;250&quot;,&quot;shutter_speed&quot;:&quot;0.030303030303&quot;,&quot;title&quot;:&quot;&quot;,&quot;orientation&quot;:&quot;3&quot;}\" data-image-title=\"IMG_0694\" data-image-description=\"\" data-medium-file=\"http:\/\/www.kjv-harheim.de\/wp-content\/uploads\/2017\/11\/IMG_0694-e1509993090450-300x225.jpg\" data-large-file=\"http:\/\/www.kjv-harheim.de\/wp-content\/uploads\/2017\/11\/IMG_0694-e1509993090450-1024x768.jpg\" src=\"https:\/\/i0.wp.com\/www.kjv-harheim.de\/wp-content\/uploads\/2017\/11\/IMG_0694-e1509993090450.jpg?w=312&#038;h=234\" width=\"312\" height=\"234\" data-original-width=\"312\" data-original-height=\"234\" itemprop=\"http:\/\/schema.org\/image\" title=\"IMG_0694\" alt=\"IMG_0694\" style=\"width: 312px; height: 234px;\" \/> <\/a> <\/div> <\/div> <!-- close group --> <div class=\"gallery-group images-1\" style=\"width: 316px; height: 238px;\" data-original-width=\"316\" data-original-height=\"238\" > <div class=\"tiled-gallery-item tiled-gallery-item-large\" itemprop=\"associatedMedia\" itemscope itemtype=\"http:\/\/schema.org\/ImageObject\"> <a href=\"http:\/\/www.kjv-harheim.de\/index.php\/2017\/11\/02\/bilder-der-kjv-musikzug-in-altleiningen\/img_0696\/\" border=\"0\" itemprop=\"url\"> <meta itemprop=\"width\" content=\"312\"> <meta itemprop=\"height\" content=\"234\"> <img data-attachment-id=\"5560\" data-orig-file=\"http:\/\/www.kjv-harheim.de\/wp-content\/uploads\/2017\/11\/IMG_0696-e1509993073878.jpg\" data-orig-size=\"3264,2448\" data-comments-opened=\"\" data-image-meta=\"{&quot;aperture&quot;:&quot;2.2&quot;,&quot;credit&quot;:&quot;&quot;,&quot;camera&quot;:&quot;iPhone 6&quot;,&quot;caption&quot;:&quot;&quot;,&quot;created_timestamp&quot;:&quot;1509229890&quot;,&quot;copyright&quot;:&quot;&quot;,&quot;focal_length&quot;:&quot;4.15&quot;,&quot;iso&quot;:&quot;200&quot;,&quot;shutter_speed&quot;:&quot;0.030303030303&quot;,&quot;title&quot;:&quot;&quot;,&quot;orientation&quot;:&quot;3&quot;}\" data-image-title=\"IMG_0696\" data-image-description=\"\" data-medium-file=\"http:\/\/www.kjv-harheim.de\/wp-content\/uploads\/2017\/11\/IMG_0696-e1509993073878-300x225.jpg\" data-large-file=\"http:\/\/www.kjv-harheim.de\/wp-content\/uploads\/2017\/11\/IMG_0696-e1509993073878-1024x768.jpg\" src=\"https:\/\/i0.wp.com\/www.kjv-harheim.de\/wp-content\/uploads\/2017\/11\/IMG_0696-e1509993073878.jpg?w=312&#038;h=234\" width=\"312\" height=\"234\" data-original-width=\"312\" data-original-height=\"234\" itemprop=\"http:\/\/schema.org\/image\" title=\"IMG_0696\" alt=\"IMG_0696\" style=\"width: 312px; height: 234px;\" \/> <\/a> <\/div> <\/div> <!-- close group --> <\/div> <!-- close row --> <div class=\"gallery-row\" style=\"width: 1170px; height: 980px;\" data-original-width=\"1170\" data-original-height=\"980\" > <div class=\"gallery-group images-1\" style=\"width: 736px; height: 980px;\" data-original-width=\"736\" data-original-height=\"980\" > <div class=\"tiled-gallery-item tiled-gallery-item-large\" itemprop=\"associatedMedia\" itemscope itemtype=\"http:\/\/schema.org\/ImageObject\"> <a href=\"http:\/\/www.kjv-harheim.de\/index.php\/2017\/11\/02\/bilder-der-kjv-musikzug-in-altleiningen\/img_0697\/\" border=\"0\" itemprop=\"url\"> <meta itemprop=\"width\" content=\"732\"> <meta itemprop=\"height\" content=\"976\"> <img data-attachment-id=\"5561\" data-orig-file=\"http:\/\/www.kjv-harheim.de\/wp-content\/uploads\/2017\/11\/IMG_0697-e1509993297479.jpg\" data-orig-size=\"2448,3264\" data-comments-opened=\"\" data-image-meta=\"{&quot;aperture&quot;:&quot;2.2&quot;,&quot;credit&quot;:&quot;&quot;,&quot;camera&quot;:&quot;iPhone 6&quot;,&quot;caption&quot;:&quot;&quot;,&quot;created_timestamp&quot;:&quot;1509234539&quot;,&quot;copyright&quot;:&quot;&quot;,&quot;focal_length&quot;:&quot;4.15&quot;,&quot;iso&quot;:&quot;250&quot;,&quot;shutter_speed&quot;:&quot;0.030303030303&quot;,&quot;title&quot;:&quot;&quot;,&quot;orientation&quot;:&quot;6&quot;}\" data-image-title=\"IMG_0697\" data-image-description=\"\" data-medium-file=\"http:\/\/www.kjv-harheim.de\/wp-content\/uploads\/2017\/11\/IMG_0697-e1509993297479-225x300.jpg\" data-large-file=\"http:\/\/www.kjv-harheim.de\/wp-content\/uploads\/2017\/11\/IMG_0697-e1509993297479-768x1024.jpg\" src=\"https:\/\/i0.wp.com\/www.kjv-harheim.de\/wp-content\/uploads\/2017\/11\/IMG_0697-e1509993297479.jpg?w=732&#038;h=976\" width=\"732\" height=\"976\" data-original-width=\"732\" data-original-height=\"976\" itemprop=\"http:\/\/schema.org\/image\" title=\"IMG_0697\" alt=\"IMG_0697\" style=\"width: 732px; height: 976px;\" \/> <\/a> <\/div> <\/div> <!-- close group --> <div class=\"gallery-group images-3\" style=\"width: 434px; height: 980px;\" data-original-width=\"434\" data-original-height=\"980\" > <div class=\"tiled-gallery-item tiled-gallery-item-large\" itemprop=\"associatedMedia\" itemscope itemtype=\"http:\/\/schema.org\/ImageObject\"> <a href=\"http:\/\/www.kjv-harheim.de\/index.php\/2017\/11\/02\/bilder-der-kjv-musikzug-in-altleiningen\/img_0698\/\" border=\"0\" itemprop=\"url\"> <meta itemprop=\"width\" content=\"430\"> <meta itemprop=\"height\" content=\"322\"> <img data-attachment-id=\"5562\" data-orig-file=\"http:\/\/www.kjv-harheim.de\/wp-content\/uploads\/2017\/11\/IMG_0698-e1509993057700.jpg\" data-orig-size=\"3264,2448\" data-comments-opened=\"\" data-image-meta=\"{&quot;aperture&quot;:&quot;2.2&quot;,&quot;credit&quot;:&quot;&quot;,&quot;camera&quot;:&quot;iPhone 6&quot;,&quot;caption&quot;:&quot;&quot;,&quot;created_timestamp&quot;:&quot;1509235868&quot;,&quot;copyright&quot;:&quot;&quot;,&quot;focal_length&quot;:&quot;4.15&quot;,&quot;iso&quot;:&quot;250&quot;,&quot;shutter_speed&quot;:&quot;0.030303030303&quot;,&quot;title&quot;:&quot;&quot;,&quot;orientation&quot;:&quot;3&quot;}\" data-image-title=\"IMG_0698\" data-image-description=\"\" data-medium-file=\"http:\/\/www.kjv-harheim.de\/wp-content\/uploads\/2017\/11\/IMG_0698-e1509993057700-300x225.jpg\" data-large-file=\"http:\/\/www.kjv-harheim.de\/wp-content\/uploads\/2017\/11\/IMG_0698-e1509993057700-1024x768.jpg\" src=\"https:\/\/i0.wp.com\/www.kjv-harheim.de\/wp-content\/uploads\/2017\/11\/IMG_0698-e1509993057700.jpg?w=430&#038;h=322\" width=\"430\" height=\"322\" data-original-width=\"430\" data-original-height=\"322\" itemprop=\"http:\/\/schema.org\/image\" title=\"IMG_0698\" alt=\"IMG_0698\" style=\"width: 430px; height: 322px;\" \/> <\/a> <\/div> <div class=\"tiled-gallery-item tiled-gallery-item-large\" itemprop=\"associatedMedia\" itemscope itemtype=\"http:\/\/schema.org\/ImageObject\"> <a href=\"http:\/\/www.kjv-harheim.de\/index.php\/2017\/11\/02\/bilder-der-kjv-musikzug-in-altleiningen\/img_0699\/\" border=\"0\" itemprop=\"url\"> <meta itemprop=\"width\" content=\"430\"> <meta itemprop=\"height\" content=\"323\"> <img data-attachment-id=\"5563\" data-orig-file=\"http:\/\/www.kjv-harheim.de\/wp-content\/uploads\/2017\/11\/IMG_0699-e1509993038921.jpg\" data-orig-size=\"3264,2448\" data-comments-opened=\"\" data-image-meta=\"{&quot;aperture&quot;:&quot;2.2&quot;,&quot;credit&quot;:&quot;&quot;,&quot;camera&quot;:&quot;iPhone 6&quot;,&quot;caption&quot;:&quot;&quot;,&quot;created_timestamp&quot;:&quot;1509235876&quot;,&quot;copyright&quot;:&quot;&quot;,&quot;focal_length&quot;:&quot;4.15&quot;,&quot;iso&quot;:&quot;200&quot;,&quot;shutter_speed&quot;:&quot;0.030303030303&quot;,&quot;title&quot;:&quot;&quot;,&quot;orientation&quot;:&quot;3&quot;}\" data-image-title=\"IMG_0699\" data-image-description=\"\" data-medium-file=\"http:\/\/www.kjv-harheim.de\/wp-content\/uploads\/2017\/11\/IMG_0699-e1509993038921-300x225.jpg\" data-large-file=\"http:\/\/www.kjv-harheim.de\/wp-content\/uploads\/2017\/11\/IMG_0699-e1509993038921-1024x768.jpg\" src=\"https:\/\/i0.wp.com\/www.kjv-harheim.de\/wp-content\/uploads\/2017\/11\/IMG_0699-e1509993038921.jpg?w=430&#038;h=323\" width=\"430\" height=\"323\" data-original-width=\"430\" data-original-height=\"323\" itemprop=\"http:\/\/schema.org\/image\" title=\"IMG_0699\" alt=\"IMG_0699\" style=\"width: 430px; height: 323px;\" \/> <\/a> <\/div> <div class=\"tiled-gallery-item tiled-gallery-item-large\" itemprop=\"associatedMedia\" itemscope itemtype=\"http:\/\/schema.org\/ImageObject\"> <a href=\"http:\/\/www.kjv-harheim.de\/index.php\/2017\/11\/02\/bilder-der-kjv-musikzug-in-altleiningen\/img_0700\/\" border=\"0\" itemprop=\"url\"> <meta itemprop=\"width\" content=\"430\"> <meta itemprop=\"height\" content=\"323\"> <img data-attachment-id=\"5564\" data-orig-file=\"http:\/\/www.kjv-harheim.de\/wp-content\/uploads\/2017\/11\/IMG_0700.jpg\" data-orig-size=\"3264,2448\" data-comments-opened=\"\" data-image-meta=\"{&quot;aperture&quot;:&quot;2.2&quot;,&quot;credit&quot;:&quot;&quot;,&quot;camera&quot;:&quot;iPhone 6&quot;,&quot;caption&quot;:&quot;&quot;,&quot;created_timestamp&quot;:&quot;1509271684&quot;,&quot;copyright&quot;:&quot;&quot;,&quot;focal_length&quot;:&quot;4.15&quot;,&quot;iso&quot;:&quot;400&quot;,&quot;shutter_speed&quot;:&quot;0.0588235294118&quot;,&quot;title&quot;:&quot;&quot;,&quot;orientation&quot;:&quot;1&quot;}\" data-image-title=\"IMG_0700\" data-image-description=\"\" data-medium-file=\"http:\/\/www.kjv-harheim.de\/wp-content\/uploads\/2017\/11\/IMG_0700-300x225.jpg\" data-large-file=\"http:\/\/www.kjv-harheim.de\/wp-content\/uploads\/2017\/11\/IMG_0700-1024x768.jpg\" src=\"https:\/\/i0.wp.com\/www.kjv-harheim.de\/wp-content\/uploads\/2017\/11\/IMG_0700.jpg?w=430&#038;h=323\" width=\"430\" height=\"323\" data-original-width=\"430\" data-original-height=\"323\" itemprop=\"http:\/\/schema.org\/image\" title=\"IMG_0700\" alt=\"IMG_0700\" style=\"width: 430px; height: 323px;\" \/> <\/a> <\/div> <\/div> <!-- close group --> <\/div> <!-- close row --> <div class=\"gallery-row\" style=\"width: 1170px; height: 586px;\" data-original-width=\"1170\" data-original-height=\"586\" > <div class=\"gallery-group images-1\" style=\"width: 780px; height: 586px;\" data-original-width=\"780\" data-original-height=\"586\" > <div class=\"tiled-gallery-item tiled-gallery-item-large\" itemprop=\"associatedMedia\" itemscope itemtype=\"http:\/\/schema.org\/ImageObject\"> <a href=\"http:\/\/www.kjv-harheim.de\/index.php\/2017\/11\/02\/bilder-der-kjv-musikzug-in-altleiningen\/img_0702\/\" border=\"0\" itemprop=\"url\"> <meta itemprop=\"width\" content=\"776\"> <meta itemprop=\"height\" content=\"582\"> <img data-attachment-id=\"5565\" data-orig-file=\"http:\/\/www.kjv-harheim.de\/wp-content\/uploads\/2017\/11\/IMG_0702.jpg\" data-orig-size=\"3264,2448\" data-comments-opened=\"\" data-image-meta=\"{&quot;aperture&quot;:&quot;2.2&quot;,&quot;credit&quot;:&quot;&quot;,&quot;camera&quot;:&quot;iPhone 6&quot;,&quot;caption&quot;:&quot;&quot;,&quot;created_timestamp&quot;:&quot;1509271717&quot;,&quot;copyright&quot;:&quot;&quot;,&quot;focal_length&quot;:&quot;4.15&quot;,&quot;iso&quot;:&quot;250&quot;,&quot;shutter_speed&quot;:&quot;0.0588235294118&quot;,&quot;title&quot;:&quot;&quot;,&quot;orientation&quot;:&quot;1&quot;}\" data-image-title=\"IMG_0702\" data-image-description=\"\" data-medium-file=\"http:\/\/www.kjv-harheim.de\/wp-content\/uploads\/2017\/11\/IMG_0702-300x225.jpg\" data-large-file=\"http:\/\/www.kjv-harheim.de\/wp-content\/uploads\/2017\/11\/IMG_0702-1024x768.jpg\" src=\"https:\/\/i0.wp.com\/www.kjv-harheim.de\/wp-content\/uploads\/2017\/11\/IMG_0702.jpg?w=776&#038;h=582\" width=\"776\" height=\"582\" data-original-width=\"776\" data-original-height=\"582\" itemprop=\"http:\/\/schema.org\/image\" title=\"IMG_0702\" alt=\"IMG_0702\" style=\"width: 776px; height: 582px;\" \/> <\/a> <\/div> <\/div> <!-- close group --> <div class=\"gallery-group images-2\" style=\"width: 390px; height: 586px;\" data-original-width=\"390\" data-original-height=\"586\" > <div class=\"tiled-gallery-item tiled-gallery-item-large\" itemprop=\"associatedMedia\" itemscope itemtype=\"http:\/\/schema.org\/ImageObject\"> <a href=\"http:\/\/www.kjv-harheim.de\/index.php\/2017\/11\/02\/bilder-der-kjv-musikzug-in-altleiningen\/img_0703\/\" border=\"0\" itemprop=\"url\"> <meta itemprop=\"width\" content=\"386\"> <meta itemprop=\"height\" content=\"289\"> <img data-attachment-id=\"5566\" data-orig-file=\"http:\/\/www.kjv-harheim.de\/wp-content\/uploads\/2017\/11\/IMG_0703.jpg\" data-orig-size=\"3264,2448\" data-comments-opened=\"\" data-image-meta=\"{&quot;aperture&quot;:&quot;2.2&quot;,&quot;credit&quot;:&quot;&quot;,&quot;camera&quot;:&quot;iPhone 6&quot;,&quot;caption&quot;:&quot;&quot;,&quot;created_timestamp&quot;:&quot;1509271743&quot;,&quot;copyright&quot;:&quot;&quot;,&quot;focal_length&quot;:&quot;4.15&quot;,&quot;iso&quot;:&quot;250&quot;,&quot;shutter_speed&quot;:&quot;0.04&quot;,&quot;title&quot;:&quot;&quot;,&quot;orientation&quot;:&quot;1&quot;}\" data-image-title=\"IMG_0703\" data-image-description=\"\" data-medium-file=\"http:\/\/www.kjv-harheim.de\/wp-content\/uploads\/2017\/11\/IMG_0703-300x225.jpg\" data-large-file=\"http:\/\/www.kjv-harheim.de\/wp-content\/uploads\/2017\/11\/IMG_0703-1024x768.jpg\" src=\"https:\/\/i0.wp.com\/www.kjv-harheim.de\/wp-content\/uploads\/2017\/11\/IMG_0703.jpg?w=386&#038;h=289\" width=\"386\" height=\"289\" data-original-width=\"386\" data-original-height=\"289\" itemprop=\"http:\/\/schema.org\/image\" title=\"IMG_0703\" alt=\"IMG_0703\" style=\"width: 386px; height: 289px;\" \/> <\/a> <\/div> <div class=\"tiled-gallery-item tiled-gallery-item-large\" itemprop=\"associatedMedia\" itemscope itemtype=\"http:\/\/schema.org\/ImageObject\"> <a href=\"http:\/\/www.kjv-harheim.de\/index.php\/2017\/11\/02\/bilder-der-kjv-musikzug-in-altleiningen\/img_0727\/\" border=\"0\" itemprop=\"url\"> <meta itemprop=\"width\" content=\"386\"> <meta itemprop=\"height\" content=\"289\"> <img data-attachment-id=\"5567\" data-orig-file=\"http:\/\/www.kjv-harheim.de\/wp-content\/uploads\/2017\/11\/IMG_0727-e1509993022449.jpg\" data-orig-size=\"3264,2448\" data-comments-opened=\"\" data-image-meta=\"{&quot;aperture&quot;:&quot;2.2&quot;,&quot;credit&quot;:&quot;&quot;,&quot;camera&quot;:&quot;iPhone 6&quot;,&quot;caption&quot;:&quot;&quot;,&quot;created_timestamp&quot;:&quot;1509277092&quot;,&quot;copyright&quot;:&quot;&quot;,&quot;focal_length&quot;:&quot;4.15&quot;,&quot;iso&quot;:&quot;32&quot;,&quot;shutter_speed&quot;:&quot;0.000227014755959&quot;,&quot;title&quot;:&quot;&quot;,&quot;orientation&quot;:&quot;3&quot;}\" data-image-title=\"IMG_0727\" data-image-description=\"\" data-medium-file=\"http:\/\/www.kjv-harheim.de\/wp-content\/uploads\/2017\/11\/IMG_0727-e1509993022449-300x225.jpg\" data-large-file=\"http:\/\/www.kjv-harheim.de\/wp-content\/uploads\/2017\/11\/IMG_0727-e1509993022449-1024x768.jpg\" src=\"https:\/\/i0.wp.com\/www.kjv-harheim.de\/wp-content\/uploads\/2017\/11\/IMG_0727-e1509993022449.jpg?w=386&#038;h=289\" width=\"386\" height=\"289\" data-original-width=\"386\" data-original-height=\"289\" itemprop=\"http:\/\/schema.org\/image\" title=\"IMG_0727\" alt=\"IMG_0727\" style=\"width: 386px; height: 289px;\" \/> <\/a> <\/div> <\/div> <!-- close group --> <\/div> <!-- close row --> <div class=\"gallery-row\" style=\"width: 1170px; height: 440px;\" data-original-width=\"1170\" data-original-height=\"440\" > <div class=\"gallery-group images-1\" style=\"width: 585px; height: 440px;\" data-original-width=\"585\" data-original-height=\"440\" > <div class=\"tiled-gallery-item tiled-gallery-item-large\" itemprop=\"associatedMedia\" itemscope itemtype=\"http:\/\/schema.org\/ImageObject\"> <a href=\"http:\/\/www.kjv-harheim.de\/index.php\/2017\/11\/02\/bilder-der-kjv-musikzug-in-altleiningen\/img_0730\/\" border=\"0\" itemprop=\"url\"> <meta itemprop=\"width\" content=\"581\"> <meta itemprop=\"height\" content=\"436\"> <img data-attachment-id=\"5568\" data-orig-file=\"http:\/\/www.kjv-harheim.de\/wp-content\/uploads\/2017\/11\/IMG_0730-e1509993006798.jpg\" data-orig-size=\"3264,2448\" data-comments-opened=\"\" data-image-meta=\"{&quot;aperture&quot;:&quot;2.2&quot;,&quot;credit&quot;:&quot;&quot;,&quot;camera&quot;:&quot;iPhone 6&quot;,&quot;caption&quot;:&quot;&quot;,&quot;created_timestamp&quot;:&quot;1509277092&quot;,&quot;copyright&quot;:&quot;&quot;,&quot;focal_length&quot;:&quot;4.15&quot;,&quot;iso&quot;:&quot;32&quot;,&quot;shutter_speed&quot;:&quot;0.000227014755959&quot;,&quot;title&quot;:&quot;&quot;,&quot;orientation&quot;:&quot;3&quot;}\" data-image-title=\"IMG_0730\" data-image-description=\"\" data-medium-file=\"http:\/\/www.kjv-harheim.de\/wp-content\/uploads\/2017\/11\/IMG_0730-e1509993006798-300x225.jpg\" data-large-file=\"http:\/\/www.kjv-harheim.de\/wp-content\/uploads\/2017\/11\/IMG_0730-e1509993006798-1024x768.jpg\" src=\"https:\/\/i0.wp.com\/www.kjv-harheim.de\/wp-content\/uploads\/2017\/11\/IMG_0730-e1509993006798.jpg?w=581&#038;h=436\" width=\"581\" height=\"436\" data-original-width=\"581\" data-original-height=\"436\" itemprop=\"http:\/\/schema.org\/image\" title=\"IMG_0730\" alt=\"IMG_0730\" style=\"width: 581px; height: 436px;\" \/> <\/a> <\/div> <\/div> <!-- close group --> <div class=\"gallery-group images-1\" style=\"width: 585px; height: 440px;\" data-original-width=\"585\" data-original-height=\"440\" > <div class=\"tiled-gallery-item tiled-gallery-item-large\" itemprop=\"associatedMedia\" itemscope itemtype=\"http:\/\/schema.org\/ImageObject\"> <a href=\"http:\/\/www.kjv-harheim.de\/index.php\/2017\/11\/02\/bilder-der-kjv-musikzug-in-altleiningen\/img_0731\/\" border=\"0\" itemprop=\"url\"> <meta itemprop=\"width\" content=\"581\"> <meta itemprop=\"height\" content=\"436\"> <img data-attachment-id=\"5569\" data-orig-file=\"http:\/\/www.kjv-harheim.de\/wp-content\/uploads\/2017\/11\/IMG_0731-e1509992987192.jpg\" data-orig-size=\"3264,2448\" data-comments-opened=\"\" data-image-meta=\"{&quot;aperture&quot;:&quot;2.2&quot;,&quot;credit&quot;:&quot;&quot;,&quot;camera&quot;:&quot;iPhone 6&quot;,&quot;caption&quot;:&quot;&quot;,&quot;created_timestamp&quot;:&quot;1509277092&quot;,&quot;copyright&quot;:&quot;&quot;,&quot;focal_length&quot;:&quot;4.15&quot;,&quot;iso&quot;:&quot;32&quot;,&quot;shutter_speed&quot;:&quot;0.000227014755959&quot;,&quot;title&quot;:&quot;&quot;,&quot;orientation&quot;:&quot;3&quot;}\" data-image-title=\"IMG_0731\" data-image-description=\"\" data-medium-file=\"http:\/\/www.kjv-harheim.de\/wp-content\/uploads\/2017\/11\/IMG_0731-e1509992987192-300x225.jpg\" data-large-file=\"http:\/\/www.kjv-harheim.de\/wp-content\/uploads\/2017\/11\/IMG_0731-e1509992987192-1024x768.jpg\" src=\"https:\/\/i0.wp.com\/www.kjv-harheim.de\/wp-content\/uploads\/2017\/11\/IMG_0731-e1509992987192.jpg?w=581&#038;h=436\" width=\"581\" height=\"436\" data-original-width=\"581\" data-original-height=\"436\" itemprop=\"http:\/\/schema.org\/image\" title=\"IMG_0731\" alt=\"IMG_0731\" style=\"width: 581px; height: 436px;\" \/> <\/a> <\/div> <\/div> <!-- close group --> <\/div> <!-- close row --> <\/div>\n","protected":false},"excerpt":{"rendered":"","protected":false},"author":1,"featured_media":0,"comment_status":"closed","ping_status":"open","sticky":false,"template":"","format":"gallery","meta":{"jetpack_post_was_ever_published":false,"jetpack_publicize_message":"","jetpack_is_tweetstorm":false,"jetpack_publicize_feature_enabled":true,"jetpack_social_post_already_shared":true,"jetpack_social_options":{"image_generator_settings":{"template":"highway","enabled":false}}},"categories":[47],"tags":[60,72],"jetpack_publicize_connections":[],"jetpack_featured_media_url":"","jetpack_sharing_enabled":true,"jetpack_shortlink":"https:\/\/wp.me\/p7HeFu-1qz","jetpack-related-posts":[{"id":5027,"url":"http:\/\/www.kjv-harheim.de\/index.php\/2016\/10\/16\/bilder-vom-kjv-musikzug-wochenende-2016\/","url_meta":{"origin":5491,"position":0},"title":"Bilder vom KJV Musikzug Wochenende 2016","date":"16. Oktober 2016","format":"gallery","excerpt":"","rel":"","context":"In &quot;Bildergalerie&quot;","img":{"alt_text":"","src":"https:\/\/i0.wp.com\/www.kjv-harheim.de\/wp-content\/uploads\/2016\/10\/KJV-Musikzug-2016-1-e1476632864128.jpg?resize=350%2C200","width":350,"height":200},"classes":[]},{"id":5940,"url":"http:\/\/www.kjv-harheim.de\/index.php\/2018\/10\/22\/kjv-musikzu-wochenende-2018\/","url_meta":{"origin":5491,"position":1},"title":"KJV Musikzug Wochenende 2018 in Sagenroth","date":"22. Oktober 2018","format":"gallery","excerpt":"","rel":"","context":"In &quot;Bildergalerie&quot;","img":{"alt_text":"","src":"https:\/\/i0.wp.com\/www.kjv-harheim.de\/wp-content\/uploads\/2018\/10\/KJV-Musikzug-2018-1.jpg?resize=350%2C200","width":350,"height":200},"classes":[]},{"id":6492,"url":"http:\/\/www.kjv-harheim.de\/index.php\/2020\/04\/08\/terrassenkonzert-in-harheim\/","url_meta":{"origin":5491,"position":2},"title":"Terrassenkonzert in Harheim","date":"8. April 2020","format":false,"excerpt":"Sonntags nachmittags um 18:15 Uhr veranstaltet der Musikzug des KJV mit dem Musikverein Harheim und allen interessierten Musikern Terrassen-, Balkon und Fensterkonzerte. Dadurch sollen die Lieder in ganz Harheim zu h\u00f6ren sein. Wir hoffen damit in der Nachbarschaft ein wenig Freude zu verbreiten.\u00a0 Falls jemand mitmachen m\u00f6chte und die Noten\u2026","rel":"","context":"In &quot;+++ NEWS +++&quot;","img":{"alt_text":"","src":"https:\/\/i0.wp.com\/www.kjv-harheim.de\/wp-content\/uploads\/2020\/04\/A0D29DB3-F07A-4AB3-BB0C-74A4F8799A96-300x240.png?resize=350%2C200","width":350,"height":200},"classes":[]},{"id":4382,"url":"http:\/\/www.kjv-harheim.de\/index.php\/2016\/07\/09\/wir-fuellen-das-stadion\/","url_meta":{"origin":5491,"position":3},"title":"Wir f\u00fcllen das Stadion\u00a0","date":"9. Juli 2016","format":"gallery","excerpt":"Der KJV ist Weltrekordhalter ! 7\u200a548 Musiker aus dem In- und Ausland haben am Samstag in der Frankfurter Commerzbank-Arena das gr\u00f6\u00dfte Orchester aller Zeiten gebildet und sich damit einen Eintrag ins Buch der Rekorde gesichert. UND DER KJV WAR DABEI !! :mrgreen:\u00a0 :mrgreen: Ein Wahnsinnserlebnis... In einem Stadion so vielen\u2026","rel":"","context":"In &quot;+++ NEWS +++&quot;","img":{"alt_text":"","src":"https:\/\/i0.wp.com\/www.kjv-harheim.de\/wp-content\/uploads\/2016\/07\/img_4087.jpg?resize=350%2C200","width":350,"height":200},"classes":[]},{"id":215,"url":"http:\/\/www.kjv-harheim.de\/index.php\/2012\/04\/20\/musikzug\/","url_meta":{"origin":5491,"position":4},"title":"Was macht denn der Musikzug so?","date":"20. April 2012","format":false,"excerpt":"Der Musikzug besteht aus rund 20 Aktiven an den Instrumenten Schlagzeug, Querfl\u00f6te, Klarinette, Saxophon, Trompete, Tenorhorn und Tuba. \u00dcber jeden Neuzugang freuen wir uns nat\u00fcrlich! Das Repertoire des Musikzuges deckt ein breites Feld an Musikrichtungen ab. F\u00fcr die Musiker besteht die M\u00f6glichkeit, sich aktiv an der Auswahl der Musikst\u00fccke\u00a0 zu\u2026","rel":"","context":"In &quot;Musikzug&quot;","img":{"alt_text":"","src":"","width":0,"height":0},"classes":[]},{"id":6263,"url":"http:\/\/www.kjv-harheim.de\/index.php\/2019\/10\/23\/musikzug-wochenendausflug-2019\/","url_meta":{"origin":5491,"position":5},"title":"Musikzug Wochenendausflug 2019","date":"23. Oktober 2019","format":"gallery","excerpt":"","rel":"","context":"In &quot;+++ NEWS +++&quot;","img":{"alt_text":"","src":"https:\/\/i0.wp.com\/www.kjv-harheim.de\/wp-content\/uploads\/2019\/10\/IMG_6220-1.jpg?resize=350%2C200","width":350,"height":200},"classes":[]}],"_links":{"self":[{"href":"http:\/\/www.kjv-harheim.de\/index.php\/wp-json\/wp\/v2\/posts\/5491"}],"collection":[{"href":"http:\/\/www.kjv-harheim.de\/index.php\/wp-json\/wp\/v2\/posts"}],"about":[{"href":"http:\/\/www.kjv-harheim.de\/index.php\/wp-json\/wp\/v2\/types\/post"}],"author":[{"embeddable":true,"href":"http:\/\/www.kjv-harheim.de\/index.php\/wp-json\/wp\/v2\/users\/1"}],"replies":[{"embeddable":true,"href":"http:\/\/www.kjv-harheim.de\/index.php\/wp-json\/wp\/v2\/comments?post=5491"}],"version-history":[{"count":3,"href":"http:\/\/www.kjv-harheim.de\/index.php\/wp-json\/wp\/v2\/posts\/5491\/revisions"}],"predecessor-version":[{"id":5571,"href":"http:\/\/www.kjv-harheim.de\/index.php\/wp-json\/wp\/v2\/posts\/5491\/revisions\/5571"}],"wp:attachment":[{"href":"http:\/\/www.kjv-harheim.de\/index.php\/wp-json\/wp\/v2\/media?parent=5491"}],"wp:term":[{"taxonomy":"category","embeddable":true,"href":"http:\/\/www.kjv-harheim.de\/index.php\/wp-json\/wp\/v2\/categories?post=5491"},{"taxonomy":"post_tag","embeddable":true,"href":"http:\/\/www.kjv-harheim.de\/index.php\/wp-json\/wp\/v2\/tags?post=5491"}],"curies":[{"name":"wp","href":"https:\/\/api.w.org\/{rel}","templated":true}]}}