{"id":5503,"date":"2017-11-02T21:36:40","date_gmt":"2017-11-02T20:36:40","guid":{"rendered":"http:\/\/www.kjv-harheim.de\/?p=5503"},"modified":"2017-11-02T21:38:57","modified_gmt":"2017-11-02T20:38:57","slug":"der-kjv-musikzug-in-altleiningen","status":"publish","type":"post","link":"http:\/\/www.kjv-harheim.de\/index.php\/2017\/11\/02\/der-kjv-musikzug-in-altleiningen\/","title":{"rendered":"Der KJV Musikzug in Altleiningen"},"content":{"rendered":"<p><strong>Probenwochenende 27. bis 29. Oktober 2017 nach Altleiningen<\/strong><\/p>\n<p>Am 27. Oktober erreichten 24 Musiker, nach einer staureichen Anfahrt, die Jugendherberge Altleiningen um dort das Probenwochenende 2017 zu verbringen.<\/p>\n<p>An diesem Wochenende sollten die St\u00fccke f\u00fcr den Familiennachmittag noch einmal intensiv geprobt werden. Aber auch die \u201ekleinen\u201c Musiker bekamen die Gelegenheit die Kirchenst\u00fccke oder Martinslieder zu proben.<\/p>\n<p>In drei angesetzten \u00dcbungsstunden konnte dies konzentriert umgesetzt werden.<\/p>\n<p>Auf keinen Fall kam aber Spiel\/Spa\u00df und Unterhaltung zu kurz.<\/p>\n<p>Beim Bowlingspielen am Samstagnachmittag konnten sich alle ausgiebig austoben.<\/p>\n<p>Die Taktiken, so viele Pin wie m\u00f6glich abzuwerfen, waren vielf\u00e4ltig, f\u00fchrten aber nicht immer zum gew\u00fcnschten Erfolg. Spa\u00df hat es aber trotzdem gemacht.<\/p>\n<p>Als Spieleabend hat der Samstagabend eine lange Tradition.<\/p>\n<p>Aufgeteilt in vier Gruppen unterschiedlichen Geschlechts und Alters konnte jeder seine F\u00e4higkeiten bei verschiedenen Spielen aus den \u2013Bereichen Sport, Wissen, Geschicklichkeit, Taktik oder Gl\u00fcck einbringen.<\/p>\n<p>Als Abschluss des Wochenendes haben wir am Sonntagvormittag die Hl. Messe in Hettenleidelheim musikalisch mitgestaltet.<\/p>\n<p>Nach einem leckeren Mittagessen und vielen sch\u00f6nen und lustigen Stunden in der Burg Jugendherberge Altleiningen machten sich alle, mehr oder weniger m\u00fcde und geschafft, wieder auf den Heimweg.<\/p>\n<p>Auch f\u00fcr n\u00e4chstes Jahr ist vom 19. bis 21. Oktober wieder ein Probenwochenende geplant.<\/p>\n","protected":false},"excerpt":{"rendered":"<p>Probenwochenende 27. bis 29. Oktober 2017 nach Altleiningen Am 27. Oktober erreichten 24 Musiker, nach einer staureichen Anfahrt, die Jugendherberge Altleiningen um dort das Probenwochenende 2017 zu verbringen. An diesem Wochenende sollten die St\u00fccke f\u00fcr den Familiennachmittag noch einmal intensiv geprobt werden. Aber auch die \u201ekleinen\u201c Musiker bekamen die Gelegenheit die Kirchenst\u00fccke oder Martinslieder zu [&hellip;]<\/p>\n","protected":false},"author":1,"featured_media":5504,"comment_status":"closed","ping_status":"open","sticky":false,"template":"","format":"standard","meta":{"jetpack_post_was_ever_published":false,"jetpack_publicize_message":"","jetpack_is_tweetstorm":false,"jetpack_publicize_feature_enabled":true,"jetpack_social_post_already_shared":true,"jetpack_social_options":{"image_generator_settings":{"template":"highway","enabled":false}}},"categories":[48,46],"tags":[76,72],"jetpack_publicize_connections":[],"jetpack_featured_media_url":"http:\/\/www.kjv-harheim.de\/wp-content\/uploads\/2017\/11\/01_altleiningen_portrait.jpg","jetpack_sharing_enabled":true,"jetpack_shortlink":"https:\/\/wp.me\/p7HeFu-1qL","jetpack-related-posts":[{"id":6481,"url":"http:\/\/www.kjv-harheim.de\/index.php\/2020\/03\/27\/terassenkonzert\/","url_meta":{"origin":5503,"position":0},"title":"Terassenkonzert","date":"27. M\u00e4rz 2020","format":false,"excerpt":"Am Sonntag ist es wieder soweit. In Harheim wird wieder Musik gemacht. Jeder der Lust hat,\u00a0 kann mitmachen. Ob am offenen Fenster, auf der Terasse, oder im eigenen Garten, egal. Macht mit und zeigt der Welt, das Musik auch in diesen Zeiten verbinden kann. Am Sonntag um 18:15 Uhr geht\u00b4s\u2026","rel":"","context":"In &quot;+++ NEWS +++&quot;","img":{"alt_text":"","src":"","width":0,"height":0},"classes":[]},{"id":215,"url":"http:\/\/www.kjv-harheim.de\/index.php\/2012\/04\/20\/musikzug\/","url_meta":{"origin":5503,"position":1},"title":"Was macht denn der Musikzug so?","date":"20. April 2012","format":false,"excerpt":"Der Musikzug besteht aus rund 20 Aktiven an den Instrumenten Schlagzeug, Querfl\u00f6te, Klarinette, Saxophon, Trompete, Tenorhorn und Tuba. \u00dcber jeden Neuzugang freuen wir uns nat\u00fcrlich! Das Repertoire des Musikzuges deckt ein breites Feld an Musikrichtungen ab. F\u00fcr die Musiker besteht die M\u00f6glichkeit, sich aktiv an der Auswahl der Musikst\u00fccke\u00a0 zu\u2026","rel":"","context":"In &quot;Musikzug&quot;","img":{"alt_text":"","src":"","width":0,"height":0},"classes":[]},{"id":6492,"url":"http:\/\/www.kjv-harheim.de\/index.php\/2020\/04\/08\/terrassenkonzert-in-harheim\/","url_meta":{"origin":5503,"position":2},"title":"Terrassenkonzert in Harheim","date":"8. April 2020","format":false,"excerpt":"Sonntags nachmittags um 18:15 Uhr veranstaltet der Musikzug des KJV mit dem Musikverein Harheim und allen interessierten Musikern Terrassen-, Balkon und Fensterkonzerte. Dadurch sollen die Lieder in ganz Harheim zu h\u00f6ren sein. Wir hoffen damit in der Nachbarschaft ein wenig Freude zu verbreiten.\u00a0 Falls jemand mitmachen m\u00f6chte und die Noten\u2026","rel":"","context":"In &quot;+++ NEWS +++&quot;","img":{"alt_text":"","src":"https:\/\/i0.wp.com\/www.kjv-harheim.de\/wp-content\/uploads\/2020\/04\/A0D29DB3-F07A-4AB3-BB0C-74A4F8799A96-300x240.png?resize=350%2C200","width":350,"height":200},"classes":[]},{"id":8019,"url":"http:\/\/www.kjv-harheim.de\/index.php\/2024\/07\/28\/summertime-2024-ein-rueckblick\/","url_meta":{"origin":5503,"position":3},"title":"Summertime 2024 &#8211; ein R\u00fcckblick","date":"28. Juli 2024","format":false,"excerpt":"Wie viel Spa\u00df es macht, in Gemeinschaft etwas auf die Beine zu stellen haben wir einmal mehr an unserem Fest am Born erfahren. Nur mit vielen Helferinnen und Helfern ist es \u00fcberhaupt m\u00f6glich das Fest stattfinden zu lassen. Deshalb sei auch hier noch einmal allen gedankt, ob Mitglied oder nicht\u2026","rel":"","context":"In &quot;Bildergalerie&quot;","img":{"alt_text":"","src":"https:\/\/i0.wp.com\/www.kjv-harheim.de\/wp-content\/uploads\/2024\/07\/IMG-20240623-WA0007-1.jpg?resize=350%2C200","width":350,"height":200},"classes":[]},{"id":8119,"url":"http:\/\/www.kjv-harheim.de\/index.php\/2024\/11\/13\/familiennachmittag-2024-mit-neuem-konzept\/","url_meta":{"origin":5503,"position":4},"title":"Familiennachmittag 2024 mit neuem Konzept","date":"13. November 2024","format":false,"excerpt":"Am Sonntag den 3.11.24 luden wir Mitglieder mit ihren Angeh\u00f6rigen und Freunde des KJV zu unserem Familiennachmittag im B\u00fcrgerhaus ein. In den letzten Jahren sank das Interesse an unserem (etwas in die Jahre gekommenen) Vereinstreffen und so war es ein recht kleines KJV-Familientreffen in 2023.Im letzten Jahr war es uns\u2026","rel":"","context":"In &quot;Allgemein&quot;","img":{"alt_text":"","src":"https:\/\/i0.wp.com\/www.kjv-harheim.de\/wp-content\/uploads\/2024\/11\/2-scaled.jpg?resize=350%2C200","width":350,"height":200},"classes":[]},{"id":4382,"url":"http:\/\/www.kjv-harheim.de\/index.php\/2016\/07\/09\/wir-fuellen-das-stadion\/","url_meta":{"origin":5503,"position":5},"title":"Wir f\u00fcllen das Stadion\u00a0","date":"9. Juli 2016","format":"gallery","excerpt":"Der KJV ist Weltrekordhalter ! 7\u200a548 Musiker aus dem In- und Ausland haben am Samstag in der Frankfurter Commerzbank-Arena das gr\u00f6\u00dfte Orchester aller Zeiten gebildet und sich damit einen Eintrag ins Buch der Rekorde gesichert. UND DER KJV WAR DABEI !! :mrgreen:\u00a0 :mrgreen: Ein Wahnsinnserlebnis... In einem Stadion so vielen\u2026","rel":"","context":"In &quot;+++ NEWS +++&quot;","img":{"alt_text":"","src":"https:\/\/i0.wp.com\/www.kjv-harheim.de\/wp-content\/uploads\/2016\/07\/img_4087.jpg?resize=350%2C200","width":350,"height":200},"classes":[]}],"_links":{"self":[{"href":"http:\/\/www.kjv-harheim.de\/index.php\/wp-json\/wp\/v2\/posts\/5503"}],"collection":[{"href":"http:\/\/www.kjv-harheim.de\/index.php\/wp-json\/wp\/v2\/posts"}],"about":[{"href":"http:\/\/www.kjv-harheim.de\/index.php\/wp-json\/wp\/v2\/types\/post"}],"author":[{"embeddable":true,"href":"http:\/\/www.kjv-harheim.de\/index.php\/wp-json\/wp\/v2\/users\/1"}],"replies":[{"embeddable":true,"href":"http:\/\/www.kjv-harheim.de\/index.php\/wp-json\/wp\/v2\/comments?post=5503"}],"version-history":[{"count":1,"href":"http:\/\/www.kjv-harheim.de\/index.php\/wp-json\/wp\/v2\/posts\/5503\/revisions"}],"predecessor-version":[{"id":5505,"href":"http:\/\/www.kjv-harheim.de\/index.php\/wp-json\/wp\/v2\/posts\/5503\/revisions\/5505"}],"wp:featuredmedia":[{"embeddable":true,"href":"http:\/\/www.kjv-harheim.de\/index.php\/wp-json\/wp\/v2\/media\/5504"}],"wp:attachment":[{"href":"http:\/\/www.kjv-harheim.de\/index.php\/wp-json\/wp\/v2\/media?parent=5503"}],"wp:term":[{"taxonomy":"category","embeddable":true,"href":"http:\/\/www.kjv-harheim.de\/index.php\/wp-json\/wp\/v2\/categories?post=5503"},{"taxonomy":"post_tag","embeddable":true,"href":"http:\/\/www.kjv-harheim.de\/index.php\/wp-json\/wp\/v2\/tags?post=5503"}],"curies":[{"name":"wp","href":"https:\/\/api.w.org\/{rel}","templated":true}]}}