{"id":6021,"date":"2019-02-28T08:44:28","date_gmt":"2019-02-28T07:44:28","guid":{"rendered":"http:\/\/www.kjv-harheim.de\/?p=6021"},"modified":"2019-02-28T08:44:28","modified_gmt":"2019-02-28T07:44:28","slug":"kjv-helau-2","status":"publish","type":"post","link":"http:\/\/www.kjv-harheim.de\/index.php\/2019\/02\/28\/kjv-helau-2\/","title":{"rendered":"KJV &#8211; helau!"},"content":{"rendered":"<p>Zum Auftakt der n\u00e4rrischen Tage m\u00f6chte ich noch einmal kurz auf unsere Veranstaltungen hinweisen:<\/p>\n<p><u>Weiberfastnacht in Harheim am 28.02.2019<\/u><\/p>\n<p>Am <strong>Donnerstag, 28.02.2019 <\/strong>sind in Harheim im Katholischen Pfarrheim die Weiber los:<\/p>\n<p><strong>Einlass:\u00a0\u00a0\u00a0\u00a0\u00a0\u00a0\u00a0\u00a0\u00a0\u00a0\u00a0\u00a0\u00a0\u00a0\u00a0\u00a0\u00a0\u00a0\u00a0\u00a0\u00a0\u00a0\u00a0\u00a0 <\/strong>19:31 Uhr<\/p>\n<p><strong>Beginn:\u00a0\u00a0\u00a0\u00a0\u00a0\u00a0\u00a0\u00a0\u00a0\u00a0\u00a0\u00a0\u00a0\u00a0\u00a0\u00a0\u00a0\u00a0\u00a0\u00a0\u00a0\u00a0\u00a0\u00a0 <\/strong>20:00 Uhr<\/p>\n<p><strong>Eintritt: \u00a0\u00a0\u00a0\u00a0\u00a0\u00a0\u00a0\u00a0\u00a0\u00a0\u00a0\u00a0\u00a0\u00a0\u00a0\u00a0\u00a0\u00a0\u00a0\u00a0\u00a0\u00a0\u00a0 <\/strong>10 Euro <em>(es gibt nur noch ganz wenige Restkarten an der Abendkasse!)<\/em><\/p>\n<p><strong>Ort: \u00a0\u00a0\u00a0\u00a0\u00a0\u00a0\u00a0\u00a0\u00a0\u00a0\u00a0\u00a0\u00a0\u00a0\u00a0\u00a0\u00a0\u00a0\u00a0\u00a0\u00a0\u00a0\u00a0\u00a0\u00a0\u00a0\u00a0\u00a0\u00a0\u00a0 <\/strong>Katholisches Pfarrheim Harheim, Ph.-Schnell-Stra\u00dfe 55<\/p>\n<p>&nbsp;<\/p>\n<p><u>Faschingsparty in Harheim am 02.03.2019<\/u><\/p>\n<p>Am <strong>Faschingssamstag, 02.03.2019 <\/strong>ist es wieder soweit: der KJV und die Freiwillige Feuerwehr laden ein zur Faschingsparty:<\/p>\n<p><strong>Einlass:\u00a0\u00a0\u00a0\u00a0\u00a0\u00a0\u00a0\u00a0\u00a0\u00a0\u00a0\u00a0\u00a0\u00a0\u00a0\u00a0\u00a0\u00a0\u00a0\u00a0\u00a0\u00a0\u00a0\u00a0 <\/strong>ab 20:11 Uhr<\/p>\n<p><strong>Beginn:\u00a0\u00a0\u00a0\u00a0\u00a0\u00a0\u00a0\u00a0\u00a0\u00a0\u00a0\u00a0\u00a0\u00a0\u00a0\u00a0\u00a0\u00a0\u00a0\u00a0\u00a0\u00a0\u00a0\u00a0 <\/strong>20:33 Uhr<\/p>\n<p><strong>Eintritt: \u00a0\u00a0\u00a0\u00a0\u00a0\u00a0\u00a0\u00a0\u00a0\u00a0\u00a0\u00a0\u00a0\u00a0\u00a0\u00a0\u00a0\u00a0\u00a0\u00a0\u00a0\u00a0\u00a0 <\/strong>10 Euro (VVK\/AK)<\/p>\n<p><strong>Ort: \u00a0\u00a0\u00a0\u00a0\u00a0\u00a0\u00a0\u00a0\u00a0\u00a0\u00a0\u00a0\u00a0\u00a0\u00a0\u00a0\u00a0\u00a0\u00a0\u00a0\u00a0\u00a0\u00a0\u00a0\u00a0\u00a0\u00a0\u00a0\u00a0\u00a0 <\/strong>B\u00fcrgerhaus Frankfurt Harheim, In den Schafg\u00e4rten<\/p>\n<p><strong>Vorverkauf:\u00a0\u00a0\u00a0\u00a0\u00a0\u00a0\u00a0\u00a0\u00a0\u00a0\u00a0\u00a0\u00a0\u00a0\u00a0\u00a0\u00a0 <\/strong>in der <strong><em>B\u00e4ckerei Seipler, Korffstra\u00dfe 39<\/em><\/strong> in Frankfurt-Harheim<\/p>\n<p>&nbsp;<\/p>\n<p><u>Gro\u00dfe Rosenmontagssitzung in Harheim am 04.03.2019<\/u><\/p>\n<p>Am <strong>Rosenmontag, 04.03.2019<\/strong> steuert das Narrenschiff des KJV dem H\u00f6hepunkt der 5. Jahreszeit entgegen: wir laden herzlich ein zur Gro\u00dfen Rosenmontagssitzung!<\/p>\n<p><strong>Einlass: \u00a0\u00a0\u00a0\u00a0\u00a0\u00a0\u00a0\u00a0\u00a0\u00a0\u00a0\u00a0\u00a0\u00a0\u00a0\u00a0\u00a0\u00a0\u00a0\u00a0\u00a0\u00a0\u00a0 <\/strong>ab 18:45 Uhr<\/p>\n<p><strong>Beginn: \u00a0 \u00a0\u00a0\u00a0\u00a0\u00a0\u00a0\u00a0\u00a0\u00a0\u00a0\u00a0\u00a0\u00a0\u00a0\u00a0\u00a0\u00a0\u00a0\u00a0\u00a0\u00a0 <\/strong>19:31 Uhr<\/p>\n<p><strong>Eintritt : \u00a0\u00a0\u00a0\u00a0\u00a0\u00a0\u00a0\u00a0\u00a0\u00a0\u00a0\u00a0\u00a0\u00a0\u00a0\u00a0\u00a0\u00a0\u00a0\u00a0\u00a0\u00a0 <\/strong>14 Euro (es gibt noch Karten an der Abendkasse)<\/p>\n<p><strong>Ort: \u00a0\u00a0\u00a0\u00a0\u00a0\u00a0\u00a0\u00a0\u00a0\u00a0\u00a0\u00a0\u00a0\u00a0\u00a0\u00a0\u00a0\u00a0\u00a0\u00a0\u00a0\u00a0\u00a0\u00a0\u00a0\u00a0\u00a0\u00a0\u00a0\u00a0 <\/strong>B\u00fcrgerhaus Frankfurt Harheim, In den Schafg\u00e4rten<\/p>\n<p>&nbsp;<\/p>\n<p><u>Heringsessen f\u00fcr alle Faschingsaktiven und Helfer am 05.03.2019<\/u><\/p>\n<p>Am <strong>Faschingsdienstag, 05.03.2019<\/strong> lassen wir die n\u00e4rrischen Tage mit dem traditionellen Heringsessen f\u00fcr all unsere Faschingsaktiven und Helfer ausklingen<\/p>\n<p><strong>Beginn: \u00a0 \u00a0\u00a0\u00a0\u00a0\u00a0\u00a0\u00a0\u00a0\u00a0\u00a0\u00a0\u00a0\u00a0\u00a0\u00a0\u00a0\u00a0\u00a0\u00a0\u00a0\u00a0 <\/strong>16:00 Uhr<\/p>\n<p><strong>Ort: \u00a0\u00a0\u00a0\u00a0\u00a0\u00a0\u00a0\u00a0\u00a0\u00a0\u00a0\u00a0\u00a0\u00a0\u00a0\u00a0\u00a0\u00a0\u00a0\u00a0\u00a0\u00a0\u00a0\u00a0\u00a0\u00a0\u00a0\u00a0\u00a0\u00a0 <\/strong>Katholisches Pfarrheim Harheim, Ph.-Schnell-Stra\u00dfe 55<\/p>\n","protected":false},"excerpt":{"rendered":"<p>Zum Auftakt der n\u00e4rrischen Tage m\u00f6chte ich noch einmal kurz auf unsere Veranstaltungen hinweisen: Weiberfastnacht in Harheim am 28.02.2019 Am Donnerstag, 28.02.2019 sind in Harheim im Katholischen Pfarrheim die Weiber los: Einlass:\u00a0\u00a0\u00a0\u00a0\u00a0\u00a0\u00a0\u00a0\u00a0\u00a0\u00a0\u00a0\u00a0\u00a0\u00a0\u00a0\u00a0\u00a0\u00a0\u00a0\u00a0\u00a0\u00a0\u00a0 19:31 Uhr Beginn:\u00a0\u00a0\u00a0\u00a0\u00a0\u00a0\u00a0\u00a0\u00a0\u00a0\u00a0\u00a0\u00a0\u00a0\u00a0\u00a0\u00a0\u00a0\u00a0\u00a0\u00a0\u00a0\u00a0\u00a0 20:00 Uhr Eintritt: \u00a0\u00a0\u00a0\u00a0\u00a0\u00a0\u00a0\u00a0\u00a0\u00a0\u00a0\u00a0\u00a0\u00a0\u00a0\u00a0\u00a0\u00a0\u00a0\u00a0\u00a0\u00a0\u00a0 10 Euro (es gibt nur noch ganz wenige Restkarten an der Abendkasse!) Ort: \u00a0\u00a0\u00a0\u00a0\u00a0\u00a0\u00a0\u00a0\u00a0\u00a0\u00a0\u00a0\u00a0\u00a0\u00a0\u00a0\u00a0\u00a0\u00a0\u00a0\u00a0\u00a0\u00a0\u00a0\u00a0\u00a0\u00a0\u00a0\u00a0\u00a0 Katholisches Pfarrheim [&hellip;]<\/p>\n","protected":false},"author":2,"featured_media":0,"comment_status":"closed","ping_status":"open","sticky":false,"template":"","format":"standard","meta":{"jetpack_post_was_ever_published":false,"jetpack_publicize_message":"","jetpack_is_tweetstorm":false,"jetpack_publicize_feature_enabled":true,"jetpack_social_post_already_shared":true,"jetpack_social_options":{"image_generator_settings":{"template":"highway","enabled":false}}},"categories":[65],"tags":[],"jetpack_publicize_connections":[],"jetpack_featured_media_url":"","jetpack_sharing_enabled":true,"jetpack_shortlink":"https:\/\/wp.me\/p7HeFu-1z7","jetpack-related-posts":[{"id":6357,"url":"http:\/\/www.kjv-harheim.de\/index.php\/2020\/01\/27\/kjv-helau-3\/","url_meta":{"origin":6021,"position":0},"title":"KJV Helau!","date":"27. Januar 2020","format":false,"excerpt":"Die n\u00e4rrische Zeit steht unmittelbar bevor - das hei\u00dft, die KJV Infopost ist bereits versandt, der Kalender der Homepage gepflegt und nun auch noch der \"geb\u00fcndelte\" Hinweis auf all unsere Fastnachtsveranstaltungen f\u00fcr Sie :-) Faschingsparty in Harheim am 22.02.2020 Am Fastnachtssamstag, 22.02.2020 ist es wieder soweit: der KJV und die\u2026","rel":"","context":"In &quot;+++ NEWS +++&quot;","img":{"alt_text":"","src":"","width":0,"height":0},"classes":[]},{"id":7575,"url":"http:\/\/www.kjv-harheim.de\/index.php\/2024\/02\/02\/grosse-rosenmontagssitzung\/","url_meta":{"origin":6021,"position":1},"title":"Gro\u00dfe Rosenmontagssitzung","date":"2. Februar 2024","format":false,"excerpt":"Rosenmontagssitzung Der H\u00f6hepunkt das n\u00e4rrischen Treibens wird dann wieder am Rosenmontag, den\u00a012.02.2024 erreicht. Die traditionelle und bunte Rosenmontagssitzung des KJV\u00a0im\u00a0B\u00fcrgerhaus\u00a0Harheim ist wieder gespickt mit vielen abwechslungsreichen Vortr\u00e4gen und den\u00a0tollen\u00a0T\u00e4nzen der KJV-Gruppen.\u00a0Wichtiger Teil\u00a0des abwechslungsreichen Programms\u00a0ist\u00a0nat\u00fcrlich auch\u00a0die musikalische\u00a0durch den\u00a0KJV-Musikzug und dem beliebten\u00a0Duo Royal. Einlass und \u00d6ffnung der Abendkasse ist ab 18:45 Uhr,\u2026","rel":"","context":"In &quot;Fastnacht&quot;","img":{"alt_text":"","src":"https:\/\/i0.wp.com\/www.kjv-harheim.de\/wp-content\/uploads\/2024\/02\/IMG_6380.png?resize=350%2C200","width":350,"height":200},"classes":[]},{"id":5618,"url":"http:\/\/www.kjv-harheim.de\/index.php\/2018\/01\/22\/kjv-helau\/","url_meta":{"origin":6021,"position":2},"title":"KJV &#8211; helau!","date":"22. Januar 2018","format":false,"excerpt":"Liebe n\u00e4rrischen Freunde, nun ist es bald schon wieder soweit, und Jokus \u00fcbernimmt das Regiment \u2014 auch im KJV. Der Countdown l\u00e4uft - die n\u00e4rrischen Tage r\u00fccken unaufhaltsam n\u00e4her, und auch die KJV Narren stehen schon ungeduldig in den Startl\u00f6chern. Eine gute Gelegenheit f\u00fcr mich, noch einmal auf unsere Faschingsveranstaltungen\u2026","rel":"","context":"In &quot;Fastnacht&quot;","img":{"alt_text":"","src":"","width":0,"height":0},"classes":[]},{"id":7568,"url":"http:\/\/www.kjv-harheim.de\/index.php\/2024\/02\/02\/weiberfastnacht\/","url_meta":{"origin":6021,"position":3},"title":"Weiberfastnacht","date":"2. Februar 2024","format":false,"excerpt":"Weiberfastnachtsparty Nach den positiven R\u00fcckmeldungen\u00a0zur Premiere\u00a0des neuen Konzepts im\u00a0letzten\u00a0Jahr,\u00a0\u00fcbernehmen\u00a0auch diesmal wieder an Weiberfastnacht - Donnerstag, den 08.02.2024 -\u00a0die Frauen\u00a0das Kommando\u00a0\u00fcber das n\u00e4rrische Treiben beim KJV Harheim.\u00a0Spa\u00df, Freude und gute Laune\u00a0sind garantiert, wenn wieder\u00a0ausgelassen\u00a0im Pfarrheim der St. Jakobus Gemeinde Harheim\u00a0gefeiert wird. Einlass zur Party ist diesmal bereits ab 19:33 Uhr. Neben\u2026","rel":"","context":"In &quot;Abteilungen&quot;","img":{"alt_text":"","src":"https:\/\/i0.wp.com\/www.kjv-harheim.de\/wp-content\/uploads\/2024\/02\/IMG_6304.png?resize=350%2C200","width":350,"height":200},"classes":[]},{"id":7247,"url":"http:\/\/www.kjv-harheim.de\/index.php\/2023\/01\/30\/rosenmontagsitzung-2023\/","url_meta":{"origin":6021,"position":4},"title":"Rosenmontagssitzung 2023","date":"30. Januar 2023","format":false,"excerpt":"RosenmontagssitzungAm Rosenmontag, den 20.02.2023, ist es endlich soweit \u2013 die traditionelle und bunteRosenmontagssitzung des KJV Harheim kehrt nach der Corona-Pandemie endlich wieder zur\u00fcck indas B\u00fcrgerhaus nach Harheim. Konnte unser neue Sitzungspr\u00e4sident Heiko Schmidt in den letztenbeiden Jahren nur aus dem Home-Office bzw. per Video mit den Auftritten unserer Tanzgardengr\u00fc\u00dfen, steht\u2026","rel":"","context":"In &quot;Fastnacht&quot;","img":{"alt_text":"","src":"https:\/\/i0.wp.com\/www.kjv-harheim.de\/wp-content\/uploads\/2023\/02\/Rosenmontag-Facebook-Beitrag-Querformat.jpg?resize=350%2C200","width":350,"height":200},"classes":[]},{"id":7571,"url":"http:\/\/www.kjv-harheim.de\/index.php\/2024\/02\/02\/harheim-feiert-fastnacht-maskenball-der-ffw-und-des-kjv-harheim\/","url_meta":{"origin":6021,"position":5},"title":"Harheim feiert Fastnacht &#8211; Maskenball der FFW und des KJV Harheim","date":"2. Februar 2024","format":false,"excerpt":"Harheim feiert Fastnacht\u00a0\u2013 Maskenball der FFW und des KJV Harheim Auch dieses Jahr darf im B\u00fcrgerhaus in Harheim nat\u00fcrlich wieder am Fastnachtssamstag, den 10.02.2024\u00a0eine ausgelassene Party gefeiert werden.\u00a0Ob kost\u00fcmiert oder nicht, tanzt, feiert und genie\u00dft mit uns\u00a0den\u00a0unvergesslichen Maskenball\u00a0von der\u00a0Freiwillige Feuerwehr und des\u00a0KJV Harheim.\u00a0Ab 20:11 Uhr wird der Sitzungspr\u00e4sident\u00a0der KJV-Rosenmontagssitzung, Heiko\u2026","rel":"","context":"In &quot;Fastnacht&quot;","img":{"alt_text":"","src":"https:\/\/i0.wp.com\/www.kjv-harheim.de\/wp-content\/uploads\/2024\/02\/IMG_6302.png?resize=350%2C200","width":350,"height":200},"classes":[]}],"_links":{"self":[{"href":"http:\/\/www.kjv-harheim.de\/index.php\/wp-json\/wp\/v2\/posts\/6021"}],"collection":[{"href":"http:\/\/www.kjv-harheim.de\/index.php\/wp-json\/wp\/v2\/posts"}],"about":[{"href":"http:\/\/www.kjv-harheim.de\/index.php\/wp-json\/wp\/v2\/types\/post"}],"author":[{"embeddable":true,"href":"http:\/\/www.kjv-harheim.de\/index.php\/wp-json\/wp\/v2\/users\/2"}],"replies":[{"embeddable":true,"href":"http:\/\/www.kjv-harheim.de\/index.php\/wp-json\/wp\/v2\/comments?post=6021"}],"version-history":[{"count":1,"href":"http:\/\/www.kjv-harheim.de\/index.php\/wp-json\/wp\/v2\/posts\/6021\/revisions"}],"predecessor-version":[{"id":6022,"href":"http:\/\/www.kjv-harheim.de\/index.php\/wp-json\/wp\/v2\/posts\/6021\/revisions\/6022"}],"wp:attachment":[{"href":"http:\/\/www.kjv-harheim.de\/index.php\/wp-json\/wp\/v2\/media?parent=6021"}],"wp:term":[{"taxonomy":"category","embeddable":true,"href":"http:\/\/www.kjv-harheim.de\/index.php\/wp-json\/wp\/v2\/categories?post=6021"},{"taxonomy":"post_tag","embeddable":true,"href":"http:\/\/www.kjv-harheim.de\/index.php\/wp-json\/wp\/v2\/tags?post=6021"}],"curies":[{"name":"wp","href":"https:\/\/api.w.org\/{rel}","templated":true}]}}