{"id":6492,"date":"2020-04-08T20:37:30","date_gmt":"2020-04-08T18:37:30","guid":{"rendered":"http:\/\/www.kjv-harheim.de\/?p=6492"},"modified":"2020-04-08T20:37:34","modified_gmt":"2020-04-08T18:37:34","slug":"terrassenkonzert-in-harheim","status":"publish","type":"post","link":"http:\/\/www.kjv-harheim.de\/index.php\/2020\/04\/08\/terrassenkonzert-in-harheim\/","title":{"rendered":"Terrassenkonzert in Harheim"},"content":{"rendered":"\n<p>Sonntags nachmittags <a href=\"x-apple-data-detectors:\/\/0\">um 18:15 Uhr<\/a> veranstaltet der Musikzug des KJV mit dem Musikverein Harheim und allen interessierten Musikern Terrassen-, Balkon und Fensterkonzerte. Dadurch sollen die Lieder in ganz Harheim zu h\u00f6ren sein. Wir hoffen damit in der Nachbarschaft ein wenig Freude zu verbreiten.\u00a0<\/p>\n<p>Falls jemand mitmachen m\u00f6chte und die Noten ben\u00f6tigt, kann er\/sie sich gerne an uns wenden: <a href=\"mailto:musikzug@kjv-harheim.de\">musikzug@kjv-harheim.de<\/a><\/p>\n<p>Viel Spa\u00df immer Sonntags nachmittags.<\/p>\n<p>Und hier ein paar Impressionen&#8230;<\/p>\n<p><a href=\"http:\/\/www.kjv-harheim.de\/wp-content\/uploads\/2020\/04\/KJV-Terrassenkonzerte.pdf\">KJV-Terrassenkonzerte<\/a><\/p>\n<p><a href=\"http:\/\/www.kjv-harheim.de\/wp-content\/uploads\/2020\/04\/A0D29DB3-F07A-4AB3-BB0C-74A4F8799A96.png\"><img data-attachment-id=\"6494\" data-permalink=\"http:\/\/www.kjv-harheim.de\/index.php\/2020\/04\/08\/terrassenkonzert-in-harheim\/a0d29db3-f07a-4ab3-bb0c-74a4f8799a96\/\" data-orig-file=\"http:\/\/www.kjv-harheim.de\/wp-content\/uploads\/2020\/04\/A0D29DB3-F07A-4AB3-BB0C-74A4F8799A96.png\" data-orig-size=\"2000,1600\" data-comments-opened=\"0\" data-image-meta=\"{&quot;aperture&quot;:&quot;0&quot;,&quot;credit&quot;:&quot;&quot;,&quot;camera&quot;:&quot;&quot;,&quot;caption&quot;:&quot;&quot;,&quot;created_timestamp&quot;:&quot;0&quot;,&quot;copyright&quot;:&quot;&quot;,&quot;focal_length&quot;:&quot;0&quot;,&quot;iso&quot;:&quot;0&quot;,&quot;shutter_speed&quot;:&quot;0&quot;,&quot;title&quot;:&quot;&quot;,&quot;orientation&quot;:&quot;0&quot;}\" data-image-title=\"A0D29DB3-F07A-4AB3-BB0C-74A4F8799A96\" data-image-description=\"\" data-image-caption=\"\" data-medium-file=\"http:\/\/www.kjv-harheim.de\/wp-content\/uploads\/2020\/04\/A0D29DB3-F07A-4AB3-BB0C-74A4F8799A96-300x240.png\" data-large-file=\"http:\/\/www.kjv-harheim.de\/wp-content\/uploads\/2020\/04\/A0D29DB3-F07A-4AB3-BB0C-74A4F8799A96-1024x819.png\" decoding=\"async\" loading=\"lazy\" class=\"aligncenter size-medium wp-image-6494\" src=\"http:\/\/www.kjv-harheim.de\/wp-content\/uploads\/2020\/04\/A0D29DB3-F07A-4AB3-BB0C-74A4F8799A96-300x240.png\" alt=\"\" width=\"300\" height=\"240\" srcset=\"http:\/\/www.kjv-harheim.de\/wp-content\/uploads\/2020\/04\/A0D29DB3-F07A-4AB3-BB0C-74A4F8799A96-300x240.png 300w, http:\/\/www.kjv-harheim.de\/wp-content\/uploads\/2020\/04\/A0D29DB3-F07A-4AB3-BB0C-74A4F8799A96-1024x819.png 1024w, http:\/\/www.kjv-harheim.de\/wp-content\/uploads\/2020\/04\/A0D29DB3-F07A-4AB3-BB0C-74A4F8799A96-768x614.png 768w, http:\/\/www.kjv-harheim.de\/wp-content\/uploads\/2020\/04\/A0D29DB3-F07A-4AB3-BB0C-74A4F8799A96-1536x1229.png 1536w, http:\/\/www.kjv-harheim.de\/wp-content\/uploads\/2020\/04\/A0D29DB3-F07A-4AB3-BB0C-74A4F8799A96.png 2000w\" sizes=\"(max-width: 300px) 100vw, 300px\" \/><\/a><\/p>\n","protected":false},"excerpt":{"rendered":"<p>Sonntags nachmittags um 18:15 Uhr veranstaltet der Musikzug des KJV mit dem Musikverein Harheim und allen interessierten Musikern Terrassen-, Balkon und Fensterkonzerte. Dadurch sollen die Lieder in ganz Harheim zu h\u00f6ren sein. Wir hoffen damit in der Nachbarschaft ein wenig Freude zu verbreiten.\u00a0 Falls jemand mitmachen m\u00f6chte und die Noten ben\u00f6tigt, kann er\/sie sich gerne [&hellip;]<\/p>\n","protected":false},"author":1,"featured_media":0,"comment_status":"closed","ping_status":"open","sticky":false,"template":"","format":"standard","meta":{"jetpack_post_was_ever_published":false,"jetpack_publicize_message":"","jetpack_is_tweetstorm":false,"jetpack_publicize_feature_enabled":true,"jetpack_social_post_already_shared":true,"jetpack_social_options":{"image_generator_settings":{"template":"highway","enabled":false}}},"categories":[65,38,46],"tags":[60,81,57],"jetpack_publicize_connections":[],"jetpack_featured_media_url":"","jetpack_sharing_enabled":true,"jetpack_shortlink":"https:\/\/wp.me\/p7HeFu-1GI","jetpack-related-posts":[{"id":4137,"url":"http:\/\/www.kjv-harheim.de\/index.php\/2016\/07\/07\/rekordjagd-am-09-07-2016-und-der-kjv-musikzug-ist-dabei\/","url_meta":{"origin":6492,"position":0},"title":"Rekordjagd am 09.07.2016 &#8211; und der KJV Musikzug ist dabei","date":"7. Juli 2016","format":false,"excerpt":"Unter dem Motto \"Wir f\u00fcllen das Stadion\" wird es am 09.07. in der Commerzbank-Arena einen Rekordversuch geben, 10.000 Teilnehmer zum gemeinsamen Musizieren zusammen zu bringen. Der KJV Musikzug beteiligt sich an der dieser Rekordjagd. Wir dr\u00fccken nat\u00fcrlich die Daumen, dass wir den alten Rekord einstellen k\u00f6nnen.","rel":"","context":"In &quot;+++ NEWS +++&quot;","img":{"alt_text":"","src":"","width":0,"height":0},"classes":[]},{"id":215,"url":"http:\/\/www.kjv-harheim.de\/index.php\/2012\/04\/20\/musikzug\/","url_meta":{"origin":6492,"position":1},"title":"Was macht denn der Musikzug so?","date":"20. April 2012","format":false,"excerpt":"Der Musikzug besteht aus rund 20 Aktiven an den Instrumenten Schlagzeug, Querfl\u00f6te, Klarinette, Saxophon, Trompete, Tenorhorn und Tuba. \u00dcber jeden Neuzugang freuen wir uns nat\u00fcrlich! Das Repertoire des Musikzuges deckt ein breites Feld an Musikrichtungen ab. F\u00fcr die Musiker besteht die M\u00f6glichkeit, sich aktiv an der Auswahl der Musikst\u00fccke\u00a0 zu\u2026","rel":"","context":"In &quot;Musikzug&quot;","img":{"alt_text":"","src":"","width":0,"height":0},"classes":[]},{"id":5503,"url":"http:\/\/www.kjv-harheim.de\/index.php\/2017\/11\/02\/der-kjv-musikzug-in-altleiningen\/","url_meta":{"origin":6492,"position":2},"title":"Der KJV Musikzug in Altleiningen","date":"2. November 2017","format":false,"excerpt":"Probenwochenende 27. bis 29. Oktober 2017 nach Altleiningen Am 27. Oktober erreichten 24 Musiker, nach einer staureichen Anfahrt, die Jugendherberge Altleiningen um dort das Probenwochenende 2017 zu verbringen. An diesem Wochenende sollten die St\u00fccke f\u00fcr den Familiennachmittag noch einmal intensiv geprobt werden. Aber auch die \u201ekleinen\u201c Musiker bekamen die Gelegenheit\u2026","rel":"","context":"In &quot;Ausfl\u00fcge&quot;","img":{"alt_text":"","src":"https:\/\/i0.wp.com\/www.kjv-harheim.de\/wp-content\/uploads\/2017\/11\/01_altleiningen_portrait.jpg?resize=350%2C200","width":350,"height":200},"classes":[]},{"id":4382,"url":"http:\/\/www.kjv-harheim.de\/index.php\/2016\/07\/09\/wir-fuellen-das-stadion\/","url_meta":{"origin":6492,"position":3},"title":"Wir f\u00fcllen das Stadion\u00a0","date":"9. Juli 2016","format":"gallery","excerpt":"Der KJV ist Weltrekordhalter ! 7\u200a548 Musiker aus dem In- und Ausland haben am Samstag in der Frankfurter Commerzbank-Arena das gr\u00f6\u00dfte Orchester aller Zeiten gebildet und sich damit einen Eintrag ins Buch der Rekorde gesichert. UND DER KJV WAR DABEI !! :mrgreen:\u00a0 :mrgreen: Ein Wahnsinnserlebnis... In einem Stadion so vielen\u2026","rel":"","context":"In &quot;+++ NEWS +++&quot;","img":{"alt_text":"","src":"https:\/\/i0.wp.com\/www.kjv-harheim.de\/wp-content\/uploads\/2016\/07\/img_4087.jpg?resize=350%2C200","width":350,"height":200},"classes":[]},{"id":5823,"url":"http:\/\/www.kjv-harheim.de\/index.php\/2018\/04\/14\/tag-der-offenen-kirche-am-21-04-der-kjv-ist-dabei\/","url_meta":{"origin":6492,"position":4},"title":"Tag der offenen Kirche am 21.04. &#8211; der KJV ist dabei","date":"14. April 2018","format":false,"excerpt":"Am 21.04.2018 findet in Harheim ein Tag der offenen Kirche statt. Zahlreiche Veranstaltungen, Infost\u00e4nde, Events,... haben die Kath. Pfarrgemeinde und ihre angeschlossenen Gruppen auf die Beine gestellt. Auch der KJV ist dabei. Der Musikzug spielt zum Beispiel zur Er\u00f6ffnung dieses besonderen Tages um 11 Uhr. Um auf einen Blick den\u2026","rel":"","context":"In &quot;Allgemein&quot;","img":{"alt_text":"","src":"","width":0,"height":0},"classes":[]},{"id":5183,"url":"http:\/\/www.kjv-harheim.de\/index.php\/2017\/01\/04\/06-01-2017-kjv-gruendungstag\/","url_meta":{"origin":6492,"position":5},"title":"06.01.2017: KJV Gr\u00fcndungstag","date":"4. Januar 2017","format":false,"excerpt":"Liebe KJV Mitglieder, in 2 Tagen feiert der KJV wieder Geburtstag. Der 06. Januar ist der Gr\u00fcndungstag des Vereins. Wir beginnen mit der Messe in der Kath. Kirche St. Jakobus in Harheim um 18:30 Uhr, die auch vom Musikzug des KJV mitgestaltet wird. Im Anschluss treffen wir uns im benachbarten\u2026","rel":"","context":"In &quot;+++ NEWS +++&quot;","img":{"alt_text":"","src":"","width":0,"height":0},"classes":[]}],"_links":{"self":[{"href":"http:\/\/www.kjv-harheim.de\/index.php\/wp-json\/wp\/v2\/posts\/6492"}],"collection":[{"href":"http:\/\/www.kjv-harheim.de\/index.php\/wp-json\/wp\/v2\/posts"}],"about":[{"href":"http:\/\/www.kjv-harheim.de\/index.php\/wp-json\/wp\/v2\/types\/post"}],"author":[{"embeddable":true,"href":"http:\/\/www.kjv-harheim.de\/index.php\/wp-json\/wp\/v2\/users\/1"}],"replies":[{"embeddable":true,"href":"http:\/\/www.kjv-harheim.de\/index.php\/wp-json\/wp\/v2\/comments?post=6492"}],"version-history":[{"count":2,"href":"http:\/\/www.kjv-harheim.de\/index.php\/wp-json\/wp\/v2\/posts\/6492\/revisions"}],"predecessor-version":[{"id":6496,"href":"http:\/\/www.kjv-harheim.de\/index.php\/wp-json\/wp\/v2\/posts\/6492\/revisions\/6496"}],"wp:attachment":[{"href":"http:\/\/www.kjv-harheim.de\/index.php\/wp-json\/wp\/v2\/media?parent=6492"}],"wp:term":[{"taxonomy":"category","embeddable":true,"href":"http:\/\/www.kjv-harheim.de\/index.php\/wp-json\/wp\/v2\/categories?post=6492"},{"taxonomy":"post_tag","embeddable":true,"href":"http:\/\/www.kjv-harheim.de\/index.php\/wp-json\/wp\/v2\/tags?post=6492"}],"curies":[{"name":"wp","href":"https:\/\/api.w.org\/{rel}","templated":true}]}}