{"id":6498,"date":"2020-04-23T22:08:17","date_gmt":"2020-04-23T20:08:17","guid":{"rendered":"http:\/\/www.kjv-harheim.de\/?p=6498"},"modified":"2020-04-23T22:10:57","modified_gmt":"2020-04-23T20:10:57","slug":"kjv-in-zeiten-von-corona","status":"publish","type":"post","link":"http:\/\/www.kjv-harheim.de\/index.php\/2020\/04\/23\/kjv-in-zeiten-von-corona\/","title":{"rendered":"KJV in Zeiten von Corona"},"content":{"rendered":"\n<p>&#8222;Ist der KJV denn \u00fcberhaupt noch da?&#8220;, mag sich sicher mancher fragen.<\/p>\n<p>Ja, wir sind da \ud83d\ude42<\/p>\n<p>Die Pandemie hat auch uns ganz gut im Griff (zum Gl\u00fcck, zum Gl\u00fcck geht es uns allen gut), aber hinter den Kulissen arbeitet der Vorstand nat\u00fcrlich weiter. So verproben wir nun zum wiederholten Male das Konzept, unsere Vorstandssitzungen mittels Telefonkonferenz abzuhalten, was erstaunlich gut funktioniert.<\/p>\n<p>Leider m\u00fcssen wir im KJV auch manche Planung &#8222;\u00fcber den Haufen werfen&#8220;, da diese wahnsinnigen Zeiten gro\u00dfe Feiern, Festivit\u00e4ten und Aktivit\u00e4ten nicht zulassen:<\/p>\n<p>&#8211;<strong>Jahreshauptversammlung<\/strong>: erst einmal verschoben &#8211; wir beobachten die Lage sehr genau und werden dann entscheiden, wie es hier wann und in welchem Rahmen weiter gehen kann<\/p>\n<p>&#8211;<strong>Tanz in den Mai und das Fu\u00dfballturnier<\/strong> am 01.05.: abgesagt<\/p>\n<p>&#8211;<strong>\u00dcbungsstunde und Sport<\/strong>: bis auf weiteres abgesagt<\/p>\n<p>Und nun hat es auch unser <strong>Bornfest<\/strong> erwischt: heute haben wir beschlossen, auch diese Traditionsveranstaltung im Schatten der lauschigen B\u00e4ume am Born abzusagen.<\/p>\n<p>So arbeiten wir also anders, weniger sichtbar, bleiben aber doch &#8222;am Ball&#8220; und halten den KJV auf Kurs.<\/p>\n<p><strong>Bitte bleiben Sie alle gesund und munter, bleiben Sie tapfer und halten Sie die Ohren steif!<\/strong><\/p>\n<p>Ihr KJV Harheim<\/p>\n","protected":false},"excerpt":{"rendered":"<p>&#8222;Ist der KJV denn \u00fcberhaupt noch da?&#8220;, mag sich sicher mancher fragen. Ja, wir sind da \ud83d\ude42 Die Pandemie hat auch uns ganz gut im Griff (zum Gl\u00fcck, zum Gl\u00fcck geht es uns allen gut), aber hinter den Kulissen arbeitet der Vorstand nat\u00fcrlich weiter. So verproben wir nun zum wiederholten Male das Konzept, unsere Vorstandssitzungen [&hellip;]<\/p>\n","protected":false},"author":2,"featured_media":0,"comment_status":"closed","ping_status":"open","sticky":false,"template":"","format":"standard","meta":{"jetpack_post_was_ever_published":false,"jetpack_publicize_message":"","jetpack_is_tweetstorm":false,"jetpack_publicize_feature_enabled":true,"jetpack_social_post_already_shared":true,"jetpack_social_options":{"image_generator_settings":{"template":"highway","enabled":false}}},"categories":[65],"tags":[],"jetpack_publicize_connections":[],"jetpack_featured_media_url":"","jetpack_sharing_enabled":true,"jetpack_shortlink":"https:\/\/wp.me\/p7HeFu-1GO","jetpack-related-posts":[{"id":5888,"url":"http:\/\/www.kjv-harheim.de\/index.php\/2018\/09\/03\/vereinsausflug-2018-was-war-das-schoen\/","url_meta":{"origin":6498,"position":0},"title":"Vereinsausflug 2018: was-war-das-sch\u00f6n!","date":"3. September 2018","format":false,"excerpt":"Erst haben wir Wochen und Monate auf den KJV Vereinsausflug hin gefiebert \u2013 und nun ist er schon wieder Geschichte. Am gestrigen Sonntag haben wir uns um 08:30 Uhr an der Bleiche in Harheim getroffen. \u00dcber 50 Teilnehmer tummelten sich im eigens angemieteten Reisebus und in einigen privaten Fahrzeugen, um\u2026","rel":"","context":"In &quot;Allgemein&quot;","img":{"alt_text":"","src":"","width":0,"height":0},"classes":[]},{"id":3702,"url":"http:\/\/www.kjv-harheim.de\/index.php\/2010\/07\/05\/rom-2010\/","url_meta":{"origin":6498,"position":1},"title":"Rom 2010","date":"5. Juli 2010","format":false,"excerpt":"Unsere Fahrt nach Rom 09.-13.10.2010 Samstag Ein Blick in den Kalender verr\u00e4t: 09. Oktober 2010, 3 Uhr in der Fr\u00fch, der Wecker klingelt - na bravo. Heute hei\u00dft es f\u00fcr alle Romreisenden \u201efr\u00fch aufstehen\", denn um 5 Uhr f\u00e4hrt der Bus zum Frankfurter Flughafen in Harheim ab. Als Gruppe bekommen\u2026","rel":"","context":"In &quot;Ausfl\u00fcge&quot;","img":{"alt_text":"","src":"https:\/\/i0.wp.com\/www.kjv-harheim.de\/wp-content\/uploads\/2010\/07\/Rom-2010-53.jpg?resize=350%2C200","width":350,"height":200},"classes":[]},{"id":3696,"url":"http:\/\/www.kjv-harheim.de\/index.php\/2011\/07\/05\/hoherodskopf-2011\/","url_meta":{"origin":6498,"position":2},"title":"Hoherodskopf 2011","date":"5. Juli 2011","format":false,"excerpt":"Am 04.09.11 fand der KJV-Ausflug hin zum Hoherodskopf im hohen Vogelsberg statt. P\u00fcnktlich um 9:30 Uhr fuhren wir mir den PKW\u00b4s von der Bleiche ab. Um 11:00 Uhr starten wir auf dem Hoherodskopf mit unserem Spaziergang. Durch den Regen der Vortage waren die Wege an manchen Stellen ziemlich aufgeweicht. Erste\u2026","rel":"","context":"In &quot;Ausfl\u00fcge&quot;","img":{"alt_text":"","src":"","width":0,"height":0},"classes":[]},{"id":8152,"url":"http:\/\/www.kjv-harheim.de\/index.php\/2024\/12\/22\/30-jahre-weihnachtsbaumverkauf\/","url_meta":{"origin":6498,"position":3},"title":"30 Jahre Weihnachtsbaumverkauf","date":"22. Dezember 2024","format":false,"excerpt":"Dieses Jahr 2024 durften wir mit Familie Bernhard Gangel das 30. Jubil\u00e4um des Baumverkaufes feiern. 30 Jahre lang f\u00fcllt sich der Hof von Familie Gangel nun schon mit wundersch\u00f6nen, duftenden Weihnachtsb\u00e4umen aus heimischen W\u00e4ldern. Die komplette Organisation liegt in den H\u00e4nden der Familie Gangel, die mit ihren flei\u00dfigen Helferinnen und\u2026","rel":"","context":"In &quot;Bildergalerie&quot;","img":{"alt_text":"","src":"https:\/\/i0.wp.com\/www.kjv-harheim.de\/wp-content\/uploads\/2024\/12\/IMG-20241215-WA0004-Kopie.jpg?resize=350%2C200","width":350,"height":200},"classes":[]},{"id":8119,"url":"http:\/\/www.kjv-harheim.de\/index.php\/2024\/11\/13\/familiennachmittag-2024-mit-neuem-konzept\/","url_meta":{"origin":6498,"position":4},"title":"Familiennachmittag 2024 mit neuem Konzept","date":"13. November 2024","format":false,"excerpt":"Am Sonntag den 3.11.24 luden wir Mitglieder mit ihren Angeh\u00f6rigen und Freunde des KJV zu unserem Familiennachmittag im B\u00fcrgerhaus ein. In den letzten Jahren sank das Interesse an unserem (etwas in die Jahre gekommenen) Vereinstreffen und so war es ein recht kleines KJV-Familientreffen in 2023.Im letzten Jahr war es uns\u2026","rel":"","context":"In &quot;Allgemein&quot;","img":{"alt_text":"","src":"https:\/\/i0.wp.com\/www.kjv-harheim.de\/wp-content\/uploads\/2024\/11\/2-scaled.jpg?resize=350%2C200","width":350,"height":200},"classes":[]},{"id":5418,"url":"http:\/\/www.kjv-harheim.de\/index.php\/2017\/05\/03\/interesse-wir-planen-eine-israelfahrt-fuer-2019\/","url_meta":{"origin":6498,"position":5},"title":"Interesse? Wir planen eine Israelfahrt f\u00fcr 2019!","date":"3. Mai 2017","format":false,"excerpt":"Liebe Mitglieder, liebe Freunde, die elektronische KJV Infopost zu diesem Thema ist gerade versandt worden, die Mitglieder ohne eigene eMail Adresse erhalten in den n\u00e4chsten Tagen die Informationen in Form eines Anschreibens - und um die Sache komplett zu machen, stellen wir auch hier unter \"News\" noch einmal einen Aufruf\u2026","rel":"","context":"In &quot;Allgemein&quot;","img":{"alt_text":"","src":"","width":0,"height":0},"classes":[]}],"_links":{"self":[{"href":"http:\/\/www.kjv-harheim.de\/index.php\/wp-json\/wp\/v2\/posts\/6498"}],"collection":[{"href":"http:\/\/www.kjv-harheim.de\/index.php\/wp-json\/wp\/v2\/posts"}],"about":[{"href":"http:\/\/www.kjv-harheim.de\/index.php\/wp-json\/wp\/v2\/types\/post"}],"author":[{"embeddable":true,"href":"http:\/\/www.kjv-harheim.de\/index.php\/wp-json\/wp\/v2\/users\/2"}],"replies":[{"embeddable":true,"href":"http:\/\/www.kjv-harheim.de\/index.php\/wp-json\/wp\/v2\/comments?post=6498"}],"version-history":[{"count":2,"href":"http:\/\/www.kjv-harheim.de\/index.php\/wp-json\/wp\/v2\/posts\/6498\/revisions"}],"predecessor-version":[{"id":6500,"href":"http:\/\/www.kjv-harheim.de\/index.php\/wp-json\/wp\/v2\/posts\/6498\/revisions\/6500"}],"wp:attachment":[{"href":"http:\/\/www.kjv-harheim.de\/index.php\/wp-json\/wp\/v2\/media?parent=6498"}],"wp:term":[{"taxonomy":"category","embeddable":true,"href":"http:\/\/www.kjv-harheim.de\/index.php\/wp-json\/wp\/v2\/categories?post=6498"},{"taxonomy":"post_tag","embeddable":true,"href":"http:\/\/www.kjv-harheim.de\/index.php\/wp-json\/wp\/v2\/tags?post=6498"}],"curies":[{"name":"wp","href":"https:\/\/api.w.org\/{rel}","templated":true}]}}