{"id":6536,"date":"2020-10-05T13:42:18","date_gmt":"2020-10-05T11:42:18","guid":{"rendered":"http:\/\/www.kjv-harheim.de\/?p=6536"},"modified":"2020-10-05T14:03:51","modified_gmt":"2020-10-05T12:03:51","slug":"habemus-vorstand","status":"publish","type":"post","link":"http:\/\/www.kjv-harheim.de\/index.php\/2020\/10\/05\/habemus-vorstand\/","title":{"rendered":"Habemus Vorstand :-)"},"content":{"rendered":"\n<p>Am 30.09.2020 fand unsere diesj\u00e4hrige Jahreshautversammlung statt. In diesem Jahr standen -neben anderen spannenden Themen- die Vorstandswahlen auf der Tagesordnung.<\/p>\n<p>Mit Freude k\u00f6nnen wir verk\u00fcnden &#8222;habemus Vorstand &#8211; wir haben einen Vorstand&#8220; \ud83d\ude42<\/p>\n<p>Die neue Zusammensetzung dieses Gremiums ist <a href=\"http:\/\/www.kjv-harheim.de\/index.php\/wir-uber-uns\/der-vorstand-2\/\">hier<\/a> zu finden.<\/p>\n<p>Dem gew\u00e4hlten Vorstand alles Gute, viel Erfolg und gutes Gelingen! Allen ausgeschiedenen Vorstandsmitgliedern sei an dieser Stelle von Herzen gedankt f\u00fcr ihr Engagement und ihren Einsatz f\u00fcr den KJV!<\/p>\n","protected":false},"excerpt":{"rendered":"<p>Am 30.09.2020 fand unsere diesj\u00e4hrige Jahreshautversammlung statt. In diesem Jahr standen -neben anderen spannenden Themen- die Vorstandswahlen auf der Tagesordnung. Mit Freude k\u00f6nnen wir verk\u00fcnden &#8222;habemus Vorstand &#8211; wir haben einen Vorstand&#8220; \ud83d\ude42 Die neue Zusammensetzung dieses Gremiums ist hier zu finden. Dem gew\u00e4hlten Vorstand alles Gute, viel Erfolg und gutes Gelingen! Allen ausgeschiedenen Vorstandsmitgliedern [&hellip;]<\/p>\n","protected":false},"author":2,"featured_media":0,"comment_status":"closed","ping_status":"open","sticky":false,"template":"","format":"standard","meta":{"jetpack_post_was_ever_published":false,"jetpack_publicize_message":"","jetpack_is_tweetstorm":false,"jetpack_publicize_feature_enabled":true,"jetpack_social_post_already_shared":true,"jetpack_social_options":{"image_generator_settings":{"template":"highway","enabled":false}}},"categories":[65],"tags":[],"jetpack_publicize_connections":[],"jetpack_featured_media_url":"","jetpack_sharing_enabled":true,"jetpack_shortlink":"https:\/\/wp.me\/p7HeFu-1Hq","jetpack-related-posts":[{"id":7141,"url":"http:\/\/www.kjv-harheim.de\/index.php\/2022\/07\/07\/der-kjv-hat-einen-neuen-vorstand\/","url_meta":{"origin":6536,"position":0},"title":"Der KJV hat einen neuen Vorstand","date":"7. Juli 2022","format":false,"excerpt":"Liebe Mitglieder und Freunde des KJV, am 06.07.2022 fand unsere diesj\u00e4hrige Jahreshauptversammlung statt. Auf der Tagesordnung stand auch die Neuwahl des Vorstands. Wer in dieses Gremium gew\u00e4hlt wurde, k\u00f6nnt Ihr hier sehen. Dem neuen Vorstand w\u00fcnschen wir von Herzen gutes Gelingen und viel Erfolg\u00a0 bei seiner Arbeit!","rel":"","context":"In &quot;Allgemein&quot;","img":{"alt_text":"","src":"","width":0,"height":0},"classes":[]},{"id":4168,"url":"http:\/\/www.kjv-harheim.de\/index.php\/2016\/07\/09\/garde\/","url_meta":{"origin":6536,"position":1},"title":"Die Garde stellt sich vor","date":"9. Juli 2016","format":false,"excerpt":"Zu sehen sind wir u.a. bei der Harheimer Rosenmontagssitzung, Maskenball Harheim, Harheimer Kerb, Heddernheimer Fastnachtsumzug \"Klaa Paris\", Fastnachtsumzug in Ober-M\u00f6rlen sowie M\u00f6rfelden\/Walldorf. Bei Privatveranstaltungen und Geburtstagen sind wir ebenfalls gerne pr\u00e4sent. Bei Auftrittsanfragen k\u00f6nnen Sie uns gerne unter folgender E-Mail Adresse kontaktieren: vorstand@kjv-harheim.de Nat\u00fcrlich ist die Garde auch auf Instagram!\u2026","rel":"","context":"In &quot;Fastnacht&quot;","img":{"alt_text":"","src":"https:\/\/i0.wp.com\/www.kjv-harheim.de\/wp-content\/uploads\/2016\/07\/IMG_0154-scaled.jpg?resize=350%2C200","width":350,"height":200},"classes":[]},{"id":5818,"url":"http:\/\/www.kjv-harheim.de\/index.php\/2018\/04\/14\/vorstandswahlen-2018-der-vorstand-im-kjv\/","url_meta":{"origin":6536,"position":2},"title":"Vorstandswahlen 2018 &#8211; der Vorstand im KJV","date":"14. April 2018","format":false,"excerpt":"Am 13.04.2018 fand im Kath. Pfarrheim in Harheim die diesj\u00e4hrige Jahreshauptversammlung des KJV statt. In diesem Jahr wurde ein neuer Vorstand gew\u00e4hlt, der in gro\u00dfen Teilen doch der alte geblieben ist. Hier eine \u00dcbersicht der Personalien: Position Name 1. Vorsitzender Michael Fries 2. Vorsitzender Ren\u00e9 Meth Kassierer Andreas Kordek Schriftf\u00fchrer\u2026","rel":"","context":"In &quot;Allgemein&quot;","img":{"alt_text":"","src":"","width":0,"height":0},"classes":[]},{"id":8324,"url":"http:\/\/www.kjv-harheim.de\/index.php\/2025\/06\/05\/rueckblick-tanz-in-den-mai-schoppenturnier\/","url_meta":{"origin":6536,"position":3},"title":"R\u00fcckblick: Tanz in den Mai \/ Schoppenturnier","date":"5. Juni 2025","format":false,"excerpt":"Zugegeben \u2013 das mit dem TANZEN in den Mai hat nicht geklappt, trotzdem war es ein fr\u00f6hlicher und unterhaltsamer Abend bei prima Wetter! Was das TANZEN angeht \u2013 versprochen \u2013 wir arbeiten daran! Die selbstgemachte Maibowle schmeckte sehr lecker und wurde noch am Abend ausgetrunken. Neu in diesem Jahr war\u2026","rel":"","context":"In &quot;+++ NEWS +++&quot;","img":{"alt_text":"","src":"https:\/\/i0.wp.com\/www.kjv-harheim.de\/wp-content\/uploads\/2025\/06\/IMG_3661-scaled.jpeg?resize=350%2C200","width":350,"height":200},"classes":[]},{"id":7681,"url":"http:\/\/www.kjv-harheim.de\/index.php\/2024\/03\/17\/papier-sparen-und-auf-e-mail-umstellen\/","url_meta":{"origin":6536,"position":4},"title":"Papier sparen und auf E-Mail umstellen !","date":"17. M\u00e4rz 2024","format":false,"excerpt":"In unsere Satzung wurde bereits aufgenommen, dass die Einladungen zur Jahreshauptversammlung per E-Mail verschickt werden d\u00fcrfen, wenn der Empf\u00e4nger zustimmt. Wenn Sie zuk\u00fcnftig die Einladung zur Jahreshauptversammlung per E-Mail erhalten wollen, best\u00e4tigen Sie uns dies bitte mit Hilfe des hier zum Download verf\u00fcgbaren Formulars oder per Mail an:vorstand@kjv-harheim.de (Betreff: Best\u00e4tigung\u2026","rel":"","context":"In &quot;Downloads&quot;","img":{"alt_text":"","src":"","width":0,"height":0},"classes":[]},{"id":7039,"url":"http:\/\/www.kjv-harheim.de\/index.php\/2022\/05\/18\/bitte-vormerken-jahreshauptversammlung-am-06-07-22\/","url_meta":{"origin":6536,"position":5},"title":"bitte vormerken: Jahreshauptversammlung am 06.07.22","date":"18. Mai 2022","format":false,"excerpt":"Liebe Mitglieder des KJV Harheim, mit Blick auf den Kalender ist es uns wichtig, auch auf diesem Wege auf die bald stattfindende KJV Jahreshauptversammlung hinzuweisen. Wie wo wann? KJV JahreshauptversammlungAm Mittwoch, 06. Juli 2022Im gro\u00dfen Saal im B\u00fcrgerhaus Harheim Die Einladungen mit der genauen Uhrzeit und der Tagesordnung gehen allen\u2026","rel":"","context":"In &quot;Allgemein&quot;","img":{"alt_text":"","src":"","width":0,"height":0},"classes":[]}],"_links":{"self":[{"href":"http:\/\/www.kjv-harheim.de\/index.php\/wp-json\/wp\/v2\/posts\/6536"}],"collection":[{"href":"http:\/\/www.kjv-harheim.de\/index.php\/wp-json\/wp\/v2\/posts"}],"about":[{"href":"http:\/\/www.kjv-harheim.de\/index.php\/wp-json\/wp\/v2\/types\/post"}],"author":[{"embeddable":true,"href":"http:\/\/www.kjv-harheim.de\/index.php\/wp-json\/wp\/v2\/users\/2"}],"replies":[{"embeddable":true,"href":"http:\/\/www.kjv-harheim.de\/index.php\/wp-json\/wp\/v2\/comments?post=6536"}],"version-history":[{"count":2,"href":"http:\/\/www.kjv-harheim.de\/index.php\/wp-json\/wp\/v2\/posts\/6536\/revisions"}],"predecessor-version":[{"id":6538,"href":"http:\/\/www.kjv-harheim.de\/index.php\/wp-json\/wp\/v2\/posts\/6536\/revisions\/6538"}],"wp:attachment":[{"href":"http:\/\/www.kjv-harheim.de\/index.php\/wp-json\/wp\/v2\/media?parent=6536"}],"wp:term":[{"taxonomy":"category","embeddable":true,"href":"http:\/\/www.kjv-harheim.de\/index.php\/wp-json\/wp\/v2\/categories?post=6536"},{"taxonomy":"post_tag","embeddable":true,"href":"http:\/\/www.kjv-harheim.de\/index.php\/wp-json\/wp\/v2\/tags?post=6536"}],"curies":[{"name":"wp","href":"https:\/\/api.w.org\/{rel}","templated":true}]}}