{"id":6539,"date":"2020-10-14T14:17:58","date_gmt":"2020-10-14T12:17:58","guid":{"rendered":"http:\/\/www.kjv-harheim.de\/?p=6539"},"modified":"2020-10-14T14:18:01","modified_gmt":"2020-10-14T12:18:01","slug":"maskenball-2021-ein-dank-an-unsere-treuen-sponsoren","status":"publish","type":"post","link":"http:\/\/www.kjv-harheim.de\/index.php\/2020\/10\/14\/maskenball-2021-ein-dank-an-unsere-treuen-sponsoren\/","title":{"rendered":"Maskenball 2021  &#8211; ein Dank an unsere treuen Sponsoren"},"content":{"rendered":"\n<p>Wir hatten es vor ein paar Wochen bereits angek\u00fcndigt. Nach R\u00fccksprache mit der Freiwilligen Feuerwehr ist es nun Gewissheit: aufgrund der Corona-Pandemie wird der <strong>Maskenball 2021<\/strong> <strong>nicht stattfinden<\/strong>.<\/p>\n<p>Wir m\u00f6chten uns an dieser Stelle an unsere treuen Sponsoren wenden, die uns in den vergangenen Jahren immens unterst\u00fctzt haben.<\/p>\n<p><a href=\"http:\/\/www.kjv-harheim.de\/wp-content\/uploads\/2020\/10\/kjv_maskenball_2021_sponsorendank.pdf\"><strong>Ein Dankesch\u00f6n an unsere Sponsoren<\/strong><\/a><\/p>\n<p>Wir dr\u00fccken uns allen die Daumen, dass wir 2022 wieder ein tolle und unbeschwerte Faschingskampagne haben werden.<\/p>\n","protected":false},"excerpt":{"rendered":"<p>Wir hatten es vor ein paar Wochen bereits angek\u00fcndigt. Nach R\u00fccksprache mit der Freiwilligen Feuerwehr ist es nun Gewissheit: aufgrund der Corona-Pandemie wird der Maskenball 2021 nicht stattfinden. Wir m\u00f6chten uns an dieser Stelle an unsere treuen Sponsoren wenden, die uns in den vergangenen Jahren immens unterst\u00fctzt haben. Ein Dankesch\u00f6n an unsere Sponsoren Wir dr\u00fccken [&hellip;]<\/p>\n","protected":false},"author":2,"featured_media":0,"comment_status":"closed","ping_status":"open","sticky":false,"template":"","format":"standard","meta":{"jetpack_post_was_ever_published":false,"jetpack_publicize_message":"","jetpack_is_tweetstorm":false,"jetpack_publicize_feature_enabled":true,"jetpack_social_post_already_shared":true,"jetpack_social_options":{"image_generator_settings":{"template":"highway","enabled":false}}},"categories":[65],"tags":[],"jetpack_publicize_connections":[],"jetpack_featured_media_url":"","jetpack_sharing_enabled":true,"jetpack_shortlink":"https:\/\/wp.me\/p7HeFu-1Ht","jetpack-related-posts":[{"id":8610,"url":"http:\/\/www.kjv-harheim.de\/index.php\/2026\/03\/24\/maennerballett-turniere-2026\/","url_meta":{"origin":6539,"position":0},"title":"M\u00e4nnerballett &#8211; Turniere 2026","date":"24. M\u00e4rz 2026","format":false,"excerpt":"Turniere 2026\ud83d\udc6f\u200d\u2640\ufe0f\ud83c\udfc6 Am Samstag, den 07.03. ging es zum ersten mal f\u00fcr uns auf ein Turnier. Wir haben uns auf den Weg gemacht nach Gau-Odernheim. Nach ca. einer Stunde sind wir an der Petersberghalle angekommen. Dort haben uns @handicupforever herzlich begr\u00fc\u00dft und uns alles erkl\u00e4rt. Unsere Fans trudelten auch nach\u2026","rel":"","context":"In &quot;+++ NEWS +++&quot;","img":{"alt_text":"","src":"https:\/\/i0.wp.com\/www.kjv-harheim.de\/wp-content\/uploads\/2026\/03\/IMG_8917-scaled.jpeg?resize=350%2C200","width":350,"height":200},"classes":[]},{"id":5073,"url":"http:\/\/www.kjv-harheim.de\/index.php\/2016\/11\/08\/familiennachmittag-2016-ein-rueckblick\/","url_meta":{"origin":6539,"position":1},"title":"Familiennachmittag 2016 &#8211; ein R\u00fcckblick","date":"8. November 2016","format":false,"excerpt":"Familiennachmittag 2016: Weltpremiere \u2013 Weltrekord \u2013 weltklasse! Am 06.11.2016 feierte der KJV seinen Familiennachmittag. Zum ersten Mal w\u00e4hlten wir hierf\u00fcr einen Termin im November, um so den Jahresbeginn f\u00fcr alle Beteiligten etwas zu entlasten. Ein Blick in den Programmverlauf zeigte: dieser Familiennachmittag ist picke-packe-voll mit den tollsten Darbietungen! Zu Beginn\u2026","rel":"","context":"In &quot;+++ NEWS +++&quot;","img":{"alt_text":"","src":"","width":0,"height":0},"classes":[]},{"id":3702,"url":"http:\/\/www.kjv-harheim.de\/index.php\/2010\/07\/05\/rom-2010\/","url_meta":{"origin":6539,"position":2},"title":"Rom 2010","date":"5. Juli 2010","format":false,"excerpt":"Unsere Fahrt nach Rom 09.-13.10.2010 Samstag Ein Blick in den Kalender verr\u00e4t: 09. Oktober 2010, 3 Uhr in der Fr\u00fch, der Wecker klingelt - na bravo. Heute hei\u00dft es f\u00fcr alle Romreisenden \u201efr\u00fch aufstehen\", denn um 5 Uhr f\u00e4hrt der Bus zum Frankfurter Flughafen in Harheim ab. Als Gruppe bekommen\u2026","rel":"","context":"In &quot;Ausfl\u00fcge&quot;","img":{"alt_text":"","src":"https:\/\/i0.wp.com\/www.kjv-harheim.de\/wp-content\/uploads\/2010\/07\/Rom-2010-53.jpg?resize=350%2C200","width":350,"height":200},"classes":[]},{"id":5208,"url":"http:\/\/www.kjv-harheim.de\/index.php\/2017\/01\/19\/druckfrisch-ein-stadtteilartikel-ueber-harheim\/","url_meta":{"origin":6539,"position":3},"title":"Druckfrisch: ein Stadtteilartikel \u00fcber Harheim","date":"19. Januar 2017","format":false,"excerpt":"Die Frankfurter Rundschau berichtete am 11. Januar 2017 in einem Artikel \u00fcber Harheim unter anderem: (...) \u201eMan pflegt hier noch seine alten Traditionen \u2013 wie Fronleichnam oder das Harheimer Bornfest\u201c, erz\u00e4hlt ihre Freundin. Bei diesem lokalen Junifest des katholischen Jugendvereins werden ein Freiluft-Gottesdienst abgehalten und dazu die Hits der letzten\u2026","rel":"","context":"In &quot;Allgemein&quot;","img":{"alt_text":"","src":"","width":0,"height":0},"classes":[]},{"id":8019,"url":"http:\/\/www.kjv-harheim.de\/index.php\/2024\/07\/28\/summertime-2024-ein-rueckblick\/","url_meta":{"origin":6539,"position":4},"title":"Summertime 2024 &#8211; ein R\u00fcckblick","date":"28. Juli 2024","format":false,"excerpt":"Wie viel Spa\u00df es macht, in Gemeinschaft etwas auf die Beine zu stellen haben wir einmal mehr an unserem Fest am Born erfahren. Nur mit vielen Helferinnen und Helfern ist es \u00fcberhaupt m\u00f6glich das Fest stattfinden zu lassen. Deshalb sei auch hier noch einmal allen gedankt, ob Mitglied oder nicht\u2026","rel":"","context":"In &quot;Bildergalerie&quot;","img":{"alt_text":"","src":"https:\/\/i0.wp.com\/www.kjv-harheim.de\/wp-content\/uploads\/2024\/07\/IMG-20240623-WA0007-1.jpg?resize=350%2C200","width":350,"height":200},"classes":[]},{"id":7012,"url":"http:\/\/www.kjv-harheim.de\/index.php\/2022\/03\/04\/friedenstreffen-sonntag-6-3-17-30-uhr-alter-kirchplatz-in-harheim\/","url_meta":{"origin":6539,"position":5},"title":"Friedenstreffen, Sonntag 6.3., 17.30 Uhr , Alter Kirchplatz in Harheim","date":"4. M\u00e4rz 2022","format":false,"excerpt":"Liebe KJV Mitglieder, liebe Harheimerinnen und Harheimer, liebe Freunde, der Krieg in der Ukraine besch\u00e4ftigt und \u00e4ngstigt uns alle. In Gedanken sind wir bei den direkt betroffenen Menschen und ihren Schicksalen. Viele von uns haben schon Beitr\u00e4ge zur Hilfe geleistet und werden das auch weiterhin tun. Gleichzeitig hoffen wir, dass\u2026","rel":"","context":"In &quot;Allgemein&quot;","img":{"alt_text":"","src":"","width":0,"height":0},"classes":[]}],"_links":{"self":[{"href":"http:\/\/www.kjv-harheim.de\/index.php\/wp-json\/wp\/v2\/posts\/6539"}],"collection":[{"href":"http:\/\/www.kjv-harheim.de\/index.php\/wp-json\/wp\/v2\/posts"}],"about":[{"href":"http:\/\/www.kjv-harheim.de\/index.php\/wp-json\/wp\/v2\/types\/post"}],"author":[{"embeddable":true,"href":"http:\/\/www.kjv-harheim.de\/index.php\/wp-json\/wp\/v2\/users\/2"}],"replies":[{"embeddable":true,"href":"http:\/\/www.kjv-harheim.de\/index.php\/wp-json\/wp\/v2\/comments?post=6539"}],"version-history":[{"count":3,"href":"http:\/\/www.kjv-harheim.de\/index.php\/wp-json\/wp\/v2\/posts\/6539\/revisions"}],"predecessor-version":[{"id":6544,"href":"http:\/\/www.kjv-harheim.de\/index.php\/wp-json\/wp\/v2\/posts\/6539\/revisions\/6544"}],"wp:attachment":[{"href":"http:\/\/www.kjv-harheim.de\/index.php\/wp-json\/wp\/v2\/media?parent=6539"}],"wp:term":[{"taxonomy":"category","embeddable":true,"href":"http:\/\/www.kjv-harheim.de\/index.php\/wp-json\/wp\/v2\/categories?post=6539"},{"taxonomy":"post_tag","embeddable":true,"href":"http:\/\/www.kjv-harheim.de\/index.php\/wp-json\/wp\/v2\/tags?post=6539"}],"curies":[{"name":"wp","href":"https:\/\/api.w.org\/{rel}","templated":true}]}}