{"id":6546,"date":"2020-10-28T12:38:22","date_gmt":"2020-10-28T11:38:22","guid":{"rendered":"http:\/\/www.kjv-harheim.de\/?p=6546"},"modified":"2020-10-28T12:38:26","modified_gmt":"2020-10-28T11:38:26","slug":"corona-update","status":"publish","type":"post","link":"http:\/\/www.kjv-harheim.de\/index.php\/2020\/10\/28\/corona-update\/","title":{"rendered":"Corona Update"},"content":{"rendered":"\n<p>Steigende Infektionszahlen und eine ungebremst dynamische Ausbreitung des Corona Virus haben uns zum Wohle aller Vereinsmitglieder folgende Entscheidung treffen lassen:<\/p>\n<p><strong>Mit sofortiger Wirkung und bis zun\u00e4chst Sonntag 22. November 2020 werden s\u00e4mtliche Aktivit\u00e4ten in allen Gruppen und Abteilungen des Vereins eingestellt, die mit Treffen, gemeinsamen Terminen,&#8230; einhergehen.<\/strong><\/p>\n<p><strong>Dies betrifft den Musikzug und den Musiknachwuchs (Einzel-, Gruppen- und Gesamt\u00fcbungsstunden), die Balletts und Faschingsgruppen und die Gymnastikgruppe.<\/strong><\/p>\n<p>Die Aktiven, GruppenleiterInnen, Dirigenten und TrainerInnen werden \u00fcber diese Entscheidung zeitnah informiert.<\/p>\n<p>Wie es nach dem 22. November weitergeht, werden wir rechtzeitig bekannt geben.<\/p>\n<p>\u00a0<\/p>\n","protected":false},"excerpt":{"rendered":"<p>Steigende Infektionszahlen und eine ungebremst dynamische Ausbreitung des Corona Virus haben uns zum Wohle aller Vereinsmitglieder folgende Entscheidung treffen lassen: Mit sofortiger Wirkung und bis zun\u00e4chst Sonntag 22. November 2020 werden s\u00e4mtliche Aktivit\u00e4ten in allen Gruppen und Abteilungen des Vereins eingestellt, die mit Treffen, gemeinsamen Terminen,&#8230; einhergehen. Dies betrifft den Musikzug und den Musiknachwuchs (Einzel-, [&hellip;]<\/p>\n","protected":false},"author":2,"featured_media":0,"comment_status":"closed","ping_status":"open","sticky":false,"template":"","format":"standard","meta":{"jetpack_post_was_ever_published":false,"jetpack_publicize_message":"","jetpack_is_tweetstorm":false,"jetpack_publicize_feature_enabled":true,"jetpack_social_post_already_shared":true,"jetpack_social_options":{"image_generator_settings":{"template":"highway","enabled":false}}},"categories":[65],"tags":[],"jetpack_publicize_connections":[],"jetpack_featured_media_url":"","jetpack_sharing_enabled":true,"jetpack_shortlink":"https:\/\/wp.me\/p7HeFu-1HA","jetpack-related-posts":[{"id":6550,"url":"http:\/\/www.kjv-harheim.de\/index.php\/2020\/11\/17\/corona-update-17-11-2020\/","url_meta":{"origin":6546,"position":0},"title":"Corona Update 17.11.2020","date":"17. November 2020","format":false,"excerpt":"In unserem vorherigen Corona \"Newsletter\" sprachen wir davon, dass bis zun\u00e4chst Sonntag 22. November 2020 s\u00e4mtliche Aktivit\u00e4ten in allen Gruppen und Abteilungen des Vereins eingestellt werden w\u00fcrden, die mit Treffen, gemeinsamen Terminen,\u2026 einhergehen. Nach unserer heutigen Vorstandssitzung gibt es hierzu ein Update: Auf jeden Fall bis nach den Weihnachtsferien werden\u2026","rel":"","context":"In &quot;+++ NEWS +++&quot;","img":{"alt_text":"","src":"","width":0,"height":0},"classes":[]},{"id":6910,"url":"http:\/\/www.kjv-harheim.de\/index.php\/2021\/12\/21\/keine-faschingsveranstaltungen-in-der-kampagne-2021-2022\/","url_meta":{"origin":6546,"position":1},"title":"keine Fastnachtsveranstaltungen in der Kampagne 2021\/2022","date":"21. Dezember 2021","format":false,"excerpt":"Liebe Mitglieder und Freunde des KJV, liebe Trainer und Trainerinnen, liebe Aktiven, wir haben im Vorstand lange gerungen, welche Entscheidung mit Blick auf die vor uns liegende Fastnachtskampagne in Zeiten von Corona die richtige, die verantwortungsvolle sein kann.\u00a0 Letztlich haben wir angesichts der pandemischen Lage (beh\u00f6rdliche Vorgaben und Auflagen, Inzidenzen,\u2026","rel":"","context":"In &quot;+++ NEWS +++&quot;","img":{"alt_text":"","src":"","width":0,"height":0},"classes":[]},{"id":6488,"url":"http:\/\/www.kjv-harheim.de\/index.php\/2020\/04\/03\/wichtige-informationen-zu-unseren-veranstaltungen-im-zusammenhang-mit-corona\/","url_meta":{"origin":6546,"position":2},"title":"Wichtige Informationen zu unseren Veranstaltungen im Zusammenhang mit Corona","date":"3. April 2020","format":false,"excerpt":"Liebe Vereinsmitglieder, leider m\u00fcssen wir aufgrund des Coronavirus SARS-CoV-2 auch nach Ostern weitere Termine absagen. Dies betrifft - die Jahreshauptversammlung, geplant am 24. April - Tanz in den Mai und Fu\u00dfballturnier am 1. Mai Sobald f\u00fcr die Jahreshauptversammlung ein neuer Termin feststeht, wird dieser allen Mitgliedern rechtzeitig und schriftlich mitgeteilt.\u2026","rel":"","context":"In &quot;+++ NEWS +++&quot;","img":{"alt_text":"","src":"","width":0,"height":0},"classes":[]},{"id":7247,"url":"http:\/\/www.kjv-harheim.de\/index.php\/2023\/01\/30\/rosenmontagsitzung-2023\/","url_meta":{"origin":6546,"position":3},"title":"Rosenmontagssitzung 2023","date":"30. Januar 2023","format":false,"excerpt":"RosenmontagssitzungAm Rosenmontag, den 20.02.2023, ist es endlich soweit \u2013 die traditionelle und bunteRosenmontagssitzung des KJV Harheim kehrt nach der Corona-Pandemie endlich wieder zur\u00fcck indas B\u00fcrgerhaus nach Harheim. Konnte unser neue Sitzungspr\u00e4sident Heiko Schmidt in den letztenbeiden Jahren nur aus dem Home-Office bzw. per Video mit den Auftritten unserer Tanzgardengr\u00fc\u00dfen, steht\u2026","rel":"","context":"In &quot;Fastnacht&quot;","img":{"alt_text":"","src":"https:\/\/i0.wp.com\/www.kjv-harheim.de\/wp-content\/uploads\/2023\/02\/Rosenmontag-Facebook-Beitrag-Querformat.jpg?resize=350%2C200","width":350,"height":200},"classes":[]},{"id":7605,"url":"http:\/\/www.kjv-harheim.de\/index.php\/2024\/03\/10\/garde-und-showtanzturnier\/","url_meta":{"origin":6546,"position":4},"title":"Garde- und Showtanzturnier","date":"10. M\u00e4rz 2024","format":false,"excerpt":"Unsere Garde hat am Wochenende 9. M\u00e4rz am Garde- und Showtanzwettbewerb der Freunde des Carneval Bad Homburg e.V. mit gro\u00dfem Erfolg teilgenommen! So ertanzten Sie sich von insgesamt 14 Gruppen den 9. Platz im Gardetanzwettbewerb und den 4. Platz von 17 Gruppen im Showtanzwettbewerb! Toll, dass ihr unseren Verein mit\u2026","rel":"","context":"In &quot;Bildergalerie&quot;","img":{"alt_text":"","src":"https:\/\/i0.wp.com\/www.kjv-harheim.de\/wp-content\/uploads\/2024\/03\/Urkunde-Showtanz-e1710091795864.jpg?resize=350%2C200","width":350,"height":200},"classes":[]},{"id":3702,"url":"http:\/\/www.kjv-harheim.de\/index.php\/2010\/07\/05\/rom-2010\/","url_meta":{"origin":6546,"position":5},"title":"Rom 2010","date":"5. Juli 2010","format":false,"excerpt":"Unsere Fahrt nach Rom 09.-13.10.2010 Samstag Ein Blick in den Kalender verr\u00e4t: 09. Oktober 2010, 3 Uhr in der Fr\u00fch, der Wecker klingelt - na bravo. Heute hei\u00dft es f\u00fcr alle Romreisenden \u201efr\u00fch aufstehen\", denn um 5 Uhr f\u00e4hrt der Bus zum Frankfurter Flughafen in Harheim ab. Als Gruppe bekommen\u2026","rel":"","context":"In &quot;Ausfl\u00fcge&quot;","img":{"alt_text":"","src":"https:\/\/i0.wp.com\/www.kjv-harheim.de\/wp-content\/uploads\/2010\/07\/Rom-2010-53.jpg?resize=350%2C200","width":350,"height":200},"classes":[]}],"_links":{"self":[{"href":"http:\/\/www.kjv-harheim.de\/index.php\/wp-json\/wp\/v2\/posts\/6546"}],"collection":[{"href":"http:\/\/www.kjv-harheim.de\/index.php\/wp-json\/wp\/v2\/posts"}],"about":[{"href":"http:\/\/www.kjv-harheim.de\/index.php\/wp-json\/wp\/v2\/types\/post"}],"author":[{"embeddable":true,"href":"http:\/\/www.kjv-harheim.de\/index.php\/wp-json\/wp\/v2\/users\/2"}],"replies":[{"embeddable":true,"href":"http:\/\/www.kjv-harheim.de\/index.php\/wp-json\/wp\/v2\/comments?post=6546"}],"version-history":[{"count":1,"href":"http:\/\/www.kjv-harheim.de\/index.php\/wp-json\/wp\/v2\/posts\/6546\/revisions"}],"predecessor-version":[{"id":6547,"href":"http:\/\/www.kjv-harheim.de\/index.php\/wp-json\/wp\/v2\/posts\/6546\/revisions\/6547"}],"wp:attachment":[{"href":"http:\/\/www.kjv-harheim.de\/index.php\/wp-json\/wp\/v2\/media?parent=6546"}],"wp:term":[{"taxonomy":"category","embeddable":true,"href":"http:\/\/www.kjv-harheim.de\/index.php\/wp-json\/wp\/v2\/categories?post=6546"},{"taxonomy":"post_tag","embeddable":true,"href":"http:\/\/www.kjv-harheim.de\/index.php\/wp-json\/wp\/v2\/tags?post=6546"}],"curies":[{"name":"wp","href":"https:\/\/api.w.org\/{rel}","templated":true}]}}