{"id":6918,"date":"2022-02-20T12:49:58","date_gmt":"2022-02-20T11:49:58","guid":{"rendered":"http:\/\/www.kjv-harheim.de\/?p=6918"},"modified":"2024-04-28T11:18:07","modified_gmt":"2024-04-28T09:18:07","slug":"faschingstaenze-2022-auf-usb-sticks-gebannt","status":"publish","type":"post","link":"http:\/\/www.kjv-harheim.de\/index.php\/2022\/02\/20\/faschingstaenze-2022-auf-usb-sticks-gebannt\/","title":{"rendered":"Fastnachtst\u00e4nze 2022 auf USB Sticks gebrannt"},"content":{"rendered":"\n<p>Liebe Freunde und Mitglieder des KJV, <br \/><br \/>pandemiebedingt mussten in diesem Jahr noch einmal alle Fastnachtsveranstaltungen ausfallen. <br \/>Keine Trainingsstunde sollte jedoch vergebens sein, und so haben sich unsere T\u00e4nzerinnen und T\u00e4nzer, unsere Trainerinnen und die Fastnachtsbeauftragten des Vorstands der Corona-Situation entgegen gestellt und aus der Not eine Tugend gemacht: <br \/><br \/><strong>Alle Tanzdarbietungen des aktuellen Jahres wurden vor der gewohnten n\u00e4rrischen Kulisse professionell auf Video aufgezeichnet, zusammen geschnitten und auf USB-Sticks gebannt.<\/strong> <br \/><br \/>Sie haben Sehnsucht nach ein bisschen Narretei? <br \/>Ihr wollt sehen, was die Balletts auch in diesem Jahr sprichw\u00f6rtlich \u201eauf die Beine gestellt\u201c haben? <br \/><strong>Sie h\u00e4tten auch gerne eine Aufzeichnung der diesj\u00e4hrigen T\u00e4nze gegen einen symbolischen Unkostenbeitrag?<\/strong> <br \/><br \/>Kein Problem! <br \/>In 2 Schritten ist das erledigt \ud83d\ude42 <br \/><br \/><span style=\"text-decoration: underline;\">Schritt 1:<\/span> <br \/>-USB-Wunsch als eMail an Fastnacht@kjv-harheim.de mit Ihrem Namen und Ihrer Adresse, damit wir wissen, wo der USB Stick hin geht. <br \/><span style=\"text-decoration: underline;\">Schritt 2:<\/span> <br \/>-frei w\u00e4hlbarer symbolischer Unkostenbeitrag an die Bankverbindung des KJV Harheim bei der Frankfurter Volksbank \u00fcberweisen <br \/>-IBAN: DE46 5019 0000 6300 6071 42 <br \/>-Verwendungszweck \u201e USB + Vor- und Zuname \u201c <br \/><br \/>Wir k\u00fcmmern uns dann um den Rest, und der USB Stick ist auf dem Weg. <br \/><br \/>(Die Fastnachts-Aktiven erhalten den USB-Stick nat\u00fcrlich als Geschenk \u00fcber die Trainerinnen!) <br \/><br \/>Es w\u00e4re wunderbar, wenn wir vielen von Euch und Ihnen auf diesem Wege eine kleine n\u00e4rrische Freude bereiten k\u00f6nnten. <br \/>In diesem Sinne \u201eHelau!\u201c <br \/><br \/>Ihr und Euer<br \/>KJV Harheim e.V.<\/p>\n","protected":false},"excerpt":{"rendered":"<p>Liebe Freunde und Mitglieder des KJV, pandemiebedingt mussten in diesem Jahr noch einmal alle Fastnachtsveranstaltungen ausfallen. Keine Trainingsstunde sollte jedoch vergebens sein, und so haben sich unsere T\u00e4nzerinnen und T\u00e4nzer, unsere Trainerinnen und die Fastnachtsbeauftragten des Vorstands der Corona-Situation entgegen gestellt und aus der Not eine Tugend gemacht: Alle Tanzdarbietungen des aktuellen Jahres wurden vor [&hellip;]<\/p>\n","protected":false},"author":2,"featured_media":0,"comment_status":"closed","ping_status":"open","sticky":false,"template":"","format":"standard","meta":{"jetpack_post_was_ever_published":false,"jetpack_publicize_message":"","jetpack_is_tweetstorm":false,"jetpack_publicize_feature_enabled":true,"jetpack_social_post_already_shared":true,"jetpack_social_options":{"image_generator_settings":{"template":"highway","enabled":false}}},"categories":[44],"tags":[],"jetpack_publicize_connections":[],"jetpack_featured_media_url":"","jetpack_sharing_enabled":true,"jetpack_shortlink":"https:\/\/wp.me\/p7HeFu-1NA","jetpack-related-posts":[{"id":3523,"url":"http:\/\/www.kjv-harheim.de\/index.php\/2016\/07\/04\/bornfest-2016\/","url_meta":{"origin":6918,"position":0},"title":"Bornfest 2016","date":"4. Juli 2016","format":false,"excerpt":"Das Bornfest 2016 fand am 25. und 26. Juni statt. Bereits am Freitag wurde flei\u00dfig aufgebaut, das Zelt wurde aufgerichtet und die Weinlaube an ihren gewohnten Ort -\u00fcber dem Born thronend- gebracht. Die angek\u00fcndigten Unwetter verschonten uns gl\u00fccklicher Weise, so dass wir im Trockenen schalten und walten konnten. Am Samstag\u2026","rel":"","context":"In &quot;Feste&quot;","img":{"alt_text":"","src":"","width":0,"height":0},"classes":[]},{"id":230,"url":"http:\/\/www.kjv-harheim.de\/index.php\/2012\/04\/20\/familiennachmittag\/","url_meta":{"origin":6918,"position":1},"title":"Familiennachmittag","date":"20. April 2012","format":false,"excerpt":"Der Familiennachmittag des KJV Harheim findet traditionell zu Beginn eines jeden neuen Jahres statt. Am Anfang handelte es sich eher um einen Familienabend, aber mit R\u00fccksicht auf unsere vielen jungen Mitglieder wurde vor vielen Jahren entschieden, auf den Nachmittag auszuweichen. Und so ist es bis heute geblieben. Der Familiennachmittag stimmt\u2026","rel":"","context":"In &quot;Feste&quot;","img":{"alt_text":"","src":"","width":0,"height":0},"classes":[]},{"id":123,"url":"http:\/\/www.kjv-harheim.de\/index.php\/2010\/04\/20\/gedanken-zur-100-jahr-feier\/","url_meta":{"origin":6918,"position":2},"title":"Gedanken zur 100 Jahre Feier","date":"20. April 2010","format":false,"excerpt":"Einf\u00fchrung 3 K\u00f6nige, 100 Jahre KJV Liebe Schwestern und Br\u00fcder, liebe Kinder, Erscheinung des Herrn, Hl. 3 K\u00f6nige, Weise aus dem Morgenland, wie wir dieses Fest auch nennen. 3 Menschen sind aufgebrochen, haben Sturm, Sonnenschein, K\u00e4lte und Hitze erduldet, um nach dem neugeborenen K\u00f6nig zu suchen. Nichts hat sie aufgehalten,\u2026","rel":"","context":"In &quot;Feste&quot;","img":{"alt_text":"","src":"","width":0,"height":0},"classes":[]},{"id":8019,"url":"http:\/\/www.kjv-harheim.de\/index.php\/2024\/07\/28\/summertime-2024-ein-rueckblick\/","url_meta":{"origin":6918,"position":3},"title":"Summertime 2024 &#8211; ein R\u00fcckblick","date":"28. Juli 2024","format":false,"excerpt":"Wie viel Spa\u00df es macht, in Gemeinschaft etwas auf die Beine zu stellen haben wir einmal mehr an unserem Fest am Born erfahren. Nur mit vielen Helferinnen und Helfern ist es \u00fcberhaupt m\u00f6glich das Fest stattfinden zu lassen. Deshalb sei auch hier noch einmal allen gedankt, ob Mitglied oder nicht\u2026","rel":"","context":"In &quot;Bildergalerie&quot;","img":{"alt_text":"","src":"https:\/\/i0.wp.com\/www.kjv-harheim.de\/wp-content\/uploads\/2024\/07\/IMG-20240623-WA0007-1.jpg?resize=350%2C200","width":350,"height":200},"classes":[]},{"id":8119,"url":"http:\/\/www.kjv-harheim.de\/index.php\/2024\/11\/13\/familiennachmittag-2024-mit-neuem-konzept\/","url_meta":{"origin":6918,"position":4},"title":"Familiennachmittag 2024 mit neuem Konzept","date":"13. November 2024","format":false,"excerpt":"Am Sonntag den 3.11.24 luden wir Mitglieder mit ihren Angeh\u00f6rigen und Freunde des KJV zu unserem Familiennachmittag im B\u00fcrgerhaus ein. In den letzten Jahren sank das Interesse an unserem (etwas in die Jahre gekommenen) Vereinstreffen und so war es ein recht kleines KJV-Familientreffen in 2023.Im letzten Jahr war es uns\u2026","rel":"","context":"In &quot;Allgemein&quot;","img":{"alt_text":"","src":"https:\/\/i0.wp.com\/www.kjv-harheim.de\/wp-content\/uploads\/2024\/11\/2-scaled.jpg?resize=350%2C200","width":350,"height":200},"classes":[]},{"id":3702,"url":"http:\/\/www.kjv-harheim.de\/index.php\/2010\/07\/05\/rom-2010\/","url_meta":{"origin":6918,"position":5},"title":"Rom 2010","date":"5. Juli 2010","format":false,"excerpt":"Unsere Fahrt nach Rom 09.-13.10.2010 Samstag Ein Blick in den Kalender verr\u00e4t: 09. Oktober 2010, 3 Uhr in der Fr\u00fch, der Wecker klingelt - na bravo. Heute hei\u00dft es f\u00fcr alle Romreisenden \u201efr\u00fch aufstehen\", denn um 5 Uhr f\u00e4hrt der Bus zum Frankfurter Flughafen in Harheim ab. Als Gruppe bekommen\u2026","rel":"","context":"In &quot;Ausfl\u00fcge&quot;","img":{"alt_text":"","src":"https:\/\/i0.wp.com\/www.kjv-harheim.de\/wp-content\/uploads\/2010\/07\/Rom-2010-53.jpg?resize=350%2C200","width":350,"height":200},"classes":[]}],"_links":{"self":[{"href":"http:\/\/www.kjv-harheim.de\/index.php\/wp-json\/wp\/v2\/posts\/6918"}],"collection":[{"href":"http:\/\/www.kjv-harheim.de\/index.php\/wp-json\/wp\/v2\/posts"}],"about":[{"href":"http:\/\/www.kjv-harheim.de\/index.php\/wp-json\/wp\/v2\/types\/post"}],"author":[{"embeddable":true,"href":"http:\/\/www.kjv-harheim.de\/index.php\/wp-json\/wp\/v2\/users\/2"}],"replies":[{"embeddable":true,"href":"http:\/\/www.kjv-harheim.de\/index.php\/wp-json\/wp\/v2\/comments?post=6918"}],"version-history":[{"count":3,"href":"http:\/\/www.kjv-harheim.de\/index.php\/wp-json\/wp\/v2\/posts\/6918\/revisions"}],"predecessor-version":[{"id":7727,"href":"http:\/\/www.kjv-harheim.de\/index.php\/wp-json\/wp\/v2\/posts\/6918\/revisions\/7727"}],"wp:attachment":[{"href":"http:\/\/www.kjv-harheim.de\/index.php\/wp-json\/wp\/v2\/media?parent=6918"}],"wp:term":[{"taxonomy":"category","embeddable":true,"href":"http:\/\/www.kjv-harheim.de\/index.php\/wp-json\/wp\/v2\/categories?post=6918"},{"taxonomy":"post_tag","embeddable":true,"href":"http:\/\/www.kjv-harheim.de\/index.php\/wp-json\/wp\/v2\/tags?post=6918"}],"curies":[{"name":"wp","href":"https:\/\/api.w.org\/{rel}","templated":true}]}}