{"id":7012,"date":"2022-03-04T08:45:23","date_gmt":"2022-03-04T07:45:23","guid":{"rendered":"http:\/\/www.kjv-harheim.de\/?p=7012"},"modified":"2024-04-28T11:17:28","modified_gmt":"2024-04-28T09:17:28","slug":"friedenstreffen-sonntag-6-3-17-30-uhr-alter-kirchplatz-in-harheim","status":"publish","type":"post","link":"http:\/\/www.kjv-harheim.de\/index.php\/2022\/03\/04\/friedenstreffen-sonntag-6-3-17-30-uhr-alter-kirchplatz-in-harheim\/","title":{"rendered":"Friedenstreffen, Sonntag 6.3., 17.30 Uhr , Alter Kirchplatz in Harheim"},"content":{"rendered":"\n<p>Liebe KJV Mitglieder, liebe Harheimerinnen und Harheimer, liebe Freunde,<\/p>\n<p>der Krieg in der Ukraine besch\u00e4ftigt und \u00e4ngstigt uns alle. In Gedanken sind wir bei den direkt betroffenen Menschen und ihren Schicksalen. Viele von uns haben schon Beitr\u00e4ge zur Hilfe geleistet und werden das auch weiterhin tun.<\/p>\n<p>Gleichzeitig hoffen wir, dass die Vernunft zur\u00fcckkehrt und die Kampfhandlungen ein schnelles Ende finden.<\/p>\n<p>Wir treffen uns am <strong>Sonntag, 6. M\u00e4rz, um 17.30 Uhr auf dem Alten Kirchplatz in Harheim<\/strong>, um gemeinsam f\u00fcr Frieden, Demokratie und Menschenrechte einzustehen und unsere Solidarit\u00e4t mit den Menschen in der Ukraine zu bekunden.<\/p>\n<p>Alle Harheimerinnen und Harheimer sind auf das Herzlichste eingeladen. <strong>Das Mitbringen von Kerzen als \u00e4u\u00dfere Symbole der Gewaltfreiheit w\u00e4re sch\u00f6n.<\/strong><\/p>\n<p>Bitte nehmen Sie sich wenn m\u00f6glich ein wenig Zeit, um Gemeinsamkeit und Friedensliebe zu demonstrieren!<\/p>\n<p>Ihr KJV Harheim<\/p>\n","protected":false},"excerpt":{"rendered":"<p>Liebe KJV Mitglieder, liebe Harheimerinnen und Harheimer, liebe Freunde, der Krieg in der Ukraine besch\u00e4ftigt und \u00e4ngstigt uns alle. In Gedanken sind wir bei den direkt betroffenen Menschen und ihren Schicksalen. Viele von uns haben schon Beitr\u00e4ge zur Hilfe geleistet und werden das auch weiterhin tun. Gleichzeitig hoffen wir, dass die Vernunft zur\u00fcckkehrt und die [&hellip;]<\/p>\n","protected":false},"author":2,"featured_media":0,"comment_status":"closed","ping_status":"open","sticky":false,"template":"","format":"standard","meta":{"jetpack_post_was_ever_published":false,"jetpack_publicize_message":"","jetpack_is_tweetstorm":false,"jetpack_publicize_feature_enabled":true,"jetpack_social_post_already_shared":true,"jetpack_social_options":{"image_generator_settings":{"template":"highway","enabled":false}}},"categories":[1],"tags":[],"jetpack_publicize_connections":[],"jetpack_featured_media_url":"","jetpack_sharing_enabled":true,"jetpack_shortlink":"https:\/\/wp.me\/p7HeFu-1P6","jetpack-related-posts":[{"id":5409,"url":"http:\/\/www.kjv-harheim.de\/index.php\/2017\/04\/25\/die-zeichen-stehen-auf-feiern-tanz-in-den-mai-und-schoppenturnier\/","url_meta":{"origin":7012,"position":0},"title":"Die Zeichen stehen auf &#8222;feiern&#8220;: Tanz in den Mai und Schoppenturnier","date":"25. April 2017","format":false,"excerpt":"Liebe Mitglieder, liebe Freunde des KJV, nur noch wenige Tage, dann ist es wieder soweit: wir feiern im Doppelpack! \u00a0 Tanz in den Mai am 30. April 2017 Am Sonntag, dem 30.04. ab 19 Uhr findet auf der Harheimer Bezirkssportanlage wieder der Tanz in den Mai statt. Leckere W\u00fcrstchen, hausgemachte\u2026","rel":"","context":"In &quot;+++ NEWS +++&quot;","img":{"alt_text":"","src":"","width":0,"height":0},"classes":[]},{"id":6576,"url":"http:\/\/www.kjv-harheim.de\/index.php\/2021\/03\/31\/fruehlingserwachen-und-ostergruesse\/","url_meta":{"origin":7012,"position":1},"title":"Fr\u00fchlingserwachen und Ostergr\u00fc\u00dfe","date":"31. M\u00e4rz 2021","format":false,"excerpt":"Liebe Mitglieder und Freunde des KJV Harheim, die Sonne kitzelt uns auf der Nase, die V\u00f6gel zwitschern um die Wette, und die Forsythien k\u00f6nnten kaum \u00fcppiger bl\u00fchen \u2013 keine Frage, es ist Fr\u00fchling! Wir nutzen die Gelegenheit, um von den neuesten Neuigkeiten aus den Reihen des KJV zu berichten: Cleanup\u2026","rel":"","context":"In &quot;+++ NEWS +++&quot;","img":{"alt_text":"","src":"","width":0,"height":0},"classes":[]},{"id":5488,"url":"http:\/\/www.kjv-harheim.de\/index.php\/2017\/11\/01\/familiennachmittag-am-05-11-2017\/","url_meta":{"origin":7012,"position":2},"title":"Familiennachmittag am 05.11.2017","date":"1. November 2017","format":false,"excerpt":"Liebe Mitglieder, liebe Freunde des KJV, am Sonntag ist es also schon wieder soweit: der KJV Familiennachmittag findet statt. Um 14:30 Uhr treffen wir uns im B\u00fcrgerhaus Harheim. Die Beteiligten haben wieder ein tolles Programm auf die Beine gestellt und werden den Nachmittag sicherlich wie im Fluge vergehen lassen: musikalische\u2026","rel":"","context":"In &quot;Allgemein&quot;","img":{"alt_text":"","src":"","width":0,"height":0},"classes":[]},{"id":5173,"url":"http:\/\/www.kjv-harheim.de\/index.php\/2016\/11\/14\/weihnachtsmarkt-in-harheim-03-und-04-12-2016\/","url_meta":{"origin":7012,"position":3},"title":"Weihnachtsmarkt in Harheim 03. und 04.12.2016","date":"14. November 2016","format":false,"excerpt":"Weihnachtsmarkt in Harheim 03. und 04.12.2016 Liebe Mitglieder, liebe Freunde des KJV! Am 03. Und 04. Dezember ist es auf dem Harheimer Dorfplatz wieder einmal soweit: zusammen mit vielen anderen Vereinen wird der diesj\u00e4hrige Weihnachtsmarkt ausgerichtet: zwischen den Holzbuden und im Schein der vielen Lichter kann man Gl\u00fchwein oder Kinderpunsch\u2026","rel":"","context":"In &quot;Allgemein&quot;","img":{"alt_text":"","src":"","width":0,"height":0},"classes":[]},{"id":5888,"url":"http:\/\/www.kjv-harheim.de\/index.php\/2018\/09\/03\/vereinsausflug-2018-was-war-das-schoen\/","url_meta":{"origin":7012,"position":4},"title":"Vereinsausflug 2018: was-war-das-sch\u00f6n!","date":"3. September 2018","format":false,"excerpt":"Erst haben wir Wochen und Monate auf den KJV Vereinsausflug hin gefiebert \u2013 und nun ist er schon wieder Geschichte. Am gestrigen Sonntag haben wir uns um 08:30 Uhr an der Bleiche in Harheim getroffen. \u00dcber 50 Teilnehmer tummelten sich im eigens angemieteten Reisebus und in einigen privaten Fahrzeugen, um\u2026","rel":"","context":"In &quot;Allgemein&quot;","img":{"alt_text":"","src":"","width":0,"height":0},"classes":[]},{"id":8281,"url":"http:\/\/www.kjv-harheim.de\/index.php\/2025\/03\/31\/der-kjv-und-harheim-feiern-fastnacht-ein-wochenende-voller-ueberraschungen-und-ausgelassener-stimmung\/","url_meta":{"origin":7012,"position":5},"title":"Der KJV und Harheim feiern Fastnacht &#8211; Ein Wochenende voller \u00dcberraschungen und ausgelassener Stimmung","date":"31. M\u00e4rz 2025","format":false,"excerpt":"Zur Bildergalerie Fastnacht 2025Der Startschuss f\u00fcr die Veranstaltungen zur n\u00e4rrischen Hochzeit war diesmal nicht dieWeiberfastnacht, die traditionell im Zwei-Jahres-Rhythmus ausgerichtet wird, sondern derMaskenball am Fastnachtssamstag.Maskenball Harheim feiert FastnachtDie Freiwillige Feuerwehr Harheim und der KJV Harheim veranstalteten auch in diesem Jahr wiederden legend\u00e4ren Maskenball am Fastnachtssamstag im B\u00fcrgerhaus Harheim. Egal ob\u2026","rel":"","context":"In &quot;+++ NEWS +++&quot;","img":{"alt_text":"","src":"","width":0,"height":0},"classes":[]}],"_links":{"self":[{"href":"http:\/\/www.kjv-harheim.de\/index.php\/wp-json\/wp\/v2\/posts\/7012"}],"collection":[{"href":"http:\/\/www.kjv-harheim.de\/index.php\/wp-json\/wp\/v2\/posts"}],"about":[{"href":"http:\/\/www.kjv-harheim.de\/index.php\/wp-json\/wp\/v2\/types\/post"}],"author":[{"embeddable":true,"href":"http:\/\/www.kjv-harheim.de\/index.php\/wp-json\/wp\/v2\/users\/2"}],"replies":[{"embeddable":true,"href":"http:\/\/www.kjv-harheim.de\/index.php\/wp-json\/wp\/v2\/comments?post=7012"}],"version-history":[{"count":2,"href":"http:\/\/www.kjv-harheim.de\/index.php\/wp-json\/wp\/v2\/posts\/7012\/revisions"}],"predecessor-version":[{"id":7015,"href":"http:\/\/www.kjv-harheim.de\/index.php\/wp-json\/wp\/v2\/posts\/7012\/revisions\/7015"}],"wp:attachment":[{"href":"http:\/\/www.kjv-harheim.de\/index.php\/wp-json\/wp\/v2\/media?parent=7012"}],"wp:term":[{"taxonomy":"category","embeddable":true,"href":"http:\/\/www.kjv-harheim.de\/index.php\/wp-json\/wp\/v2\/categories?post=7012"},{"taxonomy":"post_tag","embeddable":true,"href":"http:\/\/www.kjv-harheim.de\/index.php\/wp-json\/wp\/v2\/tags?post=7012"}],"curies":[{"name":"wp","href":"https:\/\/api.w.org\/{rel}","templated":true}]}}