{"id":7036,"date":"2022-03-09T09:03:53","date_gmt":"2022-03-09T08:03:53","guid":{"rendered":"http:\/\/www.kjv-harheim.de\/?p=7036"},"modified":"2024-04-28T11:17:08","modified_gmt":"2024-04-28T09:17:08","slug":"termine-termine-termine","status":"publish","type":"post","link":"http:\/\/www.kjv-harheim.de\/index.php\/2022\/03\/09\/termine-termine-termine\/","title":{"rendered":"Termine Termine Termine"},"content":{"rendered":"\n<p>Seitens des Vorstands k\u00fcmmern wir uns gerade um folgende Aktivit\u00e4ten und Veranstaltungen. Pandemiebedingt stehen die Planungen (leider) stets &#8222;unter Vorbehalt&#8220; &#8211; wir haben die Infektionslage hierbei immer im Blick.<\/p>\n<p><span style=\"text-decoration: underline;\"><strong>Jahreshauptversammlung mit Vorstandswahlen *Terminverschiebung*<\/strong><\/span><br \/>-der Termin (urspr\u00fcnglich f\u00fcr den 22.04. geplant) wurde verschoben!<br \/>-die <strong>Jahreshauptversammlung<\/strong> findet nun am <strong>Mittwoch, 06.07.2022<\/strong> statt<br \/>-Einladungen und weitere Informationen gehen Ihnen rechtzeitig zu<\/p>\n<p>\u2013 <em>bitte notieren Sie sich diesen Termin bereits jetzt, denn eine ausreichende Teilnehmerzahl (Stichwort \u201eBeschlussf\u00e4higkeit\u201c) ist unerl\u00e4sslich<\/em><\/p>\n<p><span style=\"text-decoration: underline;\"><strong>Tanz in den Mai<\/strong><\/span><br \/>-diese Veranstaltung wird in 2022 <strong>nicht<\/strong> stattfinden<\/p>\n<p><span style=\"text-decoration: underline;\"><strong>KJV Fu\u00dfballturnier<\/strong><\/span><br \/>-das Fu\u00dfballturnier wird f\u00fcr den <strong>08.05.2022<\/strong> geplant<\/p>\n<p><span style=\"text-decoration: underline;\"><strong>Bornfest<\/strong><\/span><br \/>-wir planen, das Bornfest am Wochenende <strong>25.\/26.06.2022<\/strong> stattfinden zu lassen<\/p>\n<p><span style=\"text-decoration: underline;\"><strong>Ausflug des KJV Musikzuges<\/strong><\/span><br \/>-das traditionelle Musikzugwochenende soll am <strong>14.-16.10.2022<\/strong> stattfinden<br \/>-als Ziel haben wir die Jugendherberge in Fulda ins Auge gefasst<\/p>\n<p><span style=\"text-decoration: underline;\"><strong>Familiennachmittag<\/strong><\/span> <br \/>-der Familiennachmittag ist in diesem Jahr am <strong>06.11.2022<\/strong> im Planungskalender eingetragen<\/p>\n<p><span style=\"text-decoration: underline;\"><strong>Weihnachtsmarkt<\/strong><\/span><br \/>-der Weihnachtsmarkt auf dem Alten Kirchplatz hat seinen angestammten Platz am <strong>03.\/04.12.2022<\/strong><\/p>\n<p><span style=\"text-decoration: underline;\"><strong>Weihnachtsbaumverkauf<\/strong><\/span><br \/>-das ist noch eine ganze Weile hin, aber es sei bereits erw\u00e4hnt: den Weihnachtsbaumverkauf planen wir f\u00fcr den <strong>10.12.2022<\/strong><\/p>\n<p>Wie bereits geschrieben: wir planen und organisieren, so weit uns die F\u00fc\u00dfe tragen. Sollte sich die pandemische Lage wieder verschlechtern, m\u00fcssen wir neu- und umplanen. Dar\u00fcber werden wir dann aber wie gewohnt zeitnah informieren \ud83d\ude42<\/p>\n<p>Herzliche Gr\u00fc\u00dfe<\/p>\n<p>Ihr KJV Harheim e.V.<\/p>\n","protected":false},"excerpt":{"rendered":"<p>Seitens des Vorstands k\u00fcmmern wir uns gerade um folgende Aktivit\u00e4ten und Veranstaltungen. Pandemiebedingt stehen die Planungen (leider) stets &#8222;unter Vorbehalt&#8220; &#8211; wir haben die Infektionslage hierbei immer im Blick. Jahreshauptversammlung mit Vorstandswahlen *Terminverschiebung*-der Termin (urspr\u00fcnglich f\u00fcr den 22.04. geplant) wurde verschoben!-die Jahreshauptversammlung findet nun am Mittwoch, 06.07.2022 statt-Einladungen und weitere Informationen gehen Ihnen rechtzeitig zu [&hellip;]<\/p>\n","protected":false},"author":2,"featured_media":0,"comment_status":"closed","ping_status":"open","sticky":false,"template":"","format":"standard","meta":{"jetpack_post_was_ever_published":false,"jetpack_publicize_message":"","jetpack_is_tweetstorm":false,"jetpack_publicize_feature_enabled":true,"jetpack_social_post_already_shared":true,"jetpack_social_options":{"image_generator_settings":{"template":"highway","enabled":false}}},"categories":[1],"tags":[],"jetpack_publicize_connections":[],"jetpack_featured_media_url":"","jetpack_sharing_enabled":true,"jetpack_shortlink":"https:\/\/wp.me\/p7HeFu-1Pu","jetpack-related-posts":[{"id":6488,"url":"http:\/\/www.kjv-harheim.de\/index.php\/2020\/04\/03\/wichtige-informationen-zu-unseren-veranstaltungen-im-zusammenhang-mit-corona\/","url_meta":{"origin":7036,"position":0},"title":"Wichtige Informationen zu unseren Veranstaltungen im Zusammenhang mit Corona","date":"3. April 2020","format":false,"excerpt":"Liebe Vereinsmitglieder, leider m\u00fcssen wir aufgrund des Coronavirus SARS-CoV-2 auch nach Ostern weitere Termine absagen. Dies betrifft - die Jahreshauptversammlung, geplant am 24. April - Tanz in den Mai und Fu\u00dfballturnier am 1. Mai Sobald f\u00fcr die Jahreshauptversammlung ein neuer Termin feststeht, wird dieser allen Mitgliedern rechtzeitig und schriftlich mitgeteilt.\u2026","rel":"","context":"In &quot;+++ NEWS +++&quot;","img":{"alt_text":"","src":"","width":0,"height":0},"classes":[]},{"id":6498,"url":"http:\/\/www.kjv-harheim.de\/index.php\/2020\/04\/23\/kjv-in-zeiten-von-corona\/","url_meta":{"origin":7036,"position":1},"title":"KJV in Zeiten von Corona","date":"23. April 2020","format":false,"excerpt":"\"Ist der KJV denn \u00fcberhaupt noch da?\", mag sich sicher mancher fragen. Ja, wir sind da :-) Die Pandemie hat auch uns ganz gut im Griff (zum Gl\u00fcck, zum Gl\u00fcck geht es uns allen gut), aber hinter den Kulissen arbeitet der Vorstand nat\u00fcrlich weiter. So verproben wir nun zum wiederholten\u2026","rel":"","context":"In &quot;+++ NEWS +++&quot;","img":{"alt_text":"","src":"","width":0,"height":0},"classes":[]},{"id":7039,"url":"http:\/\/www.kjv-harheim.de\/index.php\/2022\/05\/18\/bitte-vormerken-jahreshauptversammlung-am-06-07-22\/","url_meta":{"origin":7036,"position":2},"title":"bitte vormerken: Jahreshauptversammlung am 06.07.22","date":"18. Mai 2022","format":false,"excerpt":"Liebe Mitglieder des KJV Harheim, mit Blick auf den Kalender ist es uns wichtig, auch auf diesem Wege auf die bald stattfindende KJV Jahreshauptversammlung hinzuweisen. Wie wo wann? KJV JahreshauptversammlungAm Mittwoch, 06. Juli 2022Im gro\u00dfen Saal im B\u00fcrgerhaus Harheim Die Einladungen mit der genauen Uhrzeit und der Tagesordnung gehen allen\u2026","rel":"","context":"In &quot;Allgemein&quot;","img":{"alt_text":"","src":"","width":0,"height":0},"classes":[]},{"id":5409,"url":"http:\/\/www.kjv-harheim.de\/index.php\/2017\/04\/25\/die-zeichen-stehen-auf-feiern-tanz-in-den-mai-und-schoppenturnier\/","url_meta":{"origin":7036,"position":3},"title":"Die Zeichen stehen auf &#8222;feiern&#8220;: Tanz in den Mai und Schoppenturnier","date":"25. April 2017","format":false,"excerpt":"Liebe Mitglieder, liebe Freunde des KJV, nur noch wenige Tage, dann ist es wieder soweit: wir feiern im Doppelpack! \u00a0 Tanz in den Mai am 30. April 2017 Am Sonntag, dem 30.04. ab 19 Uhr findet auf der Harheimer Bezirkssportanlage wieder der Tanz in den Mai statt. Leckere W\u00fcrstchen, hausgemachte\u2026","rel":"","context":"In &quot;+++ NEWS +++&quot;","img":{"alt_text":"","src":"","width":0,"height":0},"classes":[]},{"id":4627,"url":"http:\/\/www.kjv-harheim.de\/index.php\/2016\/07\/14\/1-mai-fussballturnier\/","url_meta":{"origin":7036,"position":4},"title":"Bilder 1. Mai Fu\u00dfballturnier 2015","date":"14. Juli 2016","format":"gallery","excerpt":"Jetzt wird sich sicher manch einer fragen, wie man denn nun Turnier schreibt :mrgreen:\u00a0. Hier gibt es eine wunderbare Erkl\u00e4rung dazu: Turnier ist ein Wort, das beim Sprechen sehr h\u00e4ufig verunstaltet und in der Folge oft falsch geschrieben wird. Denn mitunter klingt es so, als ob das r nach dem\u2026","rel":"","context":"In &quot;Bildergalerie&quot;","img":{"alt_text":"","src":"https:\/\/i0.wp.com\/www.kjv-harheim.de\/wp-content\/uploads\/2016\/07\/1.Mai-Fussballturnier-2015-10-e1468524151627.jpg?resize=350%2C200","width":350,"height":200},"classes":[]},{"id":5405,"url":"http:\/\/www.kjv-harheim.de\/index.php\/2017\/04\/18\/osternachwehen-und-jahreshauptversammlung\/","url_meta":{"origin":7036,"position":5},"title":"Osternachwehen und Jahreshauptversammlung","date":"18. April 2017","format":false,"excerpt":"Liebe Mitglieder, war nicht eben noch Fasching, Aschermittwoch, Fastenzeit? Kann es sein, dass nun das Osterfest schon wieder hinter uns liegt? Wie die Zeit vergeht! An dieser Stelle m\u00f6chte ich an die bevorstehenden Jahreshauptversammlung des KJV Harheim erinnern: sie findet am kommenden Freitag, 21.04.2017 um 20:00 Uhr im Kath. Pfarrheim\u2026","rel":"","context":"In &quot;+++ NEWS +++&quot;","img":{"alt_text":"","src":"","width":0,"height":0},"classes":[]}],"_links":{"self":[{"href":"http:\/\/www.kjv-harheim.de\/index.php\/wp-json\/wp\/v2\/posts\/7036"}],"collection":[{"href":"http:\/\/www.kjv-harheim.de\/index.php\/wp-json\/wp\/v2\/posts"}],"about":[{"href":"http:\/\/www.kjv-harheim.de\/index.php\/wp-json\/wp\/v2\/types\/post"}],"author":[{"embeddable":true,"href":"http:\/\/www.kjv-harheim.de\/index.php\/wp-json\/wp\/v2\/users\/2"}],"replies":[{"embeddable":true,"href":"http:\/\/www.kjv-harheim.de\/index.php\/wp-json\/wp\/v2\/comments?post=7036"}],"version-history":[{"count":1,"href":"http:\/\/www.kjv-harheim.de\/index.php\/wp-json\/wp\/v2\/posts\/7036\/revisions"}],"predecessor-version":[{"id":7037,"href":"http:\/\/www.kjv-harheim.de\/index.php\/wp-json\/wp\/v2\/posts\/7036\/revisions\/7037"}],"wp:attachment":[{"href":"http:\/\/www.kjv-harheim.de\/index.php\/wp-json\/wp\/v2\/media?parent=7036"}],"wp:term":[{"taxonomy":"category","embeddable":true,"href":"http:\/\/www.kjv-harheim.de\/index.php\/wp-json\/wp\/v2\/categories?post=7036"},{"taxonomy":"post_tag","embeddable":true,"href":"http:\/\/www.kjv-harheim.de\/index.php\/wp-json\/wp\/v2\/tags?post=7036"}],"curies":[{"name":"wp","href":"https:\/\/api.w.org\/{rel}","templated":true}]}}