{"id":7141,"date":"2022-07-07T08:16:31","date_gmt":"2022-07-07T06:16:31","guid":{"rendered":"http:\/\/www.kjv-harheim.de\/?p=7141"},"modified":"2024-04-28T11:14:53","modified_gmt":"2024-04-28T09:14:53","slug":"der-kjv-hat-einen-neuen-vorstand","status":"publish","type":"post","link":"http:\/\/www.kjv-harheim.de\/index.php\/2022\/07\/07\/der-kjv-hat-einen-neuen-vorstand\/","title":{"rendered":"Der KJV hat einen neuen Vorstand"},"content":{"rendered":"\n<p>Liebe Mitglieder und Freunde des KJV,<\/p>\n<p>am 06.07.2022 fand unsere diesj\u00e4hrige Jahreshauptversammlung statt. Auf der Tagesordnung stand auch die Neuwahl des Vorstands.<\/p>\n<p>Wer in dieses Gremium gew\u00e4hlt wurde, k\u00f6nnt Ihr <a href=\"http:\/\/www.kjv-harheim.de\/index.php\/wir-uber-uns\/der-vorstand-2\/\">hier<\/a> sehen.<\/p>\n<p>Dem neuen Vorstand w\u00fcnschen wir von Herzen gutes Gelingen und viel Erfolg\u00a0 bei seiner Arbeit!<\/p>\n","protected":false},"excerpt":{"rendered":"<p>Liebe Mitglieder und Freunde des KJV, am 06.07.2022 fand unsere diesj\u00e4hrige Jahreshauptversammlung statt. Auf der Tagesordnung stand auch die Neuwahl des Vorstands. Wer in dieses Gremium gew\u00e4hlt wurde, k\u00f6nnt Ihr hier sehen. Dem neuen Vorstand w\u00fcnschen wir von Herzen gutes Gelingen und viel Erfolg\u00a0 bei seiner Arbeit!<\/p>\n","protected":false},"author":2,"featured_media":0,"comment_status":"closed","ping_status":"open","sticky":false,"template":"","format":"standard","meta":{"jetpack_post_was_ever_published":false,"jetpack_publicize_message":"","jetpack_is_tweetstorm":false,"jetpack_publicize_feature_enabled":true,"jetpack_social_post_already_shared":true,"jetpack_social_options":{"image_generator_settings":{"template":"highway","enabled":false}}},"categories":[1],"tags":[],"jetpack_publicize_connections":[],"jetpack_featured_media_url":"","jetpack_sharing_enabled":true,"jetpack_shortlink":"https:\/\/wp.me\/p7HeFu-1Rb","jetpack-related-posts":[{"id":5818,"url":"http:\/\/www.kjv-harheim.de\/index.php\/2018\/04\/14\/vorstandswahlen-2018-der-vorstand-im-kjv\/","url_meta":{"origin":7141,"position":0},"title":"Vorstandswahlen 2018 &#8211; der Vorstand im KJV","date":"14. April 2018","format":false,"excerpt":"Am 13.04.2018 fand im Kath. Pfarrheim in Harheim die diesj\u00e4hrige Jahreshauptversammlung des KJV statt. In diesem Jahr wurde ein neuer Vorstand gew\u00e4hlt, der in gro\u00dfen Teilen doch der alte geblieben ist. Hier eine \u00dcbersicht der Personalien: Position Name 1. Vorsitzender Michael Fries 2. Vorsitzender Ren\u00e9 Meth Kassierer Andreas Kordek Schriftf\u00fchrer\u2026","rel":"","context":"In &quot;Allgemein&quot;","img":{"alt_text":"","src":"","width":0,"height":0},"classes":[]},{"id":6536,"url":"http:\/\/www.kjv-harheim.de\/index.php\/2020\/10\/05\/habemus-vorstand\/","url_meta":{"origin":7141,"position":1},"title":"Habemus Vorstand :-)","date":"5. Oktober 2020","format":false,"excerpt":"Am 30.09.2020 fand unsere diesj\u00e4hrige Jahreshautversammlung statt. In diesem Jahr standen -neben anderen spannenden Themen- die Vorstandswahlen auf der Tagesordnung. Mit Freude k\u00f6nnen wir verk\u00fcnden \"habemus Vorstand - wir haben einen Vorstand\" :-) Die neue Zusammensetzung dieses Gremiums ist hier zu finden. Dem gew\u00e4hlten Vorstand alles Gute, viel Erfolg und\u2026","rel":"","context":"In &quot;+++ NEWS +++&quot;","img":{"alt_text":"","src":"","width":0,"height":0},"classes":[]},{"id":6910,"url":"http:\/\/www.kjv-harheim.de\/index.php\/2021\/12\/21\/keine-faschingsveranstaltungen-in-der-kampagne-2021-2022\/","url_meta":{"origin":7141,"position":2},"title":"keine Fastnachtsveranstaltungen in der Kampagne 2021\/2022","date":"21. Dezember 2021","format":false,"excerpt":"Liebe Mitglieder und Freunde des KJV, liebe Trainer und Trainerinnen, liebe Aktiven, wir haben im Vorstand lange gerungen, welche Entscheidung mit Blick auf die vor uns liegende Fastnachtskampagne in Zeiten von Corona die richtige, die verantwortungsvolle sein kann.\u00a0 Letztlich haben wir angesichts der pandemischen Lage (beh\u00f6rdliche Vorgaben und Auflagen, Inzidenzen,\u2026","rel":"","context":"In &quot;+++ NEWS +++&quot;","img":{"alt_text":"","src":"","width":0,"height":0},"classes":[]},{"id":7039,"url":"http:\/\/www.kjv-harheim.de\/index.php\/2022\/05\/18\/bitte-vormerken-jahreshauptversammlung-am-06-07-22\/","url_meta":{"origin":7141,"position":3},"title":"bitte vormerken: Jahreshauptversammlung am 06.07.22","date":"18. Mai 2022","format":false,"excerpt":"Liebe Mitglieder des KJV Harheim, mit Blick auf den Kalender ist es uns wichtig, auch auf diesem Wege auf die bald stattfindende KJV Jahreshauptversammlung hinzuweisen. Wie wo wann? KJV JahreshauptversammlungAm Mittwoch, 06. Juli 2022Im gro\u00dfen Saal im B\u00fcrgerhaus Harheim Die Einladungen mit der genauen Uhrzeit und der Tagesordnung gehen allen\u2026","rel":"","context":"In &quot;Allgemein&quot;","img":{"alt_text":"","src":"","width":0,"height":0},"classes":[]},{"id":8119,"url":"http:\/\/www.kjv-harheim.de\/index.php\/2024\/11\/13\/familiennachmittag-2024-mit-neuem-konzept\/","url_meta":{"origin":7141,"position":4},"title":"Familiennachmittag 2024 mit neuem Konzept","date":"13. November 2024","format":false,"excerpt":"Am Sonntag den 3.11.24 luden wir Mitglieder mit ihren Angeh\u00f6rigen und Freunde des KJV zu unserem Familiennachmittag im B\u00fcrgerhaus ein. In den letzten Jahren sank das Interesse an unserem (etwas in die Jahre gekommenen) Vereinstreffen und so war es ein recht kleines KJV-Familientreffen in 2023.Im letzten Jahr war es uns\u2026","rel":"","context":"In &quot;Allgemein&quot;","img":{"alt_text":"","src":"https:\/\/i0.wp.com\/www.kjv-harheim.de\/wp-content\/uploads\/2024\/11\/2-scaled.jpg?resize=350%2C200","width":350,"height":200},"classes":[]},{"id":7681,"url":"http:\/\/www.kjv-harheim.de\/index.php\/2024\/03\/17\/papier-sparen-und-auf-e-mail-umstellen\/","url_meta":{"origin":7141,"position":5},"title":"Papier sparen und auf E-Mail umstellen !","date":"17. M\u00e4rz 2024","format":false,"excerpt":"In unsere Satzung wurde bereits aufgenommen, dass die Einladungen zur Jahreshauptversammlung per E-Mail verschickt werden d\u00fcrfen, wenn der Empf\u00e4nger zustimmt. Wenn Sie zuk\u00fcnftig die Einladung zur Jahreshauptversammlung per E-Mail erhalten wollen, best\u00e4tigen Sie uns dies bitte mit Hilfe des hier zum Download verf\u00fcgbaren Formulars oder per Mail an:vorstand@kjv-harheim.de (Betreff: Best\u00e4tigung\u2026","rel":"","context":"In &quot;Downloads&quot;","img":{"alt_text":"","src":"","width":0,"height":0},"classes":[]}],"_links":{"self":[{"href":"http:\/\/www.kjv-harheim.de\/index.php\/wp-json\/wp\/v2\/posts\/7141"}],"collection":[{"href":"http:\/\/www.kjv-harheim.de\/index.php\/wp-json\/wp\/v2\/posts"}],"about":[{"href":"http:\/\/www.kjv-harheim.de\/index.php\/wp-json\/wp\/v2\/types\/post"}],"author":[{"embeddable":true,"href":"http:\/\/www.kjv-harheim.de\/index.php\/wp-json\/wp\/v2\/users\/2"}],"replies":[{"embeddable":true,"href":"http:\/\/www.kjv-harheim.de\/index.php\/wp-json\/wp\/v2\/comments?post=7141"}],"version-history":[{"count":1,"href":"http:\/\/www.kjv-harheim.de\/index.php\/wp-json\/wp\/v2\/posts\/7141\/revisions"}],"predecessor-version":[{"id":7142,"href":"http:\/\/www.kjv-harheim.de\/index.php\/wp-json\/wp\/v2\/posts\/7141\/revisions\/7142"}],"wp:attachment":[{"href":"http:\/\/www.kjv-harheim.de\/index.php\/wp-json\/wp\/v2\/media?parent=7141"}],"wp:term":[{"taxonomy":"category","embeddable":true,"href":"http:\/\/www.kjv-harheim.de\/index.php\/wp-json\/wp\/v2\/categories?post=7141"},{"taxonomy":"post_tag","embeddable":true,"href":"http:\/\/www.kjv-harheim.de\/index.php\/wp-json\/wp\/v2\/tags?post=7141"}],"curies":[{"name":"wp","href":"https:\/\/api.w.org\/{rel}","templated":true}]}}