{"id":7194,"date":"2022-11-30T17:57:48","date_gmt":"2022-11-30T16:57:48","guid":{"rendered":"http:\/\/www.kjv-harheim.de\/?p=7194"},"modified":"2022-11-30T17:57:50","modified_gmt":"2022-11-30T16:57:50","slug":"musikzugwochenende-2022","status":"publish","type":"post","link":"http:\/\/www.kjv-harheim.de\/index.php\/2022\/11\/30\/musikzugwochenende-2022\/","title":{"rendered":"Musikzugwochenende 2022"},"content":{"rendered":"\n<figure class=\"wp-block-image size-large is-resized\"><img data-attachment-id=\"7195\" data-permalink=\"http:\/\/www.kjv-harheim.de\/index.php\/2022\/11\/30\/musikzugwochenende-2022\/vbakgjhvc6l-pvrkyub8wgbcm2x9x5pcvdp9soheiwuejxfpc-1\/\" data-orig-file=\"http:\/\/www.kjv-harheim.de\/wp-content\/uploads\/2022\/11\/vbakgJhVc6L-PVrKYUB8wgbCm2X9X5PcvDp9sOHeiWUeJxFPc-1.jpg\" data-orig-size=\"1172,879\" data-comments-opened=\"0\" data-image-meta=\"{&quot;aperture&quot;:&quot;0&quot;,&quot;credit&quot;:&quot;&quot;,&quot;camera&quot;:&quot;&quot;,&quot;caption&quot;:&quot;&quot;,&quot;created_timestamp&quot;:&quot;0&quot;,&quot;copyright&quot;:&quot;&quot;,&quot;focal_length&quot;:&quot;0&quot;,&quot;iso&quot;:&quot;0&quot;,&quot;shutter_speed&quot;:&quot;0&quot;,&quot;title&quot;:&quot;&quot;,&quot;orientation&quot;:&quot;0&quot;}\" data-image-title=\"vbakgJhVc6L-PVrKYUB8wgbCm2X9X5PcvDp9sOHeiWUeJxFPc-1\" data-image-description=\"\" data-image-caption=\"\" data-medium-file=\"http:\/\/www.kjv-harheim.de\/wp-content\/uploads\/2022\/11\/vbakgJhVc6L-PVrKYUB8wgbCm2X9X5PcvDp9sOHeiWUeJxFPc-1-300x225.jpg\" data-large-file=\"http:\/\/www.kjv-harheim.de\/wp-content\/uploads\/2022\/11\/vbakgJhVc6L-PVrKYUB8wgbCm2X9X5PcvDp9sOHeiWUeJxFPc-1-1024x768.jpg\" decoding=\"async\" loading=\"lazy\" src=\"http:\/\/www.kjv-harheim.de\/wp-content\/uploads\/2022\/11\/vbakgJhVc6L-PVrKYUB8wgbCm2X9X5PcvDp9sOHeiWUeJxFPc-1-1024x768.jpg\" alt=\"\" class=\"wp-image-7195\" width=\"589\" height=\"442\" srcset=\"http:\/\/www.kjv-harheim.de\/wp-content\/uploads\/2022\/11\/vbakgJhVc6L-PVrKYUB8wgbCm2X9X5PcvDp9sOHeiWUeJxFPc-1-1024x768.jpg 1024w, http:\/\/www.kjv-harheim.de\/wp-content\/uploads\/2022\/11\/vbakgJhVc6L-PVrKYUB8wgbCm2X9X5PcvDp9sOHeiWUeJxFPc-1-300x225.jpg 300w, http:\/\/www.kjv-harheim.de\/wp-content\/uploads\/2022\/11\/vbakgJhVc6L-PVrKYUB8wgbCm2X9X5PcvDp9sOHeiWUeJxFPc-1-768x576.jpg 768w, http:\/\/www.kjv-harheim.de\/wp-content\/uploads\/2022\/11\/vbakgJhVc6L-PVrKYUB8wgbCm2X9X5PcvDp9sOHeiWUeJxFPc-1.jpg 1172w\" sizes=\"(max-width: 589px) 100vw, 589px\" \/><\/figure>\n","protected":false},"excerpt":{"rendered":"","protected":false},"author":6,"featured_media":0,"comment_status":"closed","ping_status":"open","sticky":false,"template":"","format":"gallery","meta":{"jetpack_post_was_ever_published":false,"jetpack_publicize_message":"","jetpack_is_tweetstorm":false,"jetpack_publicize_feature_enabled":true,"jetpack_social_post_already_shared":true,"jetpack_social_options":{"image_generator_settings":{"template":"highway","enabled":false}}},"categories":[47],"tags":[],"jetpack_publicize_connections":[],"jetpack_featured_media_url":"","jetpack_sharing_enabled":true,"jetpack_shortlink":"https:\/\/wp.me\/p7HeFu-1S2","jetpack-related-posts":[{"id":6921,"url":"http:\/\/www.kjv-harheim.de\/index.php\/2022\/02\/27\/fasching-2022\/","url_meta":{"origin":7194,"position":0},"title":"Fastnacht 2022","date":"27. Februar 2022","format":"image","excerpt":"Impressionen vom Videodreh","rel":"","context":"In &quot;Allgemein&quot;","img":{"alt_text":"","src":"https:\/\/i0.wp.com\/www.kjv-harheim.de\/wp-content\/uploads\/2022\/02\/Fasching-2022-1-1.jpg?resize=350%2C200","width":350,"height":200},"classes":[]},{"id":7132,"url":"http:\/\/www.kjv-harheim.de\/index.php\/2022\/06\/28\/bornfest-26-06-2022\/","url_meta":{"origin":7194,"position":1},"title":"Bornfest 26.06.2022","date":"28. Juni 2022","format":"gallery","excerpt":"","rel":"","context":"In &quot;Bildergalerie&quot;","img":{"alt_text":"","src":"https:\/\/i0.wp.com\/www.kjv-harheim.de\/wp-content\/uploads\/2022\/06\/1656311613395-scaled.jpg?resize=350%2C200","width":350,"height":200},"classes":[]},{"id":7134,"url":"http:\/\/www.kjv-harheim.de\/index.php\/2022\/06\/28\/bornfest-am-26-06-2022-impressionen\/","url_meta":{"origin":7194,"position":2},"title":"Bornfest am 26.06.2022 -Impressionen-","date":"28. Juni 2022","format":false,"excerpt":"Nun ist das Bornfest bereits wieder Geschichte - damit uns die sch\u00f6nen Erinnerungen an diesen tollen Tag noch lange erhalten bleiben, haben wir einige Fotos in der Bildergalerie zusammengetragen. Viel Spa\u00df beim Bl\u00e4ttern :-) Ihr und Euer KJV Harheim e.V.","rel":"","context":"In &quot;Summertime am Born \/ Bornfest&quot;","img":{"alt_text":"","src":"","width":0,"height":0},"classes":[]},{"id":7036,"url":"http:\/\/www.kjv-harheim.de\/index.php\/2022\/03\/09\/termine-termine-termine\/","url_meta":{"origin":7194,"position":3},"title":"Termine Termine Termine","date":"9. M\u00e4rz 2022","format":false,"excerpt":"Seitens des Vorstands k\u00fcmmern wir uns gerade um folgende Aktivit\u00e4ten und Veranstaltungen. Pandemiebedingt stehen die Planungen (leider) stets \"unter Vorbehalt\" - wir haben die Infektionslage hierbei immer im Blick. Jahreshauptversammlung mit Vorstandswahlen *Terminverschiebung*-der Termin (urspr\u00fcnglich f\u00fcr den 22.04. geplant) wurde verschoben!-die Jahreshauptversammlung findet nun am Mittwoch, 06.07.2022 statt-Einladungen und weitere\u2026","rel":"","context":"In &quot;Allgemein&quot;","img":{"alt_text":"","src":"","width":0,"height":0},"classes":[]},{"id":7478,"url":"http:\/\/www.kjv-harheim.de\/index.php\/2023\/07\/03\/summertime-am-born-2023-bildergalerie\/","url_meta":{"origin":7194,"position":4},"title":"Bilder Summertime am Born 2023","date":"3. Juli 2023","format":false,"excerpt":"Auch der Born wird h\u00fcbsch gemacht! Nur ein kleiner Einkauf :-)) Viele helfende H\u00e4nde! Wir freuen uns schon auf 2024!","rel":"","context":"In &quot;Bildergalerie&quot;","img":{"alt_text":"","src":"https:\/\/i0.wp.com\/www.kjv-harheim.de\/wp-content\/uploads\/2023\/07\/20230624_222006-scaled.jpg?resize=350%2C200","width":350,"height":200},"classes":[]},{"id":6691,"url":"http:\/\/www.kjv-harheim.de\/index.php\/2021\/11\/08\/familiennachmittag-2021\/","url_meta":{"origin":7194,"position":5},"title":"Familiennachmittag 2021","date":"8. November 2021","format":"gallery","excerpt":"","rel":"","context":"In &quot;Bildergalerie&quot;","img":{"alt_text":"","src":"https:\/\/i0.wp.com\/www.kjv-harheim.de\/wp-content\/uploads\/2021\/11\/IMG_1063-3-scaled.jpg?resize=350%2C200","width":350,"height":200},"classes":[]}],"_links":{"self":[{"href":"http:\/\/www.kjv-harheim.de\/index.php\/wp-json\/wp\/v2\/posts\/7194"}],"collection":[{"href":"http:\/\/www.kjv-harheim.de\/index.php\/wp-json\/wp\/v2\/posts"}],"about":[{"href":"http:\/\/www.kjv-harheim.de\/index.php\/wp-json\/wp\/v2\/types\/post"}],"author":[{"embeddable":true,"href":"http:\/\/www.kjv-harheim.de\/index.php\/wp-json\/wp\/v2\/users\/6"}],"replies":[{"embeddable":true,"href":"http:\/\/www.kjv-harheim.de\/index.php\/wp-json\/wp\/v2\/comments?post=7194"}],"version-history":[{"count":1,"href":"http:\/\/www.kjv-harheim.de\/index.php\/wp-json\/wp\/v2\/posts\/7194\/revisions"}],"predecessor-version":[{"id":7196,"href":"http:\/\/www.kjv-harheim.de\/index.php\/wp-json\/wp\/v2\/posts\/7194\/revisions\/7196"}],"wp:attachment":[{"href":"http:\/\/www.kjv-harheim.de\/index.php\/wp-json\/wp\/v2\/media?parent=7194"}],"wp:term":[{"taxonomy":"category","embeddable":true,"href":"http:\/\/www.kjv-harheim.de\/index.php\/wp-json\/wp\/v2\/categories?post=7194"},{"taxonomy":"post_tag","embeddable":true,"href":"http:\/\/www.kjv-harheim.de\/index.php\/wp-json\/wp\/v2\/tags?post=7194"}],"curies":[{"name":"wp","href":"https:\/\/api.w.org\/{rel}","templated":true}]}}