{"id":7239,"date":"2023-01-30T18:01:42","date_gmt":"2023-01-30T17:01:42","guid":{"rendered":"http:\/\/www.kjv-harheim.de\/?p=7239"},"modified":"2024-04-28T11:14:07","modified_gmt":"2024-04-28T09:14:07","slug":"weiberfaschingsparty-2023","status":"publish","type":"post","link":"http:\/\/www.kjv-harheim.de\/index.php\/2023\/01\/30\/weiberfaschingsparty-2023\/","title":{"rendered":"Weiberfaschingsparty 2023"},"content":{"rendered":"\n<figure class=\"wp-block-image size-large\"><img data-attachment-id=\"7240\" data-permalink=\"http:\/\/www.kjv-harheim.de\/index.php\/2023\/01\/30\/weiberfaschingsparty-2023\/weiberfasching-facebook-beitrag-querformat-1\/\" data-orig-file=\"http:\/\/www.kjv-harheim.de\/wp-content\/uploads\/2023\/01\/Weiberfasching-Facebook-Beitrag-Querformat-1.png\" data-orig-size=\"940,788\" data-comments-opened=\"0\" data-image-meta=\"{&quot;aperture&quot;:&quot;0&quot;,&quot;credit&quot;:&quot;&quot;,&quot;camera&quot;:&quot;&quot;,&quot;caption&quot;:&quot;&quot;,&quot;created_timestamp&quot;:&quot;0&quot;,&quot;copyright&quot;:&quot;&quot;,&quot;focal_length&quot;:&quot;0&quot;,&quot;iso&quot;:&quot;0&quot;,&quot;shutter_speed&quot;:&quot;0&quot;,&quot;title&quot;:&quot;&quot;,&quot;orientation&quot;:&quot;0&quot;}\" data-image-title=\"Weiberfasching-Facebook-Beitrag-Querformat-1\" data-image-description=\"\" data-image-caption=\"\" data-medium-file=\"http:\/\/www.kjv-harheim.de\/wp-content\/uploads\/2023\/01\/Weiberfasching-Facebook-Beitrag-Querformat-1-300x251.png\" data-large-file=\"http:\/\/www.kjv-harheim.de\/wp-content\/uploads\/2023\/01\/Weiberfasching-Facebook-Beitrag-Querformat-1.png\" decoding=\"async\" loading=\"lazy\" width=\"940\" height=\"788\" src=\"http:\/\/www.kjv-harheim.de\/wp-content\/uploads\/2023\/01\/Weiberfasching-Facebook-Beitrag-Querformat-1.png\" alt=\"\" class=\"wp-image-7240\" srcset=\"http:\/\/www.kjv-harheim.de\/wp-content\/uploads\/2023\/01\/Weiberfasching-Facebook-Beitrag-Querformat-1.png 940w, http:\/\/www.kjv-harheim.de\/wp-content\/uploads\/2023\/01\/Weiberfasching-Facebook-Beitrag-Querformat-1-300x251.png 300w, http:\/\/www.kjv-harheim.de\/wp-content\/uploads\/2023\/01\/Weiberfasching-Facebook-Beitrag-Querformat-1-768x644.png 768w\" sizes=\"(max-width: 940px) 100vw, 940px\" \/><\/figure>\n\n\n\n<blockquote>\n<p><strong>Weiberfaschingsparty 2023<\/strong><\/p>\n<p class=\"p1\"><span class=\"s1\">Mit der Weiberfaschingsparty am Donnerstag, den 16.02.2023, im Pfarrheim der St. Jakobus Gemeinde Harheim startet der KJV in die n\u00e4rrische Zeit. Ab 20:11 Uhr \u00fcberraschen wir mit einem neuen Konzept. Es wird keine klassische Sitzung mehr geben &#8211; sondern eine ausgelassene Party garniert mit Musik von Voice &amp; Soul, lustigen Showeinlagen und kleinen Vortr\u00e4gen. Der Eintritt betr\u00e4gt 12\u20ac an der Abendkasse. Da es keine festen Sitzpl\u00e4tze mehr gibt, entf\u00e4llt der Vorverkauf. Wer nun bef\u00fcrchtet nicht mehr eingelassen zu werden, den k\u00f6nnen wir beruhigen.<span class=\"Apple-converted-space\">\u00a0 <\/span>Wir haben die Platzkapazit\u00e4ten aufgestockt. Selbstverst\u00e4ndlich ist auch f\u00fcr ausreichend Essen und Trinken gesorgt, um ausgelassen Fassenacht zu feiern. Lasst euch von neuen Snacks und Getr\u00e4nken \u00fcberraschen. Eines allerdings wird sich nicht \u00e4ndern \u2013 dieser Abend geh\u00f6rt nur den Frauen.<\/span><\/p>\n<p><br \/><br \/>Veranstaltungszeit: 20:11 bis 01:00<\/p>\n<\/blockquote>\n","protected":false},"excerpt":{"rendered":"<p>Weiberfaschingsparty 2023 Mit der Weiberfaschingsparty am Donnerstag, den 16.02.2023, im Pfarrheim der St. Jakobus Gemeinde Harheim startet der KJV in die n\u00e4rrische Zeit. Ab 20:11 Uhr \u00fcberraschen wir mit einem neuen Konzept. Es wird keine klassische Sitzung mehr geben &#8211; sondern eine ausgelassene Party garniert mit Musik von Voice &amp; Soul, lustigen Showeinlagen und kleinen [&hellip;]<\/p>\n","protected":false},"author":7,"featured_media":0,"comment_status":"closed","ping_status":"open","sticky":false,"template":"","format":"standard","meta":{"jetpack_post_was_ever_published":false,"jetpack_publicize_message":"","jetpack_is_tweetstorm":false,"jetpack_publicize_feature_enabled":true,"jetpack_social_post_already_shared":true,"jetpack_social_options":{"image_generator_settings":{"template":"highway","enabled":false}}},"categories":[44],"tags":[53,79],"jetpack_publicize_connections":[],"jetpack_featured_media_url":"","jetpack_sharing_enabled":true,"jetpack_shortlink":"https:\/\/wp.me\/p7HeFu-1SL","jetpack-related-posts":[{"id":7527,"url":"http:\/\/www.kjv-harheim.de\/index.php\/2023\/11\/01\/11-11-fastnacht\/","url_meta":{"origin":7239,"position":0},"title":"11.11. &#8211; Fastnacht","date":"1. November 2023","format":false,"excerpt":"Liebe N\u00e4rrinnen und Narrhalesen, liebe Mitwirkende der KJV-Fastnacht, liebe Freunde der f\u00fcnften Jahreszeit!Wir laden euch herzlich ein, mit uns am 11.11.2023, selbstverst\u00e4ndlich ab 11:11 Uhr, \u00a0im Pfarrheim der St.Jakobus-Gemeinde Harheim, den Start der neuen Fastnacht-Kampagne zu feiern. Es erwartet euch ein kleiner Fr\u00fchschoppen mit Sekt, Bier, Kreppeln und anderen Leckereien.\u2026","rel":"","context":"In &quot;Fastnacht&quot;","img":{"alt_text":"","src":"https:\/\/i0.wp.com\/www.kjv-harheim.de\/wp-content\/uploads\/2023\/11\/86A4E937-F48E-49B8-9571-355A102C4F79.png?resize=350%2C200","width":350,"height":200},"classes":[]},{"id":8281,"url":"http:\/\/www.kjv-harheim.de\/index.php\/2025\/03\/31\/der-kjv-und-harheim-feiern-fastnacht-ein-wochenende-voller-ueberraschungen-und-ausgelassener-stimmung\/","url_meta":{"origin":7239,"position":1},"title":"Der KJV und Harheim feiern Fastnacht &#8211; Ein Wochenende voller \u00dcberraschungen und ausgelassener Stimmung","date":"31. M\u00e4rz 2025","format":false,"excerpt":"Zur Bildergalerie Fastnacht 2025Der Startschuss f\u00fcr die Veranstaltungen zur n\u00e4rrischen Hochzeit war diesmal nicht dieWeiberfastnacht, die traditionell im Zwei-Jahres-Rhythmus ausgerichtet wird, sondern derMaskenball am Fastnachtssamstag.Maskenball Harheim feiert FastnachtDie Freiwillige Feuerwehr Harheim und der KJV Harheim veranstalteten auch in diesem Jahr wiederden legend\u00e4ren Maskenball am Fastnachtssamstag im B\u00fcrgerhaus Harheim. Egal ob\u2026","rel":"","context":"In &quot;+++ NEWS +++&quot;","img":{"alt_text":"","src":"","width":0,"height":0},"classes":[]},{"id":5786,"url":"http:\/\/www.kjv-harheim.de\/index.php\/2018\/02\/21\/2-trainerinnen-fuer-das-nachwuchsballett-gesucht\/","url_meta":{"origin":7239,"position":2},"title":"2 TrainerInnen f\u00fcr das Nachwuchsballett gesucht","date":"21. Februar 2018","format":false,"excerpt":"We want you! Wir sind auf der Suche nach 2 neuen TrainerInnen, die unser KJV-Nachwuchsballett unter die Fittiche nehmen. Das bist Du\u2026 -Du hast einen guten Draht zu Kindern im Alter zwischen 9 und 15 Jahren? -Du bist kreativ? -Du hast Freude daran, Dir neue T\u00e4nze auszudenken und einzustudieren? -Du\u2026","rel":"","context":"In &quot;Fastnacht&quot;","img":{"alt_text":"","src":"","width":0,"height":0},"classes":[]},{"id":6918,"url":"http:\/\/www.kjv-harheim.de\/index.php\/2022\/02\/20\/faschingstaenze-2022-auf-usb-sticks-gebannt\/","url_meta":{"origin":7239,"position":3},"title":"Fastnachtst\u00e4nze 2022 auf USB Sticks gebrannt","date":"20. Februar 2022","format":false,"excerpt":"Liebe Freunde und Mitglieder des KJV, pandemiebedingt mussten in diesem Jahr noch einmal alle Fastnachtsveranstaltungen ausfallen. Keine Trainingsstunde sollte jedoch vergebens sein, und so haben sich unsere T\u00e4nzerinnen und T\u00e4nzer, unsere Trainerinnen und die Fastnachtsbeauftragten des Vorstands der Corona-Situation entgegen gestellt und aus der Not eine Tugend gemacht: Alle Tanzdarbietungen\u2026","rel":"","context":"In &quot;Fastnacht&quot;","img":{"alt_text":"","src":"","width":0,"height":0},"classes":[]},{"id":5784,"url":"http:\/\/www.kjv-harheim.de\/index.php\/2018\/02\/21\/2-neue-gardetrainerinnen-gesucht\/","url_meta":{"origin":7239,"position":4},"title":"2 neue GardetrainerInnen gesucht","date":"21. Februar 2018","format":false,"excerpt":"We want you! Wir sind auf der Suche nach 2 neuen GardetrainerInnen, die unsere KJV-Garde unter die Fittiche nehmen. Das bist Du\u2026 -Du liebst Gardetanz? -Du hast Erfahrung mit dem Gardetraining, hast vielleicht sogar schon einmal eine Garde trainiert? -Du hast Freude daran, neue T\u00e4nze zu stellen und einzustudieren? -Du\u2026","rel":"","context":"In &quot;Fastnacht&quot;","img":{"alt_text":"","src":"","width":0,"height":0},"classes":[]},{"id":6466,"url":"http:\/\/www.kjv-harheim.de\/index.php\/2020\/03\/02\/kjv-fastnacht-pressebericht\/","url_meta":{"origin":7239,"position":5},"title":"KJV Fastnacht &#8211; Pressebericht","date":"2. M\u00e4rz 2020","format":false,"excerpt":"Nachdem wir uns schon an den vielen wunderbaren Fotos der Fastnacht 2020 erfreuen konnten, verlinke ich hier noch einmal mit freundlicher Genehmigung von Helmut Seuffert einen Presseartikel zu den n\u00e4rrischen Tagen im KJV.","rel":"","context":"In &quot;+++ NEWS +++&quot;","img":{"alt_text":"","src":"","width":0,"height":0},"classes":[]}],"_links":{"self":[{"href":"http:\/\/www.kjv-harheim.de\/index.php\/wp-json\/wp\/v2\/posts\/7239"}],"collection":[{"href":"http:\/\/www.kjv-harheim.de\/index.php\/wp-json\/wp\/v2\/posts"}],"about":[{"href":"http:\/\/www.kjv-harheim.de\/index.php\/wp-json\/wp\/v2\/types\/post"}],"author":[{"embeddable":true,"href":"http:\/\/www.kjv-harheim.de\/index.php\/wp-json\/wp\/v2\/users\/7"}],"replies":[{"embeddable":true,"href":"http:\/\/www.kjv-harheim.de\/index.php\/wp-json\/wp\/v2\/comments?post=7239"}],"version-history":[{"count":2,"href":"http:\/\/www.kjv-harheim.de\/index.php\/wp-json\/wp\/v2\/posts\/7239\/revisions"}],"predecessor-version":[{"id":7252,"href":"http:\/\/www.kjv-harheim.de\/index.php\/wp-json\/wp\/v2\/posts\/7239\/revisions\/7252"}],"wp:attachment":[{"href":"http:\/\/www.kjv-harheim.de\/index.php\/wp-json\/wp\/v2\/media?parent=7239"}],"wp:term":[{"taxonomy":"category","embeddable":true,"href":"http:\/\/www.kjv-harheim.de\/index.php\/wp-json\/wp\/v2\/categories?post=7239"},{"taxonomy":"post_tag","embeddable":true,"href":"http:\/\/www.kjv-harheim.de\/index.php\/wp-json\/wp\/v2\/tags?post=7239"}],"curies":[{"name":"wp","href":"https:\/\/api.w.org\/{rel}","templated":true}]}}