{"id":7243,"date":"2023-01-30T18:05:26","date_gmt":"2023-01-30T17:05:26","guid":{"rendered":"http:\/\/www.kjv-harheim.de\/?p=7243"},"modified":"2024-04-28T11:13:51","modified_gmt":"2024-04-28T09:13:51","slug":"maskenball-2023","status":"publish","type":"post","link":"http:\/\/www.kjv-harheim.de\/index.php\/2023\/01\/30\/maskenball-2023\/","title":{"rendered":"Maskenball 2023"},"content":{"rendered":"\n<figure class=\"wp-block-image size-large\"><img data-attachment-id=\"7244\" data-permalink=\"http:\/\/www.kjv-harheim.de\/index.php\/2023\/01\/30\/maskenball-2023\/maskenball-facebook-beitrag-querformat\/\" data-orig-file=\"http:\/\/www.kjv-harheim.de\/wp-content\/uploads\/2023\/01\/Maskenball-Facebook-Beitrag-Querformat.png\" data-orig-size=\"940,788\" data-comments-opened=\"0\" data-image-meta=\"{&quot;aperture&quot;:&quot;0&quot;,&quot;credit&quot;:&quot;&quot;,&quot;camera&quot;:&quot;&quot;,&quot;caption&quot;:&quot;&quot;,&quot;created_timestamp&quot;:&quot;0&quot;,&quot;copyright&quot;:&quot;&quot;,&quot;focal_length&quot;:&quot;0&quot;,&quot;iso&quot;:&quot;0&quot;,&quot;shutter_speed&quot;:&quot;0&quot;,&quot;title&quot;:&quot;&quot;,&quot;orientation&quot;:&quot;0&quot;}\" data-image-title=\"Maskenball-Facebook-Beitrag-Querformat\" data-image-description=\"\" data-image-caption=\"\" data-medium-file=\"http:\/\/www.kjv-harheim.de\/wp-content\/uploads\/2023\/01\/Maskenball-Facebook-Beitrag-Querformat-300x251.png\" data-large-file=\"http:\/\/www.kjv-harheim.de\/wp-content\/uploads\/2023\/01\/Maskenball-Facebook-Beitrag-Querformat.png\" decoding=\"async\" loading=\"lazy\" width=\"940\" height=\"788\" src=\"http:\/\/www.kjv-harheim.de\/wp-content\/uploads\/2023\/01\/Maskenball-Facebook-Beitrag-Querformat.png\" alt=\"\" class=\"wp-image-7244\" srcset=\"http:\/\/www.kjv-harheim.de\/wp-content\/uploads\/2023\/01\/Maskenball-Facebook-Beitrag-Querformat.png 940w, http:\/\/www.kjv-harheim.de\/wp-content\/uploads\/2023\/01\/Maskenball-Facebook-Beitrag-Querformat-300x251.png 300w, http:\/\/www.kjv-harheim.de\/wp-content\/uploads\/2023\/01\/Maskenball-Facebook-Beitrag-Querformat-768x644.png 768w\" sizes=\"(max-width: 940px) 100vw, 940px\" \/><\/figure>\n\n\n\n<blockquote>\n<p><strong>Harheim feiert Fasching \u2013 Maskenball der FFW und des KJV Harheim 2023<br \/><\/strong><br \/>Nach dreij\u00e4hriger Corona-bedingter Pause pr\u00e4sentieren am Fasnachtssamstag, den 18.02.2023, die<br \/>Freiwillige Feuerwehr und der KJV Harheim \u201eHarheim feiert Fasching\u201c im B\u00fcrgerhaus. Ob kost\u00fcmiert<br \/>oder nicht, tanzt, feiert und genie\u00dft mit uns einen unvergesslichen Maskenball. Ab 20:11 Uhr wird<br \/>der neue Sitzungspr\u00e4sident unserer Rosenmontagssitzung, Heiko Schmidt oder auch besser bekannt<br \/>als Dj HighKo, h\u00f6chstpers\u00f6nlich der Tanzfl\u00e4che und allen Feierw\u00fctigen einheizen. Selbstverst\u00e4ndlich<br \/>darf als Showeinlage auch ein Auftritt der KJV-Garde nicht fehlen. Wer sich, bei all der Feierei, etwas<br \/>abk\u00fchlen m\u00f6chte, ist an der neuen Bar mit ihren leckeren Longdrinks richtig. Der Eintritt zur<br \/>Veranstaltung kostet 12\u20ac an der Abendkasse (Vorverkauf findet nicht statt) und am Einlass wird ein<br \/>Altersnachweis ben\u00f6tigt.<br \/><br \/>Veranstaltungszeit: 20:11 bis 2:00<\/p>\n<\/blockquote>\n","protected":false},"excerpt":{"rendered":"<p>Harheim feiert Fasching \u2013 Maskenball der FFW und des KJV Harheim 2023Nach dreij\u00e4hriger Corona-bedingter Pause pr\u00e4sentieren am Fasnachtssamstag, den 18.02.2023, dieFreiwillige Feuerwehr und der KJV Harheim \u201eHarheim feiert Fasching\u201c im B\u00fcrgerhaus. Ob kost\u00fcmiertoder nicht, tanzt, feiert und genie\u00dft mit uns einen unvergesslichen Maskenball. Ab 20:11 Uhr wirdder neue Sitzungspr\u00e4sident unserer Rosenmontagssitzung, Heiko Schmidt oder auch [&hellip;]<\/p>\n","protected":false},"author":7,"featured_media":0,"comment_status":"closed","ping_status":"open","sticky":false,"template":"","format":"standard","meta":{"jetpack_post_was_ever_published":false,"jetpack_publicize_message":"","jetpack_is_tweetstorm":false,"jetpack_publicize_feature_enabled":true,"jetpack_social_post_already_shared":true,"jetpack_social_options":{"image_generator_settings":{"template":"highway","enabled":false}}},"categories":[44],"tags":[53,79],"jetpack_publicize_connections":[],"jetpack_featured_media_url":"","jetpack_sharing_enabled":true,"jetpack_shortlink":"https:\/\/wp.me\/p7HeFu-1SP","jetpack-related-posts":[{"id":7571,"url":"http:\/\/www.kjv-harheim.de\/index.php\/2024\/02\/02\/harheim-feiert-fastnacht-maskenball-der-ffw-und-des-kjv-harheim\/","url_meta":{"origin":7243,"position":0},"title":"Harheim feiert Fastnacht &#8211; Maskenball der FFW und des KJV Harheim","date":"2. Februar 2024","format":false,"excerpt":"Harheim feiert Fastnacht\u00a0\u2013 Maskenball der FFW und des KJV Harheim Auch dieses Jahr darf im B\u00fcrgerhaus in Harheim nat\u00fcrlich wieder am Fastnachtssamstag, den 10.02.2024\u00a0eine ausgelassene Party gefeiert werden.\u00a0Ob kost\u00fcmiert oder nicht, tanzt, feiert und genie\u00dft mit uns\u00a0den\u00a0unvergesslichen Maskenball\u00a0von der\u00a0Freiwillige Feuerwehr und des\u00a0KJV Harheim.\u00a0Ab 20:11 Uhr wird der Sitzungspr\u00e4sident\u00a0der KJV-Rosenmontagssitzung, Heiko\u2026","rel":"","context":"In &quot;Fastnacht&quot;","img":{"alt_text":"","src":"https:\/\/i0.wp.com\/www.kjv-harheim.de\/wp-content\/uploads\/2024\/02\/IMG_6302.png?resize=350%2C200","width":350,"height":200},"classes":[]},{"id":8281,"url":"http:\/\/www.kjv-harheim.de\/index.php\/2025\/03\/31\/der-kjv-und-harheim-feiern-fastnacht-ein-wochenende-voller-ueberraschungen-und-ausgelassener-stimmung\/","url_meta":{"origin":7243,"position":1},"title":"Der KJV und Harheim feiern Fastnacht &#8211; Ein Wochenende voller \u00dcberraschungen und ausgelassener Stimmung","date":"31. M\u00e4rz 2025","format":false,"excerpt":"Zur Bildergalerie Fastnacht 2025Der Startschuss f\u00fcr die Veranstaltungen zur n\u00e4rrischen Hochzeit war diesmal nicht dieWeiberfastnacht, die traditionell im Zwei-Jahres-Rhythmus ausgerichtet wird, sondern derMaskenball am Fastnachtssamstag.Maskenball Harheim feiert FastnachtDie Freiwillige Feuerwehr Harheim und der KJV Harheim veranstalteten auch in diesem Jahr wiederden legend\u00e4ren Maskenball am Fastnachtssamstag im B\u00fcrgerhaus Harheim. Egal ob\u2026","rel":"","context":"In &quot;+++ NEWS +++&quot;","img":{"alt_text":"","src":"","width":0,"height":0},"classes":[]},{"id":7239,"url":"http:\/\/www.kjv-harheim.de\/index.php\/2023\/01\/30\/weiberfaschingsparty-2023\/","url_meta":{"origin":7243,"position":2},"title":"Weiberfaschingsparty 2023","date":"30. Januar 2023","format":false,"excerpt":"Weiberfaschingsparty 2023 Mit der Weiberfaschingsparty am Donnerstag, den 16.02.2023, im Pfarrheim der St. Jakobus Gemeinde Harheim startet der KJV in die n\u00e4rrische Zeit. Ab 20:11 Uhr \u00fcberraschen wir mit einem neuen Konzept. Es wird keine klassische Sitzung mehr geben - sondern eine ausgelassene Party garniert mit Musik von Voice &\u2026","rel":"","context":"In &quot;Fastnacht&quot;","img":{"alt_text":"","src":"https:\/\/i0.wp.com\/www.kjv-harheim.de\/wp-content\/uploads\/2023\/01\/Weiberfasching-Facebook-Beitrag-Querformat-1.png?resize=350%2C200","width":350,"height":200},"classes":[]},{"id":4168,"url":"http:\/\/www.kjv-harheim.de\/index.php\/2016\/07\/09\/garde\/","url_meta":{"origin":7243,"position":3},"title":"Die Garde stellt sich vor","date":"9. Juli 2016","format":false,"excerpt":"Zu sehen sind wir u.a. bei der Harheimer Rosenmontagssitzung, Maskenball Harheim, Harheimer Kerb, Heddernheimer Fastnachtsumzug \"Klaa Paris\", Fastnachtsumzug in Ober-M\u00f6rlen sowie M\u00f6rfelden\/Walldorf. Bei Privatveranstaltungen und Geburtstagen sind wir ebenfalls gerne pr\u00e4sent. Bei Auftrittsanfragen k\u00f6nnen Sie uns gerne unter folgender E-Mail Adresse kontaktieren: vorstand@kjv-harheim.de Nat\u00fcrlich ist die Garde auch auf Instagram!\u2026","rel":"","context":"In &quot;Fastnacht&quot;","img":{"alt_text":"","src":"https:\/\/i0.wp.com\/www.kjv-harheim.de\/wp-content\/uploads\/2016\/07\/IMG_0154-scaled.jpg?resize=350%2C200","width":350,"height":200},"classes":[]},{"id":7247,"url":"http:\/\/www.kjv-harheim.de\/index.php\/2023\/01\/30\/rosenmontagsitzung-2023\/","url_meta":{"origin":7243,"position":4},"title":"Rosenmontagssitzung 2023","date":"30. Januar 2023","format":false,"excerpt":"RosenmontagssitzungAm Rosenmontag, den 20.02.2023, ist es endlich soweit \u2013 die traditionelle und bunteRosenmontagssitzung des KJV Harheim kehrt nach der Corona-Pandemie endlich wieder zur\u00fcck indas B\u00fcrgerhaus nach Harheim. Konnte unser neue Sitzungspr\u00e4sident Heiko Schmidt in den letztenbeiden Jahren nur aus dem Home-Office bzw. per Video mit den Auftritten unserer Tanzgardengr\u00fc\u00dfen, steht\u2026","rel":"","context":"In &quot;Fastnacht&quot;","img":{"alt_text":"","src":"https:\/\/i0.wp.com\/www.kjv-harheim.de\/wp-content\/uploads\/2023\/02\/Rosenmontag-Facebook-Beitrag-Querformat.jpg?resize=350%2C200","width":350,"height":200},"classes":[]},{"id":5618,"url":"http:\/\/www.kjv-harheim.de\/index.php\/2018\/01\/22\/kjv-helau\/","url_meta":{"origin":7243,"position":5},"title":"KJV &#8211; helau!","date":"22. Januar 2018","format":false,"excerpt":"Liebe n\u00e4rrischen Freunde, nun ist es bald schon wieder soweit, und Jokus \u00fcbernimmt das Regiment \u2014 auch im KJV. Der Countdown l\u00e4uft - die n\u00e4rrischen Tage r\u00fccken unaufhaltsam n\u00e4her, und auch die KJV Narren stehen schon ungeduldig in den Startl\u00f6chern. Eine gute Gelegenheit f\u00fcr mich, noch einmal auf unsere Faschingsveranstaltungen\u2026","rel":"","context":"In &quot;Fastnacht&quot;","img":{"alt_text":"","src":"","width":0,"height":0},"classes":[]}],"_links":{"self":[{"href":"http:\/\/www.kjv-harheim.de\/index.php\/wp-json\/wp\/v2\/posts\/7243"}],"collection":[{"href":"http:\/\/www.kjv-harheim.de\/index.php\/wp-json\/wp\/v2\/posts"}],"about":[{"href":"http:\/\/www.kjv-harheim.de\/index.php\/wp-json\/wp\/v2\/types\/post"}],"author":[{"embeddable":true,"href":"http:\/\/www.kjv-harheim.de\/index.php\/wp-json\/wp\/v2\/users\/7"}],"replies":[{"embeddable":true,"href":"http:\/\/www.kjv-harheim.de\/index.php\/wp-json\/wp\/v2\/comments?post=7243"}],"version-history":[{"count":2,"href":"http:\/\/www.kjv-harheim.de\/index.php\/wp-json\/wp\/v2\/posts\/7243\/revisions"}],"predecessor-version":[{"id":7246,"href":"http:\/\/www.kjv-harheim.de\/index.php\/wp-json\/wp\/v2\/posts\/7243\/revisions\/7246"}],"wp:attachment":[{"href":"http:\/\/www.kjv-harheim.de\/index.php\/wp-json\/wp\/v2\/media?parent=7243"}],"wp:term":[{"taxonomy":"category","embeddable":true,"href":"http:\/\/www.kjv-harheim.de\/index.php\/wp-json\/wp\/v2\/categories?post=7243"},{"taxonomy":"post_tag","embeddable":true,"href":"http:\/\/www.kjv-harheim.de\/index.php\/wp-json\/wp\/v2\/tags?post=7243"}],"curies":[{"name":"wp","href":"https:\/\/api.w.org\/{rel}","templated":true}]}}