{"id":7784,"date":"2024-06-06T20:51:37","date_gmt":"2024-06-06T18:51:37","guid":{"rendered":"http:\/\/www.kjv-harheim.de\/?p=7784"},"modified":"2024-06-06T20:51:41","modified_gmt":"2024-06-06T18:51:41","slug":"maennerballett","status":"publish","type":"post","link":"http:\/\/www.kjv-harheim.de\/index.php\/2024\/06\/06\/maennerballett\/","title":{"rendered":"M\u00e4nnerballett"},"content":{"rendered":"\n<p style=\"font-weight: 400;\">Unser M\u00e4nnerballett besteht aktuell aus 10 Herren im Alter zwischen 21 und 60 Jahren.<\/p>\n<p style=\"font-weight: 400;\">Das Training findet ab September immer montags von 20:30-22:00 Uhr statt. Aktuell trainieren wir sporadisch f\u00fcr Geburtstage oder andere Veranstaltungen.<\/p>\n<p style=\"font-weight: 400;\">In der Regel sind wir an Fastnacht mit unserem Tanz zu sehen, \u00fcber den ein oder anderen Auftritt mehr freuen wir uns auch.<\/p>\n<p style=\"font-weight: 400;\">Wir machen etwas f\u00fcr unsere Fitness und bleiben so immer in Schwung.<\/p>\n<p style=\"font-weight: 400;\">Wir sind eine lustige Gruppe mit vielen Ideen. Tanzen gerne und lachen viel zusammen. Eine sch\u00f6ne Abendaktivit\u00e4t.&nbsp;<\/p>\n<p style=\"font-weight: 400;\">\u00dcber neue T\u00e4nzer w\u00fcrden wir uns sehr freuen, jeder ist willkommen! Kontaktieren k\u00f6nnt ihr uns \u00fcber folgende Mailadresse:&nbsp;<a href=\"mailto:fastnacht@kjv-harheim.de\" target=\"_blank\" rel=\"noopener\">Fastnachtsteam<\/a><\/p>\n\n\n\n\n\n<figure class=\"wp-block-image size-large\"><img data-attachment-id=\"7661\" data-permalink=\"http:\/\/www.kjv-harheim.de\/index.php\/2024\/03\/11\/fastnacht-2024\/img_0173\/\" data-orig-file=\"http:\/\/www.kjv-harheim.de\/wp-content\/uploads\/2024\/03\/IMG_0173-scaled.jpeg\" data-orig-size=\"2560,1707\" data-comments-opened=\"0\" data-image-meta=\"{&quot;aperture&quot;:&quot;5&quot;,&quot;credit&quot;:&quot;Daniel Gaulrapp&quot;,&quot;camera&quot;:&quot;Canon EOS 90D&quot;,&quot;caption&quot;:&quot;&quot;,&quot;created_timestamp&quot;:&quot;1707780225&quot;,&quot;copyright&quot;:&quot;Daniel Gaulrapp&quot;,&quot;focal_length&quot;:&quot;83&quot;,&quot;iso&quot;:&quot;400&quot;,&quot;shutter_speed&quot;:&quot;0.004&quot;,&quot;title&quot;:&quot;&quot;,&quot;orientation&quot;:&quot;1&quot;}\" data-image-title=\"IMG_0173\" data-image-description=\"\" data-image-caption=\"\" data-medium-file=\"http:\/\/www.kjv-harheim.de\/wp-content\/uploads\/2024\/03\/IMG_0173-300x200.jpeg\" data-large-file=\"http:\/\/www.kjv-harheim.de\/wp-content\/uploads\/2024\/03\/IMG_0173-1024x683.jpeg\" decoding=\"async\" loading=\"lazy\" width=\"1024\" height=\"683\" src=\"http:\/\/www.kjv-harheim.de\/wp-content\/uploads\/2024\/03\/IMG_0173-1024x683.jpeg\" alt=\"\" class=\"wp-image-7661\" srcset=\"http:\/\/www.kjv-harheim.de\/wp-content\/uploads\/2024\/03\/IMG_0173-1024x683.jpeg 1024w, http:\/\/www.kjv-harheim.de\/wp-content\/uploads\/2024\/03\/IMG_0173-300x200.jpeg 300w, http:\/\/www.kjv-harheim.de\/wp-content\/uploads\/2024\/03\/IMG_0173-768x512.jpeg 768w, http:\/\/www.kjv-harheim.de\/wp-content\/uploads\/2024\/03\/IMG_0173-1536x1024.jpeg 1536w, http:\/\/www.kjv-harheim.de\/wp-content\/uploads\/2024\/03\/IMG_0173-2048x1365.jpeg 2048w\" sizes=\"(max-width: 1024px) 100vw, 1024px\" \/><\/figure>\n","protected":false},"excerpt":{"rendered":"<p>Unser M\u00e4nnerballett besteht aktuell aus 10 Herren im Alter zwischen 21 und 60 Jahren. Das Training findet ab September immer montags von 20:30-22:00 Uhr statt. Aktuell trainieren wir sporadisch f\u00fcr Geburtstage oder andere Veranstaltungen. In der Regel sind wir an Fastnacht mit unserem Tanz zu sehen, \u00fcber den ein oder anderen Auftritt mehr freuen wir [&hellip;]<\/p>\n","protected":false},"author":8,"featured_media":0,"comment_status":"closed","ping_status":"open","sticky":false,"template":"","format":"standard","meta":{"jetpack_post_was_ever_published":false,"jetpack_publicize_message":"","jetpack_is_tweetstorm":false,"jetpack_publicize_feature_enabled":true,"jetpack_social_post_already_shared":true,"jetpack_social_options":{"image_generator_settings":{"template":"highway","enabled":false}}},"categories":[104],"tags":[],"jetpack_publicize_connections":[],"jetpack_featured_media_url":"","jetpack_sharing_enabled":true,"jetpack_shortlink":"https:\/\/wp.me\/p7HeFu-21y","jetpack-related-posts":[{"id":5862,"url":"http:\/\/www.kjv-harheim.de\/index.php\/2018\/05\/29\/bornfest-am-09-und-10-juni-2018\/","url_meta":{"origin":7784,"position":0},"title":"Bornfest am 09. und 10. Juni 2018","date":"29. Mai 2018","format":false,"excerpt":"In etwas \u00fcber einer Woche ist es wieder soweit: der KJV feiert Bornfest an der Riedhalsstra\u00dfe ! Am Samstag Abend lassen wir es ganz gem\u00fctlich angehen mit k\u00fchlen Getr\u00e4nken und hei\u00dfem Grillgut. Kommen Sie vorbei und feiern Sie mit - wir freuen uns! Am Sonntag beginnt der Tag traditionell mit\u2026","rel":"","context":"In &quot;+++ NEWS +++&quot;","img":{"alt_text":"","src":"","width":0,"height":0},"classes":[]},{"id":215,"url":"http:\/\/www.kjv-harheim.de\/index.php\/2012\/04\/20\/musikzug\/","url_meta":{"origin":7784,"position":1},"title":"Was macht denn der Musikzug so?","date":"20. April 2012","format":false,"excerpt":"Der Musikzug besteht aus rund 20 Aktiven an den Instrumenten Schlagzeug, Querfl\u00f6te, Klarinette, Saxophon, Trompete, Tenorhorn und Tuba. \u00dcber jeden Neuzugang freuen wir uns nat\u00fcrlich! Das Repertoire des Musikzuges deckt ein breites Feld an Musikrichtungen ab. F\u00fcr die Musiker besteht die M\u00f6glichkeit, sich aktiv an der Auswahl der Musikst\u00fccke\u00a0 zu\u2026","rel":"","context":"In &quot;Musikzug&quot;","img":{"alt_text":"","src":"","width":0,"height":0},"classes":[]},{"id":5418,"url":"http:\/\/www.kjv-harheim.de\/index.php\/2017\/05\/03\/interesse-wir-planen-eine-israelfahrt-fuer-2019\/","url_meta":{"origin":7784,"position":2},"title":"Interesse? Wir planen eine Israelfahrt f\u00fcr 2019!","date":"3. Mai 2017","format":false,"excerpt":"Liebe Mitglieder, liebe Freunde, die elektronische KJV Infopost zu diesem Thema ist gerade versandt worden, die Mitglieder ohne eigene eMail Adresse erhalten in den n\u00e4chsten Tagen die Informationen in Form eines Anschreibens - und um die Sache komplett zu machen, stellen wir auch hier unter \"News\" noch einmal einen Aufruf\u2026","rel":"","context":"In &quot;Allgemein&quot;","img":{"alt_text":"","src":"","width":0,"height":0},"classes":[]},{"id":5786,"url":"http:\/\/www.kjv-harheim.de\/index.php\/2018\/02\/21\/2-trainerinnen-fuer-das-nachwuchsballett-gesucht\/","url_meta":{"origin":7784,"position":3},"title":"2 TrainerInnen f\u00fcr das Nachwuchsballett gesucht","date":"21. Februar 2018","format":false,"excerpt":"We want you! Wir sind auf der Suche nach 2 neuen TrainerInnen, die unser KJV-Nachwuchsballett unter die Fittiche nehmen. Das bist Du\u2026 -Du hast einen guten Draht zu Kindern im Alter zwischen 9 und 15 Jahren? -Du bist kreativ? -Du hast Freude daran, Dir neue T\u00e4nze auszudenken und einzustudieren? -Du\u2026","rel":"","context":"In &quot;Fastnacht&quot;","img":{"alt_text":"","src":"","width":0,"height":0},"classes":[]},{"id":5784,"url":"http:\/\/www.kjv-harheim.de\/index.php\/2018\/02\/21\/2-neue-gardetrainerinnen-gesucht\/","url_meta":{"origin":7784,"position":4},"title":"2 neue GardetrainerInnen gesucht","date":"21. Februar 2018","format":false,"excerpt":"We want you! Wir sind auf der Suche nach 2 neuen GardetrainerInnen, die unsere KJV-Garde unter die Fittiche nehmen. Das bist Du\u2026 -Du liebst Gardetanz? -Du hast Erfahrung mit dem Gardetraining, hast vielleicht sogar schon einmal eine Garde trainiert? -Du hast Freude daran, neue T\u00e4nze zu stellen und einzustudieren? -Du\u2026","rel":"","context":"In &quot;Fastnacht&quot;","img":{"alt_text":"","src":"","width":0,"height":0},"classes":[]},{"id":5791,"url":"http:\/\/www.kjv-harheim.de\/index.php\/2018\/03\/02\/israelreise-2019-anmeldephase-beginnt\/","url_meta":{"origin":7784,"position":5},"title":"Israelreise 2019 &#8211; Anmeldephase beginnt","date":"2. M\u00e4rz 2018","format":false,"excerpt":"Seit nunmehr einem Jahr treiben wir die Planungen f\u00fcr die Israelreise im Januar 2019 voran. Nun also ist es soweit: die Anmeldephase beginnt und l\u00e4uft bis zum 01.05.2018. Alle registrierten Interessenten und alle Vereinsmitglieder erhalten ihr Infopaket in den n\u00e4chsten Tagen papierhaft oder in electronischer Form. Wir freuen uns \u00fcber\u2026","rel":"","context":"In &quot;Allgemein&quot;","img":{"alt_text":"","src":"","width":0,"height":0},"classes":[]}],"_links":{"self":[{"href":"http:\/\/www.kjv-harheim.de\/index.php\/wp-json\/wp\/v2\/posts\/7784"}],"collection":[{"href":"http:\/\/www.kjv-harheim.de\/index.php\/wp-json\/wp\/v2\/posts"}],"about":[{"href":"http:\/\/www.kjv-harheim.de\/index.php\/wp-json\/wp\/v2\/types\/post"}],"author":[{"embeddable":true,"href":"http:\/\/www.kjv-harheim.de\/index.php\/wp-json\/wp\/v2\/users\/8"}],"replies":[{"embeddable":true,"href":"http:\/\/www.kjv-harheim.de\/index.php\/wp-json\/wp\/v2\/comments?post=7784"}],"version-history":[{"count":3,"href":"http:\/\/www.kjv-harheim.de\/index.php\/wp-json\/wp\/v2\/posts\/7784\/revisions"}],"predecessor-version":[{"id":7787,"href":"http:\/\/www.kjv-harheim.de\/index.php\/wp-json\/wp\/v2\/posts\/7784\/revisions\/7787"}],"wp:attachment":[{"href":"http:\/\/www.kjv-harheim.de\/index.php\/wp-json\/wp\/v2\/media?parent=7784"}],"wp:term":[{"taxonomy":"category","embeddable":true,"href":"http:\/\/www.kjv-harheim.de\/index.php\/wp-json\/wp\/v2\/categories?post=7784"},{"taxonomy":"post_tag","embeddable":true,"href":"http:\/\/www.kjv-harheim.de\/index.php\/wp-json\/wp\/v2\/tags?post=7784"}],"curies":[{"name":"wp","href":"https:\/\/api.w.org\/{rel}","templated":true}]}}