{"id":7900,"date":"2024-06-13T18:52:38","date_gmt":"2024-06-13T16:52:38","guid":{"rendered":"http:\/\/www.kjv-harheim.de\/?p=7900"},"modified":"2024-06-13T18:52:41","modified_gmt":"2024-06-13T16:52:41","slug":"offenes-musizieren-am-26-juni-2024-um-18-30-uhr","status":"publish","type":"post","link":"http:\/\/www.kjv-harheim.de\/index.php\/2024\/06\/13\/offenes-musizieren-am-26-juni-2024-um-18-30-uhr\/","title":{"rendered":"Offenes Musizieren am 26. Juni 2024 um 18.30 Uhr"},"content":{"rendered":"\n<h2 style=\"text-align: center;\"><strong>Alle sind herzlich eingeladen &#8211; mit oder ohne Instrument! <br \/>Im Anschluss laden wir euch zum Get-together bei Snacks und Getr\u00e4nken ein. Bringt gerne Freundinnen und Freunde mit, die Freude am Musizieren haben!<\/strong><\/h2>\n<p><img data-attachment-id=\"7901\" data-permalink=\"http:\/\/www.kjv-harheim.de\/index.php\/2024\/06\/13\/offenes-musizieren-am-26-juni-2024-um-18-30-uhr\/plakat-offenes-musizieren\/\" data-orig-file=\"http:\/\/www.kjv-harheim.de\/wp-content\/uploads\/2024\/06\/Plakat-Offenes-Musizieren.jpg\" data-orig-size=\"1414,1999\" data-comments-opened=\"0\" data-image-meta=\"{&quot;aperture&quot;:&quot;0&quot;,&quot;credit&quot;:&quot;&quot;,&quot;camera&quot;:&quot;&quot;,&quot;caption&quot;:&quot;&quot;,&quot;created_timestamp&quot;:&quot;0&quot;,&quot;copyright&quot;:&quot;&quot;,&quot;focal_length&quot;:&quot;0&quot;,&quot;iso&quot;:&quot;0&quot;,&quot;shutter_speed&quot;:&quot;0&quot;,&quot;title&quot;:&quot;&quot;,&quot;orientation&quot;:&quot;0&quot;}\" data-image-title=\"Plakat Offenes Musizieren\" data-image-description=\"\" data-image-caption=\"\" data-medium-file=\"http:\/\/www.kjv-harheim.de\/wp-content\/uploads\/2024\/06\/Plakat-Offenes-Musizieren-212x300.jpg\" data-large-file=\"http:\/\/www.kjv-harheim.de\/wp-content\/uploads\/2024\/06\/Plakat-Offenes-Musizieren-724x1024.jpg\" decoding=\"async\" loading=\"lazy\" class=\"aligncenter size-large wp-image-7901\" src=\"http:\/\/www.kjv-harheim.de\/wp-content\/uploads\/2024\/06\/Plakat-Offenes-Musizieren-724x1024.jpg\" alt=\"\" width=\"724\" height=\"1024\" srcset=\"http:\/\/www.kjv-harheim.de\/wp-content\/uploads\/2024\/06\/Plakat-Offenes-Musizieren-724x1024.jpg 724w, http:\/\/www.kjv-harheim.de\/wp-content\/uploads\/2024\/06\/Plakat-Offenes-Musizieren-212x300.jpg 212w, http:\/\/www.kjv-harheim.de\/wp-content\/uploads\/2024\/06\/Plakat-Offenes-Musizieren-768x1086.jpg 768w, http:\/\/www.kjv-harheim.de\/wp-content\/uploads\/2024\/06\/Plakat-Offenes-Musizieren-1086x1536.jpg 1086w, http:\/\/www.kjv-harheim.de\/wp-content\/uploads\/2024\/06\/Plakat-Offenes-Musizieren.jpg 1414w\" sizes=\"(max-width: 724px) 100vw, 724px\" \/><\/p>\n\n\n","protected":false},"excerpt":{"rendered":"<p>Alle sind herzlich eingeladen &#8211; mit oder ohne Instrument! Im Anschluss laden wir euch zum Get-together bei Snacks und Getr\u00e4nken ein. Bringt gerne Freundinnen und Freunde mit, die Freude am Musizieren haben!<\/p>\n","protected":false},"author":8,"featured_media":0,"comment_status":"closed","ping_status":"open","sticky":false,"template":"","format":"standard","meta":{"jetpack_post_was_ever_published":false,"jetpack_publicize_message":"","jetpack_is_tweetstorm":false,"jetpack_publicize_feature_enabled":true,"jetpack_social_post_already_shared":true,"jetpack_social_options":{"image_generator_settings":{"template":"highway","enabled":false}}},"categories":[65,46],"tags":[72],"jetpack_publicize_connections":[],"jetpack_featured_media_url":"","jetpack_sharing_enabled":true,"jetpack_shortlink":"https:\/\/wp.me\/p7HeFu-23q","jetpack-related-posts":[{"id":4137,"url":"http:\/\/www.kjv-harheim.de\/index.php\/2016\/07\/07\/rekordjagd-am-09-07-2016-und-der-kjv-musikzug-ist-dabei\/","url_meta":{"origin":7900,"position":0},"title":"Rekordjagd am 09.07.2016 &#8211; und der KJV Musikzug ist dabei","date":"7. Juli 2016","format":false,"excerpt":"Unter dem Motto \"Wir f\u00fcllen das Stadion\" wird es am 09.07. in der Commerzbank-Arena einen Rekordversuch geben, 10.000 Teilnehmer zum gemeinsamen Musizieren zusammen zu bringen. Der KJV Musikzug beteiligt sich an der dieser Rekordjagd. Wir dr\u00fccken nat\u00fcrlich die Daumen, dass wir den alten Rekord einstellen k\u00f6nnen.","rel":"","context":"In &quot;+++ NEWS +++&quot;","img":{"alt_text":"","src":"","width":0,"height":0},"classes":[]},{"id":4382,"url":"http:\/\/www.kjv-harheim.de\/index.php\/2016\/07\/09\/wir-fuellen-das-stadion\/","url_meta":{"origin":7900,"position":1},"title":"Wir f\u00fcllen das Stadion\u00a0","date":"9. Juli 2016","format":"gallery","excerpt":"Der KJV ist Weltrekordhalter ! 7\u200a548 Musiker aus dem In- und Ausland haben am Samstag in der Frankfurter Commerzbank-Arena das gr\u00f6\u00dfte Orchester aller Zeiten gebildet und sich damit einen Eintrag ins Buch der Rekorde gesichert. UND DER KJV WAR DABEI !! :mrgreen:\u00a0 :mrgreen: Ein Wahnsinnserlebnis... In einem Stadion so vielen\u2026","rel":"","context":"In &quot;+++ NEWS +++&quot;","img":{"alt_text":"","src":"https:\/\/i0.wp.com\/www.kjv-harheim.de\/wp-content\/uploads\/2016\/07\/img_4087.jpg?resize=350%2C200","width":350,"height":200},"classes":[]},{"id":215,"url":"http:\/\/www.kjv-harheim.de\/index.php\/2012\/04\/20\/musikzug\/","url_meta":{"origin":7900,"position":2},"title":"Was macht denn der Musikzug so?","date":"20. April 2012","format":false,"excerpt":"Der Musikzug besteht aus rund 20 Aktiven an den Instrumenten Schlagzeug, Querfl\u00f6te, Klarinette, Saxophon, Trompete, Tenorhorn und Tuba. \u00dcber jeden Neuzugang freuen wir uns nat\u00fcrlich! Das Repertoire des Musikzuges deckt ein breites Feld an Musikrichtungen ab. F\u00fcr die Musiker besteht die M\u00f6glichkeit, sich aktiv an der Auswahl der Musikst\u00fccke\u00a0 zu\u2026","rel":"","context":"In &quot;Musikzug&quot;","img":{"alt_text":"","src":"","width":0,"height":0},"classes":[]},{"id":6492,"url":"http:\/\/www.kjv-harheim.de\/index.php\/2020\/04\/08\/terrassenkonzert-in-harheim\/","url_meta":{"origin":7900,"position":3},"title":"Terrassenkonzert in Harheim","date":"8. April 2020","format":false,"excerpt":"Sonntags nachmittags um 18:15 Uhr veranstaltet der Musikzug des KJV mit dem Musikverein Harheim und allen interessierten Musikern Terrassen-, Balkon und Fensterkonzerte. Dadurch sollen die Lieder in ganz Harheim zu h\u00f6ren sein. Wir hoffen damit in der Nachbarschaft ein wenig Freude zu verbreiten.\u00a0 Falls jemand mitmachen m\u00f6chte und die Noten\u2026","rel":"","context":"In &quot;+++ NEWS +++&quot;","img":{"alt_text":"","src":"https:\/\/i0.wp.com\/www.kjv-harheim.de\/wp-content\/uploads\/2020\/04\/A0D29DB3-F07A-4AB3-BB0C-74A4F8799A96-300x240.png?resize=350%2C200","width":350,"height":200},"classes":[]},{"id":5503,"url":"http:\/\/www.kjv-harheim.de\/index.php\/2017\/11\/02\/der-kjv-musikzug-in-altleiningen\/","url_meta":{"origin":7900,"position":4},"title":"Der KJV Musikzug in Altleiningen","date":"2. November 2017","format":false,"excerpt":"Probenwochenende 27. bis 29. Oktober 2017 nach Altleiningen Am 27. Oktober erreichten 24 Musiker, nach einer staureichen Anfahrt, die Jugendherberge Altleiningen um dort das Probenwochenende 2017 zu verbringen. An diesem Wochenende sollten die St\u00fccke f\u00fcr den Familiennachmittag noch einmal intensiv geprobt werden. Aber auch die \u201ekleinen\u201c Musiker bekamen die Gelegenheit\u2026","rel":"","context":"In &quot;Ausfl\u00fcge&quot;","img":{"alt_text":"","src":"https:\/\/i0.wp.com\/www.kjv-harheim.de\/wp-content\/uploads\/2017\/11\/01_altleiningen_portrait.jpg?resize=350%2C200","width":350,"height":200},"classes":[]},{"id":6546,"url":"http:\/\/www.kjv-harheim.de\/index.php\/2020\/10\/28\/corona-update\/","url_meta":{"origin":7900,"position":5},"title":"Corona Update","date":"28. Oktober 2020","format":false,"excerpt":"Steigende Infektionszahlen und eine ungebremst dynamische Ausbreitung des Corona Virus haben uns zum Wohle aller Vereinsmitglieder folgende Entscheidung treffen lassen: Mit sofortiger Wirkung und bis zun\u00e4chst Sonntag 22. November 2020 werden s\u00e4mtliche Aktivit\u00e4ten in allen Gruppen und Abteilungen des Vereins eingestellt, die mit Treffen, gemeinsamen Terminen,... einhergehen. Dies betrifft den\u2026","rel":"","context":"In &quot;+++ NEWS +++&quot;","img":{"alt_text":"","src":"","width":0,"height":0},"classes":[]}],"_links":{"self":[{"href":"http:\/\/www.kjv-harheim.de\/index.php\/wp-json\/wp\/v2\/posts\/7900"}],"collection":[{"href":"http:\/\/www.kjv-harheim.de\/index.php\/wp-json\/wp\/v2\/posts"}],"about":[{"href":"http:\/\/www.kjv-harheim.de\/index.php\/wp-json\/wp\/v2\/types\/post"}],"author":[{"embeddable":true,"href":"http:\/\/www.kjv-harheim.de\/index.php\/wp-json\/wp\/v2\/users\/8"}],"replies":[{"embeddable":true,"href":"http:\/\/www.kjv-harheim.de\/index.php\/wp-json\/wp\/v2\/comments?post=7900"}],"version-history":[{"count":2,"href":"http:\/\/www.kjv-harheim.de\/index.php\/wp-json\/wp\/v2\/posts\/7900\/revisions"}],"predecessor-version":[{"id":7903,"href":"http:\/\/www.kjv-harheim.de\/index.php\/wp-json\/wp\/v2\/posts\/7900\/revisions\/7903"}],"wp:attachment":[{"href":"http:\/\/www.kjv-harheim.de\/index.php\/wp-json\/wp\/v2\/media?parent=7900"}],"wp:term":[{"taxonomy":"category","embeddable":true,"href":"http:\/\/www.kjv-harheim.de\/index.php\/wp-json\/wp\/v2\/categories?post=7900"},{"taxonomy":"post_tag","embeddable":true,"href":"http:\/\/www.kjv-harheim.de\/index.php\/wp-json\/wp\/v2\/tags?post=7900"}],"curies":[{"name":"wp","href":"https:\/\/api.w.org\/{rel}","templated":true}]}}