{"id":8482,"date":"2025-12-01T08:10:54","date_gmt":"2025-12-01T07:10:54","guid":{"rendered":"http:\/\/www.kjv-harheim.de\/?p=8482"},"modified":"2025-12-01T08:10:57","modified_gmt":"2025-12-01T07:10:57","slug":"der-kjv-beim-ordensfest-der-foederation-europaeischer-narren-e-v-fen","status":"publish","type":"post","link":"http:\/\/www.kjv-harheim.de\/index.php\/2025\/12\/01\/der-kjv-beim-ordensfest-der-foederation-europaeischer-narren-e-v-fen\/","title":{"rendered":"Der KJV beim Ordensfest der F\u00f6deration Europ\u00e4ischer Narren e.V. (FEN)"},"content":{"rendered":"\n<p>Ein toller Auftritt unserer Garde am Ordensfest der FEN!<br \/>Am 22. November lud die FEN gemeinsam mit den Vereinen Sachsenh\u00e4user Schnaken e.V., Zuggemeinschaft Heddemer K\u00e4wwern und \u201eDie Elfer\u201c aus Sachsenhausen zum Ordensfest in die Stadthalle Bergen. Wir danken nochmals ganz herzlich f\u00fcr die Einladung!<br \/><br \/>Rund 650 Aktive und Passive aus vielen Fastnachtsvereinen verschiedenster Regionen waren anwesend, reisten teilweise mit Bussen an und feierten ihre Garden, Prinzenpaare und Vereine!<br \/>Es war sagenhaft so viele verschiedene Gardet\u00e4nze und Polkas vorgef\u00fchrt zu bekommen. Sehr sch\u00f6ne und abwechslungsreiche Darbietungen in tollen Kost\u00fcmen, einfach klasse! Auch f\u00fcr karnevalistischen Gesang war gesorgt: Taunus Thomas und Paddy heizten dem Publikum mit Witz, Charme und flottem Gesang ein. Handgemachte Musik durfte nat\u00fcrlich auch nicht fehlen: 3 Trompeterinnen und 1 Tubaspieler brachten den Saal zum toben!<br \/>Unsere Garde lieferte gekonnt ab und erhielt f\u00fcr ihren flotten Marsch tosenden Applaus und damit eine Menge Wertsch\u00e4tzung ihrer Leistung!<\/p>\n<p>H\u00f6hepunkte des Abends waren das Frankfurter Prinzenpaar, das Frankfurter Kinderprinzenpaar Prinzessin Lisa und Prinz Moritz, der sich mutig hinter seinen Herzensverein FC K\u00f6ln stellte und den \u201eBuh\u201c Rufen der Eintracht Fans stolz standhielt. An diesem Abend verlor K\u00f6ln gegen die Eintracht 3:4. Sowie die Abordnung aus M\u00f6nchengladbach der KG Stadtmitte und der KG Poether Poth\u00e4epel mit der tanzenden Ratsgarde. G\u00e4nsehaut pur und sehr interessant etwas \u00fcber die Struktur innerhalb der Vereine und des traditionellen Brauchtums der Karnevalsgesellschaften zu erfahren.<\/p>\n<p><img data-attachment-id=\"8483\" data-permalink=\"http:\/\/www.kjv-harheim.de\/index.php\/2025\/12\/01\/der-kjv-beim-ordensfest-der-foederation-europaeischer-narren-e-v-fen\/20251122_202047\/\" data-orig-file=\"http:\/\/www.kjv-harheim.de\/wp-content\/uploads\/2025\/12\/20251122_202047-scaled.jpg\" data-orig-size=\"2560,1441\" data-comments-opened=\"0\" data-image-meta=\"{&quot;aperture&quot;:&quot;1.8&quot;,&quot;credit&quot;:&quot;&quot;,&quot;camera&quot;:&quot;SM-G998B&quot;,&quot;caption&quot;:&quot;&quot;,&quot;created_timestamp&quot;:&quot;1763842847&quot;,&quot;copyright&quot;:&quot;&quot;,&quot;focal_length&quot;:&quot;6.7&quot;,&quot;iso&quot;:&quot;250&quot;,&quot;shutter_speed&quot;:&quot;0.01&quot;,&quot;title&quot;:&quot;&quot;,&quot;orientation&quot;:&quot;1&quot;}\" data-image-title=\"20251122_202047\" data-image-description=\"\" data-image-caption=\"\" data-medium-file=\"http:\/\/www.kjv-harheim.de\/wp-content\/uploads\/2025\/12\/20251122_202047-300x169.jpg\" data-large-file=\"http:\/\/www.kjv-harheim.de\/wp-content\/uploads\/2025\/12\/20251122_202047-1024x577.jpg\" decoding=\"async\" loading=\"lazy\" class=\"aligncenter size-large wp-image-8483\" src=\"http:\/\/www.kjv-harheim.de\/wp-content\/uploads\/2025\/12\/20251122_202047-1024x577.jpg\" alt=\"\" width=\"1024\" height=\"577\" srcset=\"http:\/\/www.kjv-harheim.de\/wp-content\/uploads\/2025\/12\/20251122_202047-1024x577.jpg 1024w, http:\/\/www.kjv-harheim.de\/wp-content\/uploads\/2025\/12\/20251122_202047-300x169.jpg 300w, http:\/\/www.kjv-harheim.de\/wp-content\/uploads\/2025\/12\/20251122_202047-768x432.jpg 768w, http:\/\/www.kjv-harheim.de\/wp-content\/uploads\/2025\/12\/20251122_202047-1536x865.jpg 1536w, http:\/\/www.kjv-harheim.de\/wp-content\/uploads\/2025\/12\/20251122_202047-2048x1153.jpg 2048w\" sizes=\"(max-width: 1024px) 100vw, 1024px\" \/> <img data-attachment-id=\"8484\" data-permalink=\"http:\/\/www.kjv-harheim.de\/index.php\/2025\/12\/01\/der-kjv-beim-ordensfest-der-foederation-europaeischer-narren-e-v-fen\/20251122_202105\/\" data-orig-file=\"http:\/\/www.kjv-harheim.de\/wp-content\/uploads\/2025\/12\/20251122_202105-scaled.jpg\" data-orig-size=\"2560,1441\" data-comments-opened=\"0\" data-image-meta=\"{&quot;aperture&quot;:&quot;1.8&quot;,&quot;credit&quot;:&quot;&quot;,&quot;camera&quot;:&quot;SM-G998B&quot;,&quot;caption&quot;:&quot;&quot;,&quot;created_timestamp&quot;:&quot;1763842865&quot;,&quot;copyright&quot;:&quot;&quot;,&quot;focal_length&quot;:&quot;6.7&quot;,&quot;iso&quot;:&quot;250&quot;,&quot;shutter_speed&quot;:&quot;0.01&quot;,&quot;title&quot;:&quot;&quot;,&quot;orientation&quot;:&quot;1&quot;}\" data-image-title=\"20251122_202105\" data-image-description=\"\" data-image-caption=\"\" data-medium-file=\"http:\/\/www.kjv-harheim.de\/wp-content\/uploads\/2025\/12\/20251122_202105-300x169.jpg\" data-large-file=\"http:\/\/www.kjv-harheim.de\/wp-content\/uploads\/2025\/12\/20251122_202105-1024x577.jpg\" decoding=\"async\" loading=\"lazy\" class=\"aligncenter size-large wp-image-8484\" src=\"http:\/\/www.kjv-harheim.de\/wp-content\/uploads\/2025\/12\/20251122_202105-1024x577.jpg\" alt=\"\" width=\"1024\" height=\"577\" srcset=\"http:\/\/www.kjv-harheim.de\/wp-content\/uploads\/2025\/12\/20251122_202105-1024x577.jpg 1024w, http:\/\/www.kjv-harheim.de\/wp-content\/uploads\/2025\/12\/20251122_202105-300x169.jpg 300w, http:\/\/www.kjv-harheim.de\/wp-content\/uploads\/2025\/12\/20251122_202105-768x432.jpg 768w, http:\/\/www.kjv-harheim.de\/wp-content\/uploads\/2025\/12\/20251122_202105-1536x865.jpg 1536w, http:\/\/www.kjv-harheim.de\/wp-content\/uploads\/2025\/12\/20251122_202105-2048x1153.jpg 2048w\" sizes=\"(max-width: 1024px) 100vw, 1024px\" \/> <img data-attachment-id=\"8486\" data-permalink=\"http:\/\/www.kjv-harheim.de\/index.php\/2025\/12\/01\/der-kjv-beim-ordensfest-der-foederation-europaeischer-narren-e-v-fen\/20251122_202244\/\" data-orig-file=\"http:\/\/www.kjv-harheim.de\/wp-content\/uploads\/2025\/12\/20251122_202244-scaled.jpg\" data-orig-size=\"2560,1441\" data-comments-opened=\"0\" data-image-meta=\"{&quot;aperture&quot;:&quot;1.8&quot;,&quot;credit&quot;:&quot;&quot;,&quot;camera&quot;:&quot;SM-G998B&quot;,&quot;caption&quot;:&quot;&quot;,&quot;created_timestamp&quot;:&quot;1763842964&quot;,&quot;copyright&quot;:&quot;&quot;,&quot;focal_length&quot;:&quot;6.7&quot;,&quot;iso&quot;:&quot;160&quot;,&quot;shutter_speed&quot;:&quot;0.02&quot;,&quot;title&quot;:&quot;&quot;,&quot;orientation&quot;:&quot;1&quot;}\" data-image-title=\"20251122_202244\" data-image-description=\"\" data-image-caption=\"\" data-medium-file=\"http:\/\/www.kjv-harheim.de\/wp-content\/uploads\/2025\/12\/20251122_202244-300x169.jpg\" data-large-file=\"http:\/\/www.kjv-harheim.de\/wp-content\/uploads\/2025\/12\/20251122_202244-1024x577.jpg\" decoding=\"async\" loading=\"lazy\" class=\"aligncenter size-large wp-image-8486\" src=\"http:\/\/www.kjv-harheim.de\/wp-content\/uploads\/2025\/12\/20251122_202244-1024x577.jpg\" alt=\"\" width=\"1024\" height=\"577\" srcset=\"http:\/\/www.kjv-harheim.de\/wp-content\/uploads\/2025\/12\/20251122_202244-1024x577.jpg 1024w, http:\/\/www.kjv-harheim.de\/wp-content\/uploads\/2025\/12\/20251122_202244-300x169.jpg 300w, http:\/\/www.kjv-harheim.de\/wp-content\/uploads\/2025\/12\/20251122_202244-768x432.jpg 768w, http:\/\/www.kjv-harheim.de\/wp-content\/uploads\/2025\/12\/20251122_202244-1536x865.jpg 1536w, http:\/\/www.kjv-harheim.de\/wp-content\/uploads\/2025\/12\/20251122_202244-2048x1153.jpg 2048w\" sizes=\"(max-width: 1024px) 100vw, 1024px\" \/> <img data-attachment-id=\"8487\" data-permalink=\"http:\/\/www.kjv-harheim.de\/index.php\/2025\/12\/01\/der-kjv-beim-ordensfest-der-foederation-europaeischer-narren-e-v-fen\/20251122_202436\/\" data-orig-file=\"http:\/\/www.kjv-harheim.de\/wp-content\/uploads\/2025\/12\/20251122_202436-scaled.jpg\" data-orig-size=\"2560,1441\" data-comments-opened=\"0\" data-image-meta=\"{&quot;aperture&quot;:&quot;2.4&quot;,&quot;credit&quot;:&quot;&quot;,&quot;camera&quot;:&quot;SM-G998B&quot;,&quot;caption&quot;:&quot;&quot;,&quot;created_timestamp&quot;:&quot;1763843076&quot;,&quot;copyright&quot;:&quot;&quot;,&quot;focal_length&quot;:&quot;9&quot;,&quot;iso&quot;:&quot;320&quot;,&quot;shutter_speed&quot;:&quot;0.01&quot;,&quot;title&quot;:&quot;&quot;,&quot;orientation&quot;:&quot;1&quot;}\" data-image-title=\"20251122_202436\" data-image-description=\"\" data-image-caption=\"\" data-medium-file=\"http:\/\/www.kjv-harheim.de\/wp-content\/uploads\/2025\/12\/20251122_202436-300x169.jpg\" data-large-file=\"http:\/\/www.kjv-harheim.de\/wp-content\/uploads\/2025\/12\/20251122_202436-1024x577.jpg\" decoding=\"async\" loading=\"lazy\" class=\"aligncenter size-large wp-image-8487\" src=\"http:\/\/www.kjv-harheim.de\/wp-content\/uploads\/2025\/12\/20251122_202436-1024x577.jpg\" alt=\"\" width=\"1024\" height=\"577\" srcset=\"http:\/\/www.kjv-harheim.de\/wp-content\/uploads\/2025\/12\/20251122_202436-1024x577.jpg 1024w, http:\/\/www.kjv-harheim.de\/wp-content\/uploads\/2025\/12\/20251122_202436-300x169.jpg 300w, http:\/\/www.kjv-harheim.de\/wp-content\/uploads\/2025\/12\/20251122_202436-768x432.jpg 768w, http:\/\/www.kjv-harheim.de\/wp-content\/uploads\/2025\/12\/20251122_202436-1536x865.jpg 1536w, http:\/\/www.kjv-harheim.de\/wp-content\/uploads\/2025\/12\/20251122_202436-2048x1153.jpg 2048w\" sizes=\"(max-width: 1024px) 100vw, 1024px\" \/> <img data-attachment-id=\"8488\" data-permalink=\"http:\/\/www.kjv-harheim.de\/index.php\/2025\/12\/01\/der-kjv-beim-ordensfest-der-foederation-europaeischer-narren-e-v-fen\/20251122_204837\/\" data-orig-file=\"http:\/\/www.kjv-harheim.de\/wp-content\/uploads\/2025\/12\/20251122_204837-scaled.jpg\" data-orig-size=\"2560,1152\" data-comments-opened=\"0\" data-image-meta=\"{&quot;aperture&quot;:&quot;1.8&quot;,&quot;credit&quot;:&quot;&quot;,&quot;camera&quot;:&quot;SM-G998B&quot;,&quot;caption&quot;:&quot;&quot;,&quot;created_timestamp&quot;:&quot;1763844517&quot;,&quot;copyright&quot;:&quot;&quot;,&quot;focal_length&quot;:&quot;6.7&quot;,&quot;iso&quot;:&quot;320&quot;,&quot;shutter_speed&quot;:&quot;0.02&quot;,&quot;title&quot;:&quot;&quot;,&quot;orientation&quot;:&quot;1&quot;}\" data-image-title=\"20251122_204837\" data-image-description=\"\" data-image-caption=\"\" data-medium-file=\"http:\/\/www.kjv-harheim.de\/wp-content\/uploads\/2025\/12\/20251122_204837-300x135.jpg\" data-large-file=\"http:\/\/www.kjv-harheim.de\/wp-content\/uploads\/2025\/12\/20251122_204837-1024x461.jpg\" decoding=\"async\" loading=\"lazy\" class=\"aligncenter size-large wp-image-8488\" src=\"http:\/\/www.kjv-harheim.de\/wp-content\/uploads\/2025\/12\/20251122_204837-1024x461.jpg\" alt=\"\" width=\"1024\" height=\"461\" srcset=\"http:\/\/www.kjv-harheim.de\/wp-content\/uploads\/2025\/12\/20251122_204837-1024x461.jpg 1024w, http:\/\/www.kjv-harheim.de\/wp-content\/uploads\/2025\/12\/20251122_204837-300x135.jpg 300w, http:\/\/www.kjv-harheim.de\/wp-content\/uploads\/2025\/12\/20251122_204837-768x346.jpg 768w, http:\/\/www.kjv-harheim.de\/wp-content\/uploads\/2025\/12\/20251122_204837-1536x691.jpg 1536w, http:\/\/www.kjv-harheim.de\/wp-content\/uploads\/2025\/12\/20251122_204837-2048x922.jpg 2048w\" sizes=\"(max-width: 1024px) 100vw, 1024px\" \/> <img data-attachment-id=\"8489\" data-permalink=\"http:\/\/www.kjv-harheim.de\/index.php\/2025\/12\/01\/der-kjv-beim-ordensfest-der-foederation-europaeischer-narren-e-v-fen\/20251122_214435\/\" data-orig-file=\"http:\/\/www.kjv-harheim.de\/wp-content\/uploads\/2025\/12\/20251122_214435-scaled.jpg\" data-orig-size=\"2560,1152\" data-comments-opened=\"0\" data-image-meta=\"{&quot;aperture&quot;:&quot;1.8&quot;,&quot;credit&quot;:&quot;&quot;,&quot;camera&quot;:&quot;SM-G998B&quot;,&quot;caption&quot;:&quot;&quot;,&quot;created_timestamp&quot;:&quot;1763847875&quot;,&quot;copyright&quot;:&quot;&quot;,&quot;focal_length&quot;:&quot;6.7&quot;,&quot;iso&quot;:&quot;160&quot;,&quot;shutter_speed&quot;:&quot;0.016666666&quot;,&quot;title&quot;:&quot;&quot;,&quot;orientation&quot;:&quot;1&quot;}\" data-image-title=\"20251122_214435\" data-image-description=\"\" data-image-caption=\"\" data-medium-file=\"http:\/\/www.kjv-harheim.de\/wp-content\/uploads\/2025\/12\/20251122_214435-300x135.jpg\" data-large-file=\"http:\/\/www.kjv-harheim.de\/wp-content\/uploads\/2025\/12\/20251122_214435-1024x461.jpg\" decoding=\"async\" loading=\"lazy\" class=\"aligncenter size-large wp-image-8489\" src=\"http:\/\/www.kjv-harheim.de\/wp-content\/uploads\/2025\/12\/20251122_214435-1024x461.jpg\" alt=\"\" width=\"1024\" height=\"461\" srcset=\"http:\/\/www.kjv-harheim.de\/wp-content\/uploads\/2025\/12\/20251122_214435-1024x461.jpg 1024w, http:\/\/www.kjv-harheim.de\/wp-content\/uploads\/2025\/12\/20251122_214435-300x135.jpg 300w, http:\/\/www.kjv-harheim.de\/wp-content\/uploads\/2025\/12\/20251122_214435-768x346.jpg 768w, http:\/\/www.kjv-harheim.de\/wp-content\/uploads\/2025\/12\/20251122_214435-1536x691.jpg 1536w, http:\/\/www.kjv-harheim.de\/wp-content\/uploads\/2025\/12\/20251122_214435-2048x922.jpg 2048w\" sizes=\"(max-width: 1024px) 100vw, 1024px\" \/> <img data-attachment-id=\"8490\" data-permalink=\"http:\/\/www.kjv-harheim.de\/index.php\/2025\/12\/01\/der-kjv-beim-ordensfest-der-foederation-europaeischer-narren-e-v-fen\/20251122_214437\/\" data-orig-file=\"http:\/\/www.kjv-harheim.de\/wp-content\/uploads\/2025\/12\/20251122_214437-scaled.jpg\" data-orig-size=\"2560,1152\" data-comments-opened=\"0\" data-image-meta=\"{&quot;aperture&quot;:&quot;1.8&quot;,&quot;credit&quot;:&quot;&quot;,&quot;camera&quot;:&quot;SM-G998B&quot;,&quot;caption&quot;:&quot;&quot;,&quot;created_timestamp&quot;:&quot;1763847877&quot;,&quot;copyright&quot;:&quot;&quot;,&quot;focal_length&quot;:&quot;6.7&quot;,&quot;iso&quot;:&quot;160&quot;,&quot;shutter_speed&quot;:&quot;0.025&quot;,&quot;title&quot;:&quot;&quot;,&quot;orientation&quot;:&quot;1&quot;}\" data-image-title=\"20251122_214437\" data-image-description=\"\" data-image-caption=\"\" data-medium-file=\"http:\/\/www.kjv-harheim.de\/wp-content\/uploads\/2025\/12\/20251122_214437-300x135.jpg\" data-large-file=\"http:\/\/www.kjv-harheim.de\/wp-content\/uploads\/2025\/12\/20251122_214437-1024x461.jpg\" decoding=\"async\" loading=\"lazy\" class=\"aligncenter size-large wp-image-8490\" src=\"http:\/\/www.kjv-harheim.de\/wp-content\/uploads\/2025\/12\/20251122_214437-1024x461.jpg\" alt=\"\" width=\"1024\" height=\"461\" srcset=\"http:\/\/www.kjv-harheim.de\/wp-content\/uploads\/2025\/12\/20251122_214437-1024x461.jpg 1024w, http:\/\/www.kjv-harheim.de\/wp-content\/uploads\/2025\/12\/20251122_214437-300x135.jpg 300w, http:\/\/www.kjv-harheim.de\/wp-content\/uploads\/2025\/12\/20251122_214437-768x346.jpg 768w, http:\/\/www.kjv-harheim.de\/wp-content\/uploads\/2025\/12\/20251122_214437-1536x691.jpg 1536w, http:\/\/www.kjv-harheim.de\/wp-content\/uploads\/2025\/12\/20251122_214437-2048x922.jpg 2048w\" sizes=\"(max-width: 1024px) 100vw, 1024px\" \/><\/p>\n<div style=\"width: 1170px;\" class=\"wp-video\"><!--[if lt IE 9]><script>document.createElement('video');<\/script><![endif]-->\n<video class=\"wp-video-shortcode\" id=\"video-8482-1\" width=\"1170\" height=\"658\" preload=\"metadata\" controls=\"controls\"><source type=\"video\/mp4\" src=\"http:\/\/www.kjv-harheim.de\/wp-content\/uploads\/2025\/12\/20251122_223607.mp4?_=1\" \/><a href=\"http:\/\/www.kjv-harheim.de\/wp-content\/uploads\/2025\/12\/20251122_223607.mp4\">http:\/\/www.kjv-harheim.de\/wp-content\/uploads\/2025\/12\/20251122_223607.mp4<\/a><\/video><\/div>\n","protected":false},"excerpt":{"rendered":"<p>Ein toller Auftritt unserer Garde am Ordensfest der FEN!Am 22. November lud die FEN gemeinsam mit den Vereinen Sachsenh\u00e4user Schnaken e.V., Zuggemeinschaft Heddemer K\u00e4wwern und \u201eDie Elfer\u201c aus Sachsenhausen zum Ordensfest in die Stadthalle Bergen. Wir danken nochmals ganz herzlich f\u00fcr die Einladung! Rund 650 Aktive und Passive aus vielen Fastnachtsvereinen verschiedenster Regionen waren anwesend, [&hellip;]<\/p>\n","protected":false},"author":8,"featured_media":0,"comment_status":"closed","ping_status":"open","sticky":false,"template":"","format":"standard","meta":{"jetpack_post_was_ever_published":false,"jetpack_publicize_message":"","jetpack_is_tweetstorm":false,"jetpack_publicize_feature_enabled":true,"jetpack_social_post_already_shared":true,"jetpack_social_options":{"image_generator_settings":{"template":"highway","enabled":false}}},"categories":[47,44,107],"tags":[119,70],"jetpack_publicize_connections":[],"jetpack_featured_media_url":"","jetpack_sharing_enabled":true,"jetpack_shortlink":"https:\/\/wp.me\/p7HeFu-2cO","jetpack-related-posts":[{"id":7605,"url":"http:\/\/www.kjv-harheim.de\/index.php\/2024\/03\/10\/garde-und-showtanzturnier\/","url_meta":{"origin":8482,"position":0},"title":"Garde- und Showtanzturnier","date":"10. M\u00e4rz 2024","format":false,"excerpt":"Unsere Garde hat am Wochenende 9. M\u00e4rz am Garde- und Showtanzwettbewerb der Freunde des Carneval Bad Homburg e.V. mit gro\u00dfem Erfolg teilgenommen! So ertanzten Sie sich von insgesamt 14 Gruppen den 9. Platz im Gardetanzwettbewerb und den 4. Platz von 17 Gruppen im Showtanzwettbewerb! Toll, dass ihr unseren Verein mit\u2026","rel":"","context":"In &quot;Bildergalerie&quot;","img":{"alt_text":"","src":"https:\/\/i0.wp.com\/www.kjv-harheim.de\/wp-content\/uploads\/2024\/03\/Urkunde-Showtanz-e1710091795864.jpg?resize=350%2C200","width":350,"height":200},"classes":[]},{"id":8281,"url":"http:\/\/www.kjv-harheim.de\/index.php\/2025\/03\/31\/der-kjv-und-harheim-feiern-fastnacht-ein-wochenende-voller-ueberraschungen-und-ausgelassener-stimmung\/","url_meta":{"origin":8482,"position":1},"title":"Der KJV und Harheim feiern Fastnacht &#8211; Ein Wochenende voller \u00dcberraschungen und ausgelassener Stimmung","date":"31. M\u00e4rz 2025","format":false,"excerpt":"Zur Bildergalerie Fastnacht 2025Der Startschuss f\u00fcr die Veranstaltungen zur n\u00e4rrischen Hochzeit war diesmal nicht dieWeiberfastnacht, die traditionell im Zwei-Jahres-Rhythmus ausgerichtet wird, sondern derMaskenball am Fastnachtssamstag.Maskenball Harheim feiert FastnachtDie Freiwillige Feuerwehr Harheim und der KJV Harheim veranstalteten auch in diesem Jahr wiederden legend\u00e4ren Maskenball am Fastnachtssamstag im B\u00fcrgerhaus Harheim. Egal ob\u2026","rel":"","context":"In &quot;+++ NEWS +++&quot;","img":{"alt_text":"","src":"","width":0,"height":0},"classes":[]},{"id":7723,"url":"http:\/\/www.kjv-harheim.de\/index.php\/2024\/04\/28\/die-fraternitaet-frankfurt-sucht-fahrer\/","url_meta":{"origin":8482,"position":2},"title":"Die Fraternit\u00e4t Frankfurt sucht Fahrer","date":"28. April 2024","format":false,"excerpt":"Der Verein Fraternit\u00e4t Behinderten Selbsthilfe e.V., mit dem wir die Fastnachtssitzung f\u00fcr Behinderte organisieren, sucht Ersatzfahrer die f\u00fcr einige Stunden ihren Fahrdienst unterst\u00fctzen. Alles was als Fahrer ben\u00f6tig wird, ist der PKW F\u00fchrerschein und ein Personen-bef\u00f6rderungsschein. F\u00fcr den Personenbef\u00f6rderungsschein ist ein Sehtest und ein personenbezogener Eignungstest zu erbringen. Die Kosten\u2026","rel":"","context":"In &quot;+++ NEWS +++&quot;","img":{"alt_text":"","src":"","width":0,"height":0},"classes":[]},{"id":6583,"url":"http:\/\/www.kjv-harheim.de\/index.php\/2021\/05\/11\/kjv-garde-unser-ffh-dreamteam-helft-mit\/","url_meta":{"origin":8482,"position":3},"title":"KJV Garde &#8211; unser FFH Dreamteam: helft mit!","date":"11. Mai 2021","format":false,"excerpt":"Liebe Mitglieder, liebe Freunde des KJV, liebe Fans der KJV Garde, der Radiosender FFH hat eine ganz phantastische Aktion ins Leben gerufen \"K\u00fcrt Euer FFH Dreamteam!\". Die KJV Garde hat sich beworben und braucht auf dem Weg zum Dreamteam unsere Unterst\u00fctzung :-) Wie wo was? Ganz einfach diesen Link aufrufen\u2026","rel":"","context":"In &quot;+++ NEWS +++&quot;","img":{"alt_text":"","src":"","width":0,"height":0},"classes":[]},{"id":5784,"url":"http:\/\/www.kjv-harheim.de\/index.php\/2018\/02\/21\/2-neue-gardetrainerinnen-gesucht\/","url_meta":{"origin":8482,"position":4},"title":"2 neue GardetrainerInnen gesucht","date":"21. Februar 2018","format":false,"excerpt":"We want you! Wir sind auf der Suche nach 2 neuen GardetrainerInnen, die unsere KJV-Garde unter die Fittiche nehmen. Das bist Du\u2026 -Du liebst Gardetanz? -Du hast Erfahrung mit dem Gardetraining, hast vielleicht sogar schon einmal eine Garde trainiert? -Du hast Freude daran, neue T\u00e4nze zu stellen und einzustudieren? -Du\u2026","rel":"","context":"In &quot;Fastnacht&quot;","img":{"alt_text":"","src":"","width":0,"height":0},"classes":[]},{"id":6589,"url":"http:\/\/www.kjv-harheim.de\/index.php\/2021\/08\/30\/raus-aus-de-schlappe-kjv-war-mit-dabei\/","url_meta":{"origin":8482,"position":5},"title":"&#8222;raus aus de&#8216; Schlabbe&#8220; &#8211; der KJV war mit dabei","date":"30. August 2021","format":false,"excerpt":"Corona hat, wie Sie sicher alle gesp\u00fcrt haben, auch das Leben in und f\u00fcr die Vereine heftig durcheinander gesch\u00fcttelt. Das hat auch vor dem KJV nicht Halt gemacht.Aber wir sind noch da, sind wieder da \u2013 und das wollte der KJV zusammen mit vielen anderen Frankfurter Vereinen am vergangenen Wochenende\u2026","rel":"","context":"In &quot;+++ NEWS +++&quot;","img":{"alt_text":"","src":"","width":0,"height":0},"classes":[]}],"_links":{"self":[{"href":"http:\/\/www.kjv-harheim.de\/index.php\/wp-json\/wp\/v2\/posts\/8482"}],"collection":[{"href":"http:\/\/www.kjv-harheim.de\/index.php\/wp-json\/wp\/v2\/posts"}],"about":[{"href":"http:\/\/www.kjv-harheim.de\/index.php\/wp-json\/wp\/v2\/types\/post"}],"author":[{"embeddable":true,"href":"http:\/\/www.kjv-harheim.de\/index.php\/wp-json\/wp\/v2\/users\/8"}],"replies":[{"embeddable":true,"href":"http:\/\/www.kjv-harheim.de\/index.php\/wp-json\/wp\/v2\/comments?post=8482"}],"version-history":[{"count":2,"href":"http:\/\/www.kjv-harheim.de\/index.php\/wp-json\/wp\/v2\/posts\/8482\/revisions"}],"predecessor-version":[{"id":8493,"href":"http:\/\/www.kjv-harheim.de\/index.php\/wp-json\/wp\/v2\/posts\/8482\/revisions\/8493"}],"wp:attachment":[{"href":"http:\/\/www.kjv-harheim.de\/index.php\/wp-json\/wp\/v2\/media?parent=8482"}],"wp:term":[{"taxonomy":"category","embeddable":true,"href":"http:\/\/www.kjv-harheim.de\/index.php\/wp-json\/wp\/v2\/categories?post=8482"},{"taxonomy":"post_tag","embeddable":true,"href":"http:\/\/www.kjv-harheim.de\/index.php\/wp-json\/wp\/v2\/tags?post=8482"}],"curies":[{"name":"wp","href":"https:\/\/api.w.org\/{rel}","templated":true}]}}