{"id":99,"date":"2010-04-20T01:22:48","date_gmt":"2010-04-19T23:22:48","guid":{"rendered":"http:\/\/www.kjv-harheim.de\/?p=99"},"modified":"2016-07-05T14:37:14","modified_gmt":"2016-07-05T12:37:14","slug":"vorbereitungen-fur-das-fest","status":"publish","type":"post","link":"http:\/\/www.kjv-harheim.de\/index.php\/2010\/04\/20\/vorbereitungen-fur-das-fest\/","title":{"rendered":"Vorbereitungen f\u00fcr das Fest"},"content":{"rendered":"<p>Kein Fest ohne Vorbereitung. Abgesehen von den ungez\u00e4hlten Sitzungen und Tagungen zog das Arbeitspensum in den Wochen vor dem gro\u00dfen Fest noch einmal merklich an:<\/p>\n<p>Plakate mussten aufgezogen und geh\u00e4ngt werden, die Ehrenpforte wurde gestellt, Birkenreiser wurden geschlagen und im Ort verteilt, Parkpl\u00e4tze mussten ermittelt und ausgewiesen werden, das Zelt wurde aufgebaut,\u2026<br \/>\nDie Liste lie\u00dfe sich sicherlich um gef\u00fchlte 1380 weitere Punkte erg\u00e4nzen.<\/p>\n<p>Kurz: es gab viel zu tun<\/p>\n<p style=\"text-align: center;\">[singlepic id=661 w=320 h=240 float=none]<\/p>\n","protected":false},"excerpt":{"rendered":"<p>Kein Fest ohne Vorbereitung. Abgesehen von den ungez\u00e4hlten Sitzungen und Tagungen zog das Arbeitspensum in den Wochen vor dem gro\u00dfen Fest noch einmal merklich an: Plakate mussten aufgezogen und geh\u00e4ngt werden, die Ehrenpforte wurde gestellt, Birkenreiser wurden geschlagen und im Ort verteilt, Parkpl\u00e4tze mussten ermittelt und ausgewiesen werden, das Zelt wurde aufgebaut,\u2026 Die Liste lie\u00dfe [&hellip;]<\/p>\n","protected":false},"author":1,"featured_media":0,"comment_status":"closed","ping_status":"closed","sticky":false,"template":"","format":"standard","meta":{"jetpack_post_was_ever_published":false,"jetpack_publicize_message":"","jetpack_is_tweetstorm":false,"jetpack_publicize_feature_enabled":true,"jetpack_social_post_already_shared":false,"jetpack_social_options":{"image_generator_settings":{"template":"highway","enabled":false}}},"categories":[38],"tags":[58],"jetpack_publicize_connections":[],"jetpack_featured_media_url":"","jetpack_sharing_enabled":true,"jetpack_shortlink":"https:\/\/wp.me\/p7HeFu-1B","jetpack-related-posts":[{"id":8019,"url":"http:\/\/www.kjv-harheim.de\/index.php\/2024\/07\/28\/summertime-2024-ein-rueckblick\/","url_meta":{"origin":99,"position":0},"title":"Summertime 2024 &#8211; ein R\u00fcckblick","date":"28. Juli 2024","format":false,"excerpt":"Wie viel Spa\u00df es macht, in Gemeinschaft etwas auf die Beine zu stellen haben wir einmal mehr an unserem Fest am Born erfahren. Nur mit vielen Helferinnen und Helfern ist es \u00fcberhaupt m\u00f6glich das Fest stattfinden zu lassen. Deshalb sei auch hier noch einmal allen gedankt, ob Mitglied oder nicht\u2026","rel":"","context":"In &quot;Bildergalerie&quot;","img":{"alt_text":"","src":"https:\/\/i0.wp.com\/www.kjv-harheim.de\/wp-content\/uploads\/2024\/07\/IMG-20240623-WA0007-1.jpg?resize=350%2C200","width":350,"height":200},"classes":[]},{"id":7415,"url":"http:\/\/www.kjv-harheim.de\/index.php\/2023\/05\/26\/summertime-am-born-bornfest\/","url_meta":{"origin":99,"position":1},"title":"Summertime am Born 2023","date":"26. Mai 2023","format":false,"excerpt":"Es war ein tolles Fest! Am\u00a024. und 25. Juni 2023 feierten wir wieder unser Fest am Born. Dieser wundersch\u00f6ne Ort, der Born \u2013 die Wasserquelle an der Riedhalsstra\u00dfe \u2013 umgeben von einer idyllischen gr\u00fcnen Anlage lud ein zum sommerlichen Beisammensein! Zum ersten Mal sorgte am Samstag den 24. Juni eine\u2026","rel":"","context":"In &quot;Summertime am Born \/ Bornfest&quot;","img":{"alt_text":"","src":"https:\/\/i0.wp.com\/www.kjv-harheim.de\/wp-content\/uploads\/2023\/07\/20230624_221838-1-scaled-e1715189509589.jpg?resize=350%2C200","width":350,"height":200},"classes":[]},{"id":8324,"url":"http:\/\/www.kjv-harheim.de\/index.php\/2025\/06\/05\/rueckblick-tanz-in-den-mai-schoppenturnier\/","url_meta":{"origin":99,"position":2},"title":"R\u00fcckblick: Tanz in den Mai \/ Schoppenturnier","date":"5. Juni 2025","format":false,"excerpt":"Zugegeben \u2013 das mit dem TANZEN in den Mai hat nicht geklappt, trotzdem war es ein fr\u00f6hlicher und unterhaltsamer Abend bei prima Wetter! Was das TANZEN angeht \u2013 versprochen \u2013 wir arbeiten daran! Die selbstgemachte Maibowle schmeckte sehr lecker und wurde noch am Abend ausgetrunken. Neu in diesem Jahr war\u2026","rel":"","context":"In &quot;+++ NEWS +++&quot;","img":{"alt_text":"","src":"https:\/\/i0.wp.com\/www.kjv-harheim.de\/wp-content\/uploads\/2025\/06\/IMG_3661-scaled.jpeg?resize=350%2C200","width":350,"height":200},"classes":[]},{"id":3680,"url":"http:\/\/www.kjv-harheim.de\/index.php\/2010\/08\/02\/freitag\/","url_meta":{"origin":99,"position":3},"title":"100 Jahre KJV \u2013 Freitag","date":"2. August 2010","format":false,"excerpt":"Festwochenende \u2013 Freitag, 25.06.2010 ENDLICH... Endlich geht es los... Nach monatelanger Vorbereitung ist das gro\u00dfe Festwochenende da. Alle Organisierer, Handwerker, Denker und auch die Skeptiker sind voller Erwartungen und gro\u00dfer Freude. Der\u00a0Hessische Rundfunk\u00a0ist mit seiner HR3-Clipparty da, die Parkplatzw\u00e4chter stehen bereit, Eintrittskarten warten darauf, endlich gekauft zu werden, Getr\u00e4nke und\u2026","rel":"","context":"In &quot;100Jahre KJV&quot;","img":{"alt_text":"","src":"","width":0,"height":0},"classes":[]},{"id":3684,"url":"http:\/\/www.kjv-harheim.de\/index.php\/2010\/09\/04\/sonntag\/","url_meta":{"origin":99,"position":4},"title":"100 Jahre KJV \u2013 Sonntag","date":"4. September 2010","format":false,"excerpt":"Festwochenende \u2013 Sonntag, 27.06.2010 Nun lag also auch der Samstagabend schon hinter uns, und bereits am fr\u00fchen Morgen trafen sich die Helfer wieder, um das Zelt und die B\u00fchne f\u00fcr den Festgottesdienst zu schm\u00fccken und zu dekorieren. Um 10 Uhr fand mit einem feierlichen Einzug beginnend eine wundervolle Messe statt.\u2026","rel":"","context":"In &quot;100Jahre KJV&quot;","img":{"alt_text":"","src":"","width":0,"height":0},"classes":[]},{"id":3523,"url":"http:\/\/www.kjv-harheim.de\/index.php\/2016\/07\/04\/bornfest-2016\/","url_meta":{"origin":99,"position":5},"title":"Bornfest 2016","date":"4. Juli 2016","format":false,"excerpt":"Das Bornfest 2016 fand am 25. und 26. Juni statt. Bereits am Freitag wurde flei\u00dfig aufgebaut, das Zelt wurde aufgerichtet und die Weinlaube an ihren gewohnten Ort -\u00fcber dem Born thronend- gebracht. Die angek\u00fcndigten Unwetter verschonten uns gl\u00fccklicher Weise, so dass wir im Trockenen schalten und walten konnten. Am Samstag\u2026","rel":"","context":"In &quot;Feste&quot;","img":{"alt_text":"","src":"","width":0,"height":0},"classes":[]}],"_links":{"self":[{"href":"http:\/\/www.kjv-harheim.de\/index.php\/wp-json\/wp\/v2\/posts\/99"}],"collection":[{"href":"http:\/\/www.kjv-harheim.de\/index.php\/wp-json\/wp\/v2\/posts"}],"about":[{"href":"http:\/\/www.kjv-harheim.de\/index.php\/wp-json\/wp\/v2\/types\/post"}],"author":[{"embeddable":true,"href":"http:\/\/www.kjv-harheim.de\/index.php\/wp-json\/wp\/v2\/users\/1"}],"replies":[{"embeddable":true,"href":"http:\/\/www.kjv-harheim.de\/index.php\/wp-json\/wp\/v2\/comments?post=99"}],"version-history":[{"count":1,"href":"http:\/\/www.kjv-harheim.de\/index.php\/wp-json\/wp\/v2\/posts\/99\/revisions"}],"predecessor-version":[{"id":3482,"href":"http:\/\/www.kjv-harheim.de\/index.php\/wp-json\/wp\/v2\/posts\/99\/revisions\/3482"}],"wp:attachment":[{"href":"http:\/\/www.kjv-harheim.de\/index.php\/wp-json\/wp\/v2\/media?parent=99"}],"wp:term":[{"taxonomy":"category","embeddable":true,"href":"http:\/\/www.kjv-harheim.de\/index.php\/wp-json\/wp\/v2\/categories?post=99"},{"taxonomy":"post_tag","embeddable":true,"href":"http:\/\/www.kjv-harheim.de\/index.php\/wp-json\/wp\/v2\/tags?post=99"}],"curies":[{"name":"wp","href":"https:\/\/api.w.org\/{rel}","templated":true}]}}